{"id":107085,"date":"2020-09-08T10:41:44","date_gmt":"2020-09-08T10:41:44","guid":{"rendered":"https:\/\/www.animamacau.org\/?p=107085"},"modified":"2020-09-11T10:44:36","modified_gmt":"2020-09-11T10:44:36","slug":"anima-regresso-de-setembro-sppc2385-blacky-ii","status":"publish","type":"post","link":"https:\/\/www.animamacau.org\/pt-pt\/anima-regresso-de-setembro-sppc2385-blacky-ii\/","title":{"rendered":"Anima-Regresso de setembro (SPPC2385-Blacky II)!"},"content":{"rendered":"<p><strong>&lt;08-08-2020&gt;<\/strong><\/p>\n<p><span style=\"color: #0000ff\"><strong>SPPC2385-Blacky II (M), com cerca de tr\u00eas anos de idade, encontra-se agora sob o nosso Programa de Protec\u00e7\u00e3o Especial (PPE), sob a responsabilidade da Sra. Carla na Cal\u00e7ada da Igreja de S\u00e3o L\u00e1zaro.<\/strong><\/span><br \/>\n<span style=\"color: #ff0000\">Sra. Carla relatou que havia um gato macho cinza pelo p\u00e1tio e que parecia estar com dor de todas as picadas de parasitas na sua pele.<\/span><br \/>\n<span style=\"color: #ff0000\">Nossa equipa de resgate acabou por apanhar SPPC2385-Blacky II, um gato mais escuro e mais magro, transportando-o diretamente a uma cl\u00ednica.<\/span><br \/>\n<span style=\"color: #ff0000\">Ap\u00f3s consulta, SPPC2385-Blacky II foi desparasitado e desinfetado.<\/span><br \/>\n<span style=\"color: #ff0000\">SPPC2385-Blacky II voltou hoje ao seu local ap\u00f3s esteriliza\u00e7\u00e3o.<\/span><br \/>\n<strong><span style=\"color: #0000ff\">Obrigada, Sra. Carla!<\/span><\/strong><\/p>\n<p><em><strong>Por favor, ajude-nos a ajud\u00e1-los!<\/strong><\/em><br \/>\n<em><strong>Se deseja ajudar, ajude-nos adotando ou acolhendo!<\/strong><\/em><br \/>\n<em><strong>Nunca abandone o seu animal de estima\u00e7\u00e3o! Abandonar um animal de estima\u00e7\u00e3o devia ser considerado Crime!<\/strong><\/em><\/p>\n<p>&nbsp;<\/p>\n<p><span style=\"color: #ff0000\"><em>Ajude-nos doando para:<\/em> <\/span><br \/>\n<strong><span style=\"color: #ff0000\">ANIMA \u2013 Sociedade Protetora dos Animais de Macau<\/span><\/strong><br \/>\n<span style=\"color: #ff0000\">para as seguintes contas:<\/span><br \/>\n<span style=\"color: #ff0000\"><strong><span style=\"color: #0000ff\">Banco Nacional Ultramarino<\/span><\/strong>, MOP conta n\u00famero 9003472840<\/span><br \/>\n<span style=\"color: #ff0000\">SWIFT BNULMOMX<\/span><br \/>\n<span style=\"color: #ff0000\"><strong><span style=\"color: #0000ff\">Banco da China<\/span><\/strong>, MOP conta n\u00famero 01-01-20-794318<\/span><br \/>\n<span style=\"color: #ff0000\">SWIFT BKCHMOMX<\/span><br \/>\n<span style=\"color: #ff0000\"><span style=\"color: #0000ff\"><strong>ICBC<\/strong><\/span>, MOP conta n\u00famero 0119100200000960934<\/span><br \/>\n<span style=\"color: #ff0000\">(ICBC jetco, favor de n\u00e3o inserir os tr\u00eas primeiros d\u00edgitos)<\/span><br \/>\n<span style=\"color: #ff0000\">SWIFT ICBKMOMX<\/span><br \/>\n<span style=\"color: #ff0000\"><span style=\"color: #0000ff\"><strong>Banco Tai Fung<\/strong><\/span>, MOP conta n\u00famero 201-1-10530-7<\/span><br \/>\n<span style=\"color: #ff0000\"><span style=\"color: #0000ff\"><strong>Banco Tai Fung<\/strong><\/span>, HKD conta n\u00famero 101-1-12983-3<\/span><br \/>\n<span style=\"color: #ff0000\">SWIFT TFBLMOMX<\/span><br \/>\n<span style=\"color: #ff0000\"><span style=\"color: #0000ff\"><strong>PayPal<\/strong><\/span>, albano@animamacau.org<\/span><br \/>\n<em><span style=\"color: #ff0000\">e informe-nos da sua doa\u00e7\u00e3o para anima@macau.ctm.net ou info@animamacau.org<\/span><\/em><\/p>\n<p>&nbsp;<\/p>\n","protected":false},"excerpt":{"rendered":"<p>&lt;08-08-2020&gt; SPPC2385-Blacky II (M), com cerca de tr\u00eas anos de idade, encontra-se agora sob o nosso Programa de Protec\u00e7\u00e3o Especial (PPE), sob a responsabilidade da Sra. Carla na Cal\u00e7ada da Igreja de S\u00e3o L\u00e1zaro. Sra. Carla relatou que havia um gato macho cinza pelo p\u00e1tio e que parecia estar com dor de todas as picadas de parasitas na sua pele. Nossa equipa de resgate acabou por apanhar SPPC2385-Blacky II, um gato mais escuro e mais magro, transportando-o diretamente a uma cl\u00ednica. Ap\u00f3s consulta, SPPC2385-Blacky II foi desparasitado e desinfetado. SPPC2385-Blacky II voltou hoje ao seu local ap\u00f3s esteriliza\u00e7\u00e3o. Obrigada, Sra. Carla! Por favor, ajude-nos a ajud\u00e1-los! Se deseja ajudar, ajude-nos adotando ou acolhendo! Nunca abandone o seu animal de estima\u00e7\u00e3o! Abandonar um animal de estima\u00e7\u00e3o devia ser considerado Crime! &nbsp; Ajude-nos doando para: ANIMA \u2013 Sociedade Protetora dos Animais de Macau para as seguintes contas:&#8230;<\/p>\n","protected":false},"author":1,"featured_media":107083,"comment_status":"closed","ping_status":"open","sticky":false,"template":"","format":"standard","meta":{"_acf_changed":false,"footnotes":""},"categories":[296,271],"tags":[],"class_list":["post-107085","post","type-post","status-publish","format-standard","has-post-thumbnail","hentry","category-animais-devolvidos","category-noticias"],"acf":[],"_links":{"self":[{"href":"https:\/\/www.animamacau.org\/pt-pt\/wp-json\/wp\/v2\/posts\/107085","targetHints":{"allow":["GET"]}}],"collection":[{"href":"https:\/\/www.animamacau.org\/pt-pt\/wp-json\/wp\/v2\/posts"}],"about":[{"href":"https:\/\/www.animamacau.org\/pt-pt\/wp-json\/wp\/v2\/types\/post"}],"author":[{"embeddable":true,"href":"https:\/\/www.animamacau.org\/pt-pt\/wp-json\/wp\/v2\/users\/1"}],"replies":[{"embeddable":true,"href":"https:\/\/www.animamacau.org\/pt-pt\/wp-json\/wp\/v2\/comments?post=107085"}],"version-history":[{"count":1,"href":"https:\/\/www.animamacau.org\/pt-pt\/wp-json\/wp\/v2\/posts\/107085\/revisions"}],"predecessor-version":[{"id":107086,"href":"https:\/\/www.animamacau.org\/pt-pt\/wp-json\/wp\/v2\/posts\/107085\/revisions\/107086"}],"wp:featuredmedia":[{"embeddable":true,"href":"https:\/\/www.animamacau.org\/pt-pt\/wp-json\/wp\/v2\/media\/107083"}],"wp:attachment":[{"href":"https:\/\/www.animamacau.org\/pt-pt\/wp-json\/wp\/v2\/media?parent=107085"}],"wp:term":[{"taxonomy":"category","embeddable":true,"href":"https:\/\/www.animamacau.org\/pt-pt\/wp-json\/wp\/v2\/categories?post=107085"},{"taxonomy":"post_tag","embeddable":true,"href":"https:\/\/www.animamacau.org\/pt-pt\/wp-json\/wp\/v2\/tags?post=107085"}],"curies":[{"name":"wp","href":"https:\/\/api.w.org\/{rel}","templated":true}]}}