{"id":107748,"date":"2020-09-24T21:48:15","date_gmt":"2020-09-24T21:48:15","guid":{"rendered":"https:\/\/www.animamacau.org\/?p=107748"},"modified":"2020-09-25T22:15:54","modified_gmt":"2020-09-25T22:15:54","slug":"anima-azeo-is-looking-for-a-new-home","status":"publish","type":"post","link":"https:\/\/www.animamacau.org\/pt-pt\/anima-azeo-is-looking-for-a-new-home\/","title":{"rendered":"Anima-Azeo procura uma nova Fam\u00edlia!"},"content":{"rendered":"<p><strong>&lt;24-09-2020&gt;<\/strong><\/p>\n<p><span style=\"color: #ff0000\">Azeo (M), com cerca de tr\u00eas anos, foi resgatado pela Anima no dia 24 de setembro de 2020, ap\u00f3s uma mensagem da Sra. Karmini, pedindo a nossa ajuda, pois ter\u00e1 que voltar para a Indon\u00e9sia, seu pa\u00eds natal, e n\u00e3o tem hip\u00f3tese de levar Azeo consigo.<\/span><br \/>\n<span style=\"color: #ff0000\">Azeo \u00e9 castrado e vacinado.<\/span><br \/>\n<span style=\"color: #ff0000\">Sua personalidade \u00e9 descrita como alegre, muito ativo, comunicativo e brincalh\u00e3o!<\/span><br \/>\n<span style=\"color: #ff0000\">Azeo tamb\u00e9m adora abra\u00e7ar!<\/span><br \/>\n<span style=\"color: #ff0000\">Se acha que \u00e9 a pessoa indicada, n\u00e3o hesite em contactar-nos ou \u00e0 Sra. Karmini atrav\u00e9s do n\u00famero +853 65244798.<\/span><br \/>\n<span style=\"color: #ff0000\">Por favor, compartilhe esta mensagem para que possamos encontrar uma casa para ele o mais r\u00e1pido poss\u00edvel.<\/span><br \/>\n<span style=\"color: #0000ff\"><strong>Obrigada pelo seu apoio!<\/strong><\/span><\/p>\n<p><span style=\"color: #000000\"><em><strong>Por favor, ajude-nos a ajud\u00e1-los!<\/strong><\/em><\/span><br \/>\n<span style=\"color: #000000\"><em><strong>Se deseja ajudar, ajude-nos adotando ou acolhendo!<\/strong><\/em><\/span><br \/>\n<span style=\"color: #000000\"><em><strong>Nunca abandone o seu animal de estima\u00e7\u00e3o! Abandonar um animal de estima\u00e7\u00e3o devia ser considerado Crime!<\/strong><\/em><\/span><\/p>\n<p>&nbsp;<\/p>\n<p><span style=\"color: #ff0000\"><em>Ajude-nos doando para:<\/em> <\/span><br \/>\n<strong><span style=\"color: #ff0000\">ANIMA \u2013 Sociedade Protetora dos Animais de Macau<\/span><\/strong><br \/>\n<span style=\"color: #ff0000\">para as seguintes contas:<\/span><br \/>\n<span style=\"color: #ff0000\"><strong><span style=\"color: #0000ff\">Banco Nacional Ultramarino<\/span><\/strong>, MOP conta n\u00famero 9003472840<\/span><br \/>\n<span style=\"color: #ff0000\">SWIFT BNULMOMX<\/span><br \/>\n<span style=\"color: #ff0000\"><strong><span style=\"color: #0000ff\">Banco da China<\/span><\/strong>, MOP conta n\u00famero 01-01-20-794318<\/span><br \/>\n<span style=\"color: #ff0000\">SWIFT BKCHMOMX<\/span><br \/>\n<span style=\"color: #ff0000\"><span style=\"color: #0000ff\"><strong>ICBC<\/strong><\/span>, MOP conta n\u00famero 0119100200000960934<\/span><br \/>\n<span style=\"color: #ff0000\">(ICBC jetco, favor de n\u00e3o inserir os tr\u00eas primeiros d\u00edgitos)<\/span><br \/>\n<span style=\"color: #ff0000\">SWIFT ICBKMOMX<\/span><br \/>\n<span style=\"color: #ff0000\"><span style=\"color: #0000ff\"><strong>Banco Tai Fung<\/strong><\/span>, MOP conta n\u00famero 201-1-10530-7<\/span><br \/>\n<span style=\"color: #ff0000\"><span style=\"color: #0000ff\"><strong>Banco Tai Fung<\/strong><\/span>, HKD conta n\u00famero 101-1-12983-3<\/span><br \/>\n<span style=\"color: #ff0000\">SWIFT TFBLMOMX<\/span><br \/>\n<span style=\"color: #ff0000\"><span style=\"color: #0000ff\"><strong>PayPal<\/strong><\/span>, albano@animamacau.org<\/span><br \/>\n<em><span style=\"color: #ff0000\">e informe-nos da sua doa\u00e7\u00e3o para anima@macau.ctm.net ou info@animamacau.org<\/span><\/em><\/p>\n\n\t\t<style type=\"text\/css\">\n\t\t\t#gallery-2 {\n\t\t\t\tmargin: auto;\n\t\t\t}\n\t\t\t#gallery-2 .gallery-item {\n\t\t\t\tfloat: left;\n\t\t\t\tmargin-top: 10px;\n\t\t\t\ttext-align: center;\n\t\t\t\twidth: 33%;\n\t\t\t}\n\t\t\t#gallery-2 img {\n\t\t\t\tborder: 2px solid #cfcfcf;\n\t\t\t}\n\t\t\t#gallery-2 .gallery-caption {\n\t\t\t\tmargin-left: 0;\n\t\t\t}\n\t\t\t\/* see gallery_shortcode() in wp-includes\/media.php *\/\n\t\t<\/style>\n\t\t<div id='gallery-2' class='gallery galleryid-107748 gallery-columns-3 gallery-size-thumbnail'><dl class='gallery-item'>\n\t\t\t<dt class='gallery-icon landscape'>\n\t\t\t\t<a href='https:\/\/www.animamacau.org\/pt-pt\/anima-azeo-is-looking-for-a-new-home\/azeo-m3-2\/'><img loading=\"lazy\" decoding=\"async\" width=\"150\" height=\"150\" src=\"https:\/\/www.animamacau.org\/wp-content\/uploads\/2020\/09\/Azeo-M3-150x150.jpg\" class=\"attachment-thumbnail size-thumbnail\" alt=\"\" \/><\/a>\n\t\t\t<\/dt><\/dl><dl class='gallery-item'>\n\t\t\t<dt class='gallery-icon landscape'>\n\t\t\t\t<a href='https:\/\/www.animamacau.org\/pt-pt\/anima-azeo-is-looking-for-a-new-home\/azeo-m2-2\/'><img loading=\"lazy\" decoding=\"async\" width=\"150\" height=\"150\" src=\"https:\/\/www.animamacau.org\/wp-content\/uploads\/2020\/09\/Azeo-M2-150x150.jpg\" class=\"attachment-thumbnail size-thumbnail\" alt=\"\" \/><\/a>\n\t\t\t<\/dt><\/dl><dl class='gallery-item'>\n\t\t\t<dt class='gallery-icon landscape'>\n\t\t\t\t<a href='https:\/\/www.animamacau.org\/pt-pt\/anima-azeo-is-looking-for-a-new-home\/azeo-m1-2\/'><img loading=\"lazy\" decoding=\"async\" width=\"150\" height=\"150\" src=\"https:\/\/www.animamacau.org\/wp-content\/uploads\/2020\/09\/Azeo-M1-150x150.jpg\" class=\"attachment-thumbnail size-thumbnail\" alt=\"\" \/><\/a>\n\t\t\t<\/dt><\/dl><br style=\"clear: both\" \/>\n\t\t<\/div>\n\n","protected":false},"excerpt":{"rendered":"<p>&lt;24-09-2020&gt; Azeo (M), com cerca de tr\u00eas anos, foi resgatado pela Anima no dia 24 de setembro de 2020, ap\u00f3s uma mensagem da Sra. Karmini, pedindo a nossa ajuda, pois ter\u00e1 que voltar para a Indon\u00e9sia, seu pa\u00eds natal, e n\u00e3o tem hip\u00f3tese de levar Azeo consigo. Azeo \u00e9 castrado e vacinado. Sua personalidade \u00e9 descrita como alegre, muito ativo, comunicativo e brincalh\u00e3o! Azeo tamb\u00e9m adora abra\u00e7ar! Se acha que \u00e9 a pessoa indicada, n\u00e3o hesite em contactar-nos ou \u00e0 Sra. Karmini atrav\u00e9s do n\u00famero +853 65244798. Por favor, compartilhe esta mensagem para que possamos encontrar uma casa para ele o mais r\u00e1pido poss\u00edvel. Obrigada pelo seu apoio! Por favor, ajude-nos a ajud\u00e1-los! Se deseja ajudar, ajude-nos adotando ou acolhendo! Nunca abandone o seu animal de estima\u00e7\u00e3o! Abandonar um animal de estima\u00e7\u00e3o devia ser considerado Crime! &nbsp; Ajude-nos doando para: ANIMA \u2013 Sociedade Protetora dos&#8230;<\/p>\n","protected":false},"author":1,"featured_media":107757,"comment_status":"closed","ping_status":"open","sticky":false,"template":"","format":"gallery","meta":{"_acf_changed":false,"footnotes":""},"categories":[271,303],"tags":[],"class_list":["post-107748","post","type-post","status-publish","format-gallery","has-post-thumbnail","hentry","category-noticias","category-cantinho-comunidade","post_format-post-format-gallery"],"acf":[],"_links":{"self":[{"href":"https:\/\/www.animamacau.org\/pt-pt\/wp-json\/wp\/v2\/posts\/107748","targetHints":{"allow":["GET"]}}],"collection":[{"href":"https:\/\/www.animamacau.org\/pt-pt\/wp-json\/wp\/v2\/posts"}],"about":[{"href":"https:\/\/www.animamacau.org\/pt-pt\/wp-json\/wp\/v2\/types\/post"}],"author":[{"embeddable":true,"href":"https:\/\/www.animamacau.org\/pt-pt\/wp-json\/wp\/v2\/users\/1"}],"replies":[{"embeddable":true,"href":"https:\/\/www.animamacau.org\/pt-pt\/wp-json\/wp\/v2\/comments?post=107748"}],"version-history":[{"count":4,"href":"https:\/\/www.animamacau.org\/pt-pt\/wp-json\/wp\/v2\/posts\/107748\/revisions"}],"predecessor-version":[{"id":107765,"href":"https:\/\/www.animamacau.org\/pt-pt\/wp-json\/wp\/v2\/posts\/107748\/revisions\/107765"}],"wp:featuredmedia":[{"embeddable":true,"href":"https:\/\/www.animamacau.org\/pt-pt\/wp-json\/wp\/v2\/media\/107757"}],"wp:attachment":[{"href":"https:\/\/www.animamacau.org\/pt-pt\/wp-json\/wp\/v2\/media?parent=107748"}],"wp:term":[{"taxonomy":"category","embeddable":true,"href":"https:\/\/www.animamacau.org\/pt-pt\/wp-json\/wp\/v2\/categories?post=107748"},{"taxonomy":"post_tag","embeddable":true,"href":"https:\/\/www.animamacau.org\/pt-pt\/wp-json\/wp\/v2\/tags?post=107748"}],"curies":[{"name":"wp","href":"https:\/\/api.w.org\/{rel}","templated":true}]}}