{"id":110021,"date":"2020-11-19T22:17:42","date_gmt":"2020-11-19T22:17:42","guid":{"rendered":"https:\/\/www.animamacau.org\/?p=110021"},"modified":"2020-11-20T16:16:09","modified_gmt":"2020-11-20T16:16:09","slug":"anima-resgate-de-novembro-b180-joseph","status":"publish","type":"post","link":"https:\/\/www.animamacau.org\/pt-pt\/anima-resgate-de-novembro-b180-joseph\/","title":{"rendered":"Anima\u2013Resgate de novembro (C2428-Rego)!"},"content":{"rendered":"<p><strong>&lt;19-11-2020&gt;<\/strong><\/p>\n<p><span style=\"color: #0000ff\"><strong>C2428-Rego (M), com cerca de dois anos, foi resgatado pela Anima no dia 19 de novembro de 2020, ap\u00f3s um dos nossos membros, Sra. Mandy, encontrar um gato muito meigo e limpo, com parte da orelha aparada perto de uma paragem de autocarros (Edf. Sunny View Garden) numa rua bastante movimentada da Avenida do Coronel Mesquita.<\/strong><\/span><br \/>\n<span style=\"color: #ff0000\">Al\u00e9m de uma loja de incenso nas proximidades estar aberta, as lojas restantes foram fechadas.<\/span><br \/>\n<span style=\"color: #ff0000\">O gato foi levado para o nosso Para\u00edso dos Gatos.<\/span><br \/>\n<span style=\"color: #ff0000\">Anima informou I.A.M. do n\u00famero do microchip de C2428-Rego.<\/span><br \/>\n<span style=\"color: #ff0000\">De acordo com o I.A.M., o gato foi adoptado do Canil de Macau em agosto deste ano.<\/span><br \/>\n<span style=\"color: #ff0000\">O dono do gato ser\u00e1 contatado e o I.A.M. tomar\u00e1 as suas pr\u00f3prias medidas para prosseguir com o caso.<\/span><br \/>\n<span style=\"color: #ff0000\">Anima coopera com I.A.M. para salvar o maior n\u00famero de animais poss\u00edvel e manter o seu bem-estar.<\/span><br \/>\n<span style=\"color: #0000ff\"><strong>Obrigada, Sra. Mandy!<\/strong><\/span><\/p>\n<p><em><strong>Por favor ajude-nos a ajud\u00e1-los!<\/strong><\/em><br \/>\n<em><strong>Nunca abandone o seu animal de estima\u00e7\u00e3o! Abandonar um animal de estima\u00e7\u00e3o \u00e9 abandonar um membro da fam\u00edlia e devia ser considerado crime!<\/strong> <\/em><\/p>\n<p>&nbsp;<\/p>\n<p><span style=\"color: #ff0000\"><em>Ajude-nos doando para:<\/em> <\/span><br \/>\n<strong><span style=\"color: #ff0000\">ANIMA \u2013 Sociedade Protetora dos Animais de Macau<\/span><\/strong><br \/>\n<span style=\"color: #ff0000\">para as seguintes contas:<\/span><br \/>\n<span style=\"color: #ff0000\"><strong><span style=\"color: #0000ff\">Banco Nacional Ultramarino<\/span><\/strong>, MOP conta n\u00famero 9003472840<\/span><br \/>\n<span style=\"color: #ff0000\">SWIFT BNULMOMX<\/span><br \/>\n<span style=\"color: #ff0000\"><strong><span style=\"color: #0000ff\">Banco da China<\/span><\/strong>, MOP conta n\u00famero 01-01-20-794318<\/span><br \/>\n<span style=\"color: #ff0000\">SWIFT BKCHMOMX<\/span><br \/>\n<span style=\"color: #ff0000\"><span style=\"color: #0000ff\"><strong>ICBC<\/strong><\/span>, MOP conta n\u00famero 0119100200000960934<\/span><br \/>\n<span style=\"color: #ff0000\">(ICBC jetco, favor de n\u00e3o inserir os tr\u00eas primeiros d\u00edgitos)<\/span><br \/>\n<span style=\"color: #ff0000\">SWIFT ICBKMOMX<\/span><br \/>\n<span style=\"color: #ff0000\"><span style=\"color: #0000ff\"><strong>Banco Tai Fung<\/strong><\/span>, MOP conta n\u00famero 201-1-10530-7<\/span><br \/>\n<span style=\"color: #ff0000\"><span style=\"color: #0000ff\"><strong>Banco Tai Fung<\/strong><\/span>, HKD conta n\u00famero 101-1-12983-3<\/span><br \/>\n<span style=\"color: #ff0000\">SWIFT TFBLMOMX<\/span><br \/>\n<span style=\"color: #ff0000\"><span style=\"color: #0000ff\"><strong>PayPal<\/strong><\/span>, albano@animamacau.org<\/span><br \/>\n<em><span style=\"color: #ff0000\">e informe-nos da sua doa\u00e7\u00e3o para anima@macau.ctm.net ou info@animamacau.org<\/span><\/em><\/p>\n<p>&nbsp;<\/p>\n","protected":false},"excerpt":{"rendered":"<p>&lt;19-11-2020&gt; C2428-Rego (M), com cerca de dois anos, foi resgatado pela Anima no dia 19 de novembro de 2020, ap\u00f3s um dos nossos membros, Sra. Mandy, encontrar um gato muito meigo e limpo, com parte da orelha aparada perto de uma paragem de autocarros (Edf. Sunny View Garden) numa rua bastante movimentada da Avenida do Coronel Mesquita. Al\u00e9m de uma loja de incenso nas proximidades estar aberta, as lojas restantes foram fechadas. O gato foi levado para o nosso Para\u00edso dos Gatos. Anima informou I.A.M. do n\u00famero do microchip de C2428-Rego. De acordo com o I.A.M., o gato foi adoptado do Canil de Macau em agosto deste ano. O dono do gato ser\u00e1 contatado e o I.A.M. tomar\u00e1 as suas pr\u00f3prias medidas para prosseguir com o caso. Anima coopera com I.A.M. para salvar o maior n\u00famero de animais poss\u00edvel e manter o seu bem-estar. Obrigada,&#8230;<\/p>\n","protected":false},"author":1,"featured_media":110099,"comment_status":"closed","ping_status":"open","sticky":false,"template":"","format":"standard","meta":{"_acf_changed":false,"footnotes":""},"categories":[295,271],"tags":[],"class_list":["post-110021","post","type-post","status-publish","format-standard","has-post-thumbnail","hentry","category-animais-resgatados","category-noticias"],"acf":[],"_links":{"self":[{"href":"https:\/\/www.animamacau.org\/pt-pt\/wp-json\/wp\/v2\/posts\/110021","targetHints":{"allow":["GET"]}}],"collection":[{"href":"https:\/\/www.animamacau.org\/pt-pt\/wp-json\/wp\/v2\/posts"}],"about":[{"href":"https:\/\/www.animamacau.org\/pt-pt\/wp-json\/wp\/v2\/types\/post"}],"author":[{"embeddable":true,"href":"https:\/\/www.animamacau.org\/pt-pt\/wp-json\/wp\/v2\/users\/1"}],"replies":[{"embeddable":true,"href":"https:\/\/www.animamacau.org\/pt-pt\/wp-json\/wp\/v2\/comments?post=110021"}],"version-history":[{"count":3,"href":"https:\/\/www.animamacau.org\/pt-pt\/wp-json\/wp\/v2\/posts\/110021\/revisions"}],"predecessor-version":[{"id":110102,"href":"https:\/\/www.animamacau.org\/pt-pt\/wp-json\/wp\/v2\/posts\/110021\/revisions\/110102"}],"wp:featuredmedia":[{"embeddable":true,"href":"https:\/\/www.animamacau.org\/pt-pt\/wp-json\/wp\/v2\/media\/110099"}],"wp:attachment":[{"href":"https:\/\/www.animamacau.org\/pt-pt\/wp-json\/wp\/v2\/media?parent=110021"}],"wp:term":[{"taxonomy":"category","embeddable":true,"href":"https:\/\/www.animamacau.org\/pt-pt\/wp-json\/wp\/v2\/categories?post=110021"},{"taxonomy":"post_tag","embeddable":true,"href":"https:\/\/www.animamacau.org\/pt-pt\/wp-json\/wp\/v2\/tags?post=110021"}],"curies":[{"name":"wp","href":"https:\/\/api.w.org\/{rel}","templated":true}]}}