{"id":110651,"date":"2020-11-27T14:47:19","date_gmt":"2020-11-27T14:47:19","guid":{"rendered":"https:\/\/www.animamacau.org\/?p=110651"},"modified":"2020-11-28T12:47:38","modified_gmt":"2020-11-28T12:47:38","slug":"anima-regresso-de-novembro-sppc2437-vanilla-ii","status":"publish","type":"post","link":"https:\/\/www.animamacau.org\/pt-pt\/anima-regresso-de-novembro-sppc2437-vanilla-ii\/","title":{"rendered":"Anima\u2013Regresso de novembro (SPPC2437-Vanilla II)!"},"content":{"rendered":"<p><strong>&lt;27-11-2020&gt;<\/strong><\/p>\n<p><span style=\"color: #ff0000\">SPPC2437-Vanilla II (M), com cerca de 2 anos, agora est\u00e1 sob nosso Programa de Prote\u00e7\u00e3o Especial.<\/span><br \/>\n<span style=\"color: #ff0000\">Foi resgatado pela Anima no dia 25 de novembro de 2020, ap\u00f3s ser relatado pela Sra. Carla que no seu local de trabalho, Cal\u00e7ada da Igreja de S\u00e3o L\u00e1zaro, estava este gato e mais alguns que precisavam de ser esterlizados.<\/span><br \/>\n<span style=\"color: #ff0000\">Ontem, Vanilla II foi capturado pela Sra. Carla com a nossa armadilha emprestada e foi enviado para uma cl\u00ednica.<\/span><br \/>\n<span style=\"color: #ff0000\">A Sra. Carla ajudou a Anima com os custos e tudo o que SPPC2437-Vanilla II precisava para ficar bem.<\/span><br \/>\n<span style=\"color: #ff0000\">SPPC2437-Vanilla II voltou para sua casa e fam\u00edlia no P\u00e1tio.<\/span><br \/>\n<strong><span style=\"color: #0000ff\">Obrigada, Sra. Carla!<\/span><\/strong><\/p>\n<p><span style=\"color: #000000\"><em><strong>Por favor, ajude-nos a ajud\u00e1-los!<\/strong><\/em><\/span><br \/>\n<span style=\"color: #000000\"><em><strong>Se deseja ajudar, ajude-nos adotando ou acolhendo!<\/strong><\/em><\/span><br \/>\n<span style=\"color: #000000\"><em><strong>Nunca abandone o seu animal de estima\u00e7\u00e3o! Abandonar um animal de estima\u00e7\u00e3o devia ser considerado Crime!<\/strong><\/em><\/span><\/p>\n<p>&nbsp;<\/p>\n<p><span style=\"color: #ff0000\"><em>Por favor, ajude-nos doando para:<\/em> <\/span><br \/>\n<span style=\"color: #ff0000\"><strong>ANIMA \u2013 Sociedade Protectora dos Animais de Macau<\/strong><\/span><br \/>\n<span style=\"color: #ff0000\">para as seguintes contas:<\/span><br \/>\n<span style=\"color: #ff0000\"><span style=\"color: #0000ff\"><strong>Banco Nacional Ultramarino<\/strong><\/span>, MOP, n\u00famero 9003472840<\/span><br \/>\n<span style=\"color: #ff0000\">SWIFT BNULMOMX<\/span><br \/>\n<span style=\"color: #ff0000\"><strong><span style=\"color: #0000ff\">Banco da China<\/span><\/strong>, MOP, n\u00famero 01-01-20-794318<\/span><br \/>\n<span style=\"color: #ff0000\">SWIFT BKCHMOMX<\/span><br \/>\n<span style=\"color: #ff0000\"><strong><span style=\"color: #0000ff\">ICBC<\/span><\/strong>, MOP, n\u00famero 0119100200000960934<\/span><br \/>\n<span style=\"color: #ff0000\">(ICBC jetco, favor de n\u00e3o inserir os tr\u00eas primeiros d\u00edgitos)<\/span><br \/>\n<span style=\"color: #ff0000\">SWIFT ICBKMOMX<\/span><br \/>\n<span style=\"color: #ff0000\"><strong><span style=\"color: #0000ff\">Banco Tai Fung<\/span><\/strong>, MOP, n\u00famero 201-1-10530-7<\/span><br \/>\n<span style=\"color: #ff0000\"><strong><span style=\"color: #0000ff\">Banco Tai Fung<\/span><\/strong>, HKD, n\u00famero 101-1-12983-3<\/span><br \/>\n<span style=\"color: #ff0000\">SWIFT TFBLMOMX<\/span><br \/>\n<span style=\"color: #ff0000\"><strong><span style=\"color: #0000ff\">PayPal<\/span><\/strong>, albano@animamacau.org<\/span><br \/>\n<em><span style=\"color: #ff0000\">e informe-nos da sua doa\u00e7\u00e3o para anima@macau.ctm.net ou info@animamacau.org<\/span><\/em><\/p>\n<p>&nbsp;<\/p>\n<p>&nbsp;<\/p>\n<p>&nbsp;<\/p>\n","protected":false},"excerpt":{"rendered":"<p>&lt;27-11-2020&gt; SPPC2437-Vanilla II (M), com cerca de 2 anos, agora est\u00e1 sob nosso Programa de Prote\u00e7\u00e3o Especial. Foi resgatado pela Anima no dia 25 de novembro de 2020, ap\u00f3s ser relatado pela Sra. Carla que no seu local de trabalho, Cal\u00e7ada da Igreja de S\u00e3o L\u00e1zaro, estava este gato e mais alguns que precisavam de ser esterlizados. Ontem, Vanilla II foi capturado pela Sra. Carla com a nossa armadilha emprestada e foi enviado para uma cl\u00ednica. A Sra. Carla ajudou a Anima com os custos e tudo o que SPPC2437-Vanilla II precisava para ficar bem. SPPC2437-Vanilla II voltou para sua casa e fam\u00edlia no P\u00e1tio. Obrigada, Sra. Carla! Por favor, ajude-nos a ajud\u00e1-los! Se deseja ajudar, ajude-nos adotando ou acolhendo! Nunca abandone o seu animal de estima\u00e7\u00e3o! Abandonar um animal de estima\u00e7\u00e3o devia ser considerado Crime! &nbsp; Por favor, ajude-nos doando para: ANIMA \u2013 Sociedade&#8230;<\/p>\n","protected":false},"author":1,"featured_media":110656,"comment_status":"closed","ping_status":"open","sticky":false,"template":"","format":"standard","meta":{"_acf_changed":false,"footnotes":""},"categories":[295,271],"tags":[],"class_list":["post-110651","post","type-post","status-publish","format-standard","has-post-thumbnail","hentry","category-animais-resgatados","category-noticias"],"acf":[],"_links":{"self":[{"href":"https:\/\/www.animamacau.org\/pt-pt\/wp-json\/wp\/v2\/posts\/110651","targetHints":{"allow":["GET"]}}],"collection":[{"href":"https:\/\/www.animamacau.org\/pt-pt\/wp-json\/wp\/v2\/posts"}],"about":[{"href":"https:\/\/www.animamacau.org\/pt-pt\/wp-json\/wp\/v2\/types\/post"}],"author":[{"embeddable":true,"href":"https:\/\/www.animamacau.org\/pt-pt\/wp-json\/wp\/v2\/users\/1"}],"replies":[{"embeddable":true,"href":"https:\/\/www.animamacau.org\/pt-pt\/wp-json\/wp\/v2\/comments?post=110651"}],"version-history":[{"count":7,"href":"https:\/\/www.animamacau.org\/pt-pt\/wp-json\/wp\/v2\/posts\/110651\/revisions"}],"predecessor-version":[{"id":110729,"href":"https:\/\/www.animamacau.org\/pt-pt\/wp-json\/wp\/v2\/posts\/110651\/revisions\/110729"}],"wp:featuredmedia":[{"embeddable":true,"href":"https:\/\/www.animamacau.org\/pt-pt\/wp-json\/wp\/v2\/media\/110656"}],"wp:attachment":[{"href":"https:\/\/www.animamacau.org\/pt-pt\/wp-json\/wp\/v2\/media?parent=110651"}],"wp:term":[{"taxonomy":"category","embeddable":true,"href":"https:\/\/www.animamacau.org\/pt-pt\/wp-json\/wp\/v2\/categories?post=110651"},{"taxonomy":"post_tag","embeddable":true,"href":"https:\/\/www.animamacau.org\/pt-pt\/wp-json\/wp\/v2\/tags?post=110651"}],"curies":[{"name":"wp","href":"https:\/\/api.w.org\/{rel}","templated":true}]}}