{"id":115066,"date":"2021-03-23T09:05:30","date_gmt":"2021-03-23T09:05:30","guid":{"rendered":"https:\/\/www.animamacau.org\/?p=115066"},"modified":"2021-03-26T10:48:04","modified_gmt":"2021-03-26T10:48:04","slug":"anima-adocao-de-marco-c2542-e-c2543","status":"publish","type":"post","link":"https:\/\/www.animamacau.org\/pt-pt\/anima-adocao-de-marco-c2542-e-c2543\/","title":{"rendered":"Anima\u2013Ado\u00e7\u00e3o de Mar\u00e7o (C2542 e C2543)!"},"content":{"rendered":"<p><strong>&lt;23-03-2021&gt;<\/strong><\/p>\n<p><span style=\"color: #0000ff\"><strong>Mercedes e Tesla foram adotados pelo Sr. Sou, hoje!<\/strong><\/span><br \/>\n<span style=\"color: #ff0000\">C2542-Mercedes (M), com cerca de um ano de idade, foi resgatado pela Anima no dia 3 de mar\u00e7o de 2021, depois de colocar algumas armadilhas para gatos no topo dos nossos tetos no Para\u00edso dos Gatos.<\/span><br \/>\n<span style=\"color: #ff0000\">Um veterin\u00e1rio e dois funcion\u00e1rios da IAM visitaram o nosso Para\u00edso dos Gatos, para verificar o estado de sa\u00fade de C2542-Mercedes e este foi bem-vindo \u00e0 Anima.<\/span><br \/>\n<span style=\"color: #ff0000\">C2543-Tesla (F), com cerca de seis anos, foi resgatada pela Anima a 6 de mar\u00e7o de 2021, ap\u00f3s ter sido apanhada pela nossa equipa a deambular pelos telhados do Para\u00edso dos Gatos.<\/span><br \/>\n<span style=\"color: #ff0000\">Tesla n\u00e3o tinha microchip e n\u00e3o era castrada.<\/span><br \/>\n<span style=\"color: #ff0000\">Este \u00e9 o segundo gato de Bengala misto resgatado naquela semana, ambos capturados em circunst\u00e2ncias semelhantes.<\/span><br \/>\n<span style=\"color: #ff0000\">Mercedes e Tesla encontraram um lar, agora.<\/span><br \/>\n<span style=\"color: #0000ff\"><strong>Obrigada, Sr. Sou!<\/strong><\/span><\/p>\n<p><span style=\"color: #000000\"><em><strong>Por favor, ajude-nos a ajud\u00e1-los!<\/strong><\/em><\/span><\/p>\n<p><span style=\"color: #000000\"><em><strong>Se deseja ajudar, ajude-nos adotando ou acolhendo!<\/strong><\/em><\/span><br \/>\n<span style=\"color: #000000\"><em><strong>Nunca abandone o seu animal de estima\u00e7\u00e3o! Abandonar um animal de estima\u00e7\u00e3o devia ser considerado Crime!<\/strong><\/em><\/span><\/p>\n<p>&nbsp;<\/p>\n<p><span style=\"color: #ff0000\"><em>Por favor, ajude-nos doando para:<\/em> <\/span><br \/>\n<span style=\"color: #ff0000\"><strong>ANIMA \u2013 Sociedade Protectora dos Animais de Macau<\/strong><\/span><\/p>\n<p><span style=\"color: #ff0000\">para as seguintes contas:<\/span><br \/>\n<span style=\"color: #ff0000\"><span style=\"color: #0000ff\"><strong>Banco Nacional Ultramarino<\/strong><\/span>, MOP, n\u00famero 9003472840<\/span><br \/>\n<span style=\"color: #ff0000\">SWIFT BNULMOMX<\/span><br \/>\n<span style=\"color: #ff0000\"><strong><span style=\"color: #0000ff\">Banco da China<\/span><\/strong>, MOP, n\u00famero 180101207943181<\/span><br \/>\n<span style=\"color: #ff0000\">SWIFT BKCHMOMX<\/span><br \/>\n<span style=\"color: #ff0000\"><strong><span style=\"color: #0000ff\">ICBC<\/span><\/strong>, MOP, n\u00famero 0119100200000960934<\/span><br \/>\n<span style=\"color: #ff0000\">(ICBC jetco, favor de n\u00e3o inserir os tr\u00eas primeiros d\u00edgitos)<\/span><br \/>\n<span style=\"color: #ff0000\">SWIFT ICBKMOMX<\/span><br \/>\n<span style=\"color: #ff0000\"><strong><span style=\"color: #0000ff\">Banco Tai Fung<\/span><\/strong>, MOP, n\u00famero 201-1-10530-7<\/span><\/p>\n<p><span style=\"color: #ff0000\"><strong><span style=\"color: #0000ff\">Banco Tai Fung<\/span><\/strong>, HKD, n\u00famero 101-1-12983-3<\/span><br \/>\n<span style=\"color: #ff0000\">SWIFT TFBLMOMX<\/span><br \/>\n<span style=\"color: #ff0000\"><strong><span style=\"color: #0000ff\">PayPal<\/span><\/strong>, albano@animamacau.org<\/span><br \/>\n<em><span style=\"color: #ff0000\">e informe-nos da sua doa\u00e7\u00e3o para info@animamacau.org<\/span><\/em><\/p>\n\n\t\t<style type=\"text\/css\">\n\t\t\t#gallery-2 {\n\t\t\t\tmargin: auto;\n\t\t\t}\n\t\t\t#gallery-2 .gallery-item {\n\t\t\t\tfloat: left;\n\t\t\t\tmargin-top: 10px;\n\t\t\t\ttext-align: center;\n\t\t\t\twidth: 33%;\n\t\t\t}\n\t\t\t#gallery-2 img {\n\t\t\t\tborder: 2px solid #cfcfcf;\n\t\t\t}\n\t\t\t#gallery-2 .gallery-caption {\n\t\t\t\tmargin-left: 0;\n\t\t\t}\n\t\t\t\/* see gallery_shortcode() in wp-includes\/media.php *\/\n\t\t<\/style>\n\t\t<div id='gallery-2' class='gallery galleryid-115066 gallery-columns-3 gallery-size-thumbnail'><dl class='gallery-item'>\n\t\t\t<dt class='gallery-icon landscape'>\n\t\t\t\t<a href='https:\/\/www.animamacau.org\/pt-pt\/anima-adocao-de-marco-c2542-e-c2543\/c2543-teslawith-the-adopter-2\/'><img loading=\"lazy\" decoding=\"async\" width=\"150\" height=\"150\" src=\"https:\/\/www.animamacau.org\/wp-content\/uploads\/2021\/03\/C2543-Teslawith-the-adopter-150x150.jpg\" class=\"attachment-thumbnail size-thumbnail\" alt=\"\" \/><\/a>\n\t\t\t<\/dt><\/dl><dl class='gallery-item'>\n\t\t\t<dt class='gallery-icon landscape'>\n\t\t\t\t<a href='https:\/\/www.animamacau.org\/pt-pt\/anima-adocao-de-marco-c2542-e-c2543\/c2542-mercedes-with-the-adopter-2\/'><img loading=\"lazy\" decoding=\"async\" width=\"150\" height=\"150\" src=\"https:\/\/www.animamacau.org\/wp-content\/uploads\/2021\/03\/C2542-Mercedes-with-the-adopter-150x150.jpg\" class=\"attachment-thumbnail size-thumbnail\" alt=\"\" \/><\/a>\n\t\t\t<\/dt><\/dl>\n\t\t\t<br style='clear: both' \/>\n\t\t<\/div>\n\n","protected":false},"excerpt":{"rendered":"<p>&lt;23-03-2021&gt; Mercedes e Tesla foram adotados pelo Sr. Sou, hoje! C2542-Mercedes (M), com cerca de um ano de idade, foi resgatado pela Anima no dia 3 de mar\u00e7o de 2021, depois de colocar algumas armadilhas para gatos no topo dos nossos tetos no Para\u00edso dos Gatos. Um veterin\u00e1rio e dois funcion\u00e1rios da IAM visitaram o nosso Para\u00edso dos Gatos, para verificar o estado de sa\u00fade de C2542-Mercedes e este foi bem-vindo \u00e0 Anima. C2543-Tesla (F), com cerca de seis anos, foi resgatada pela Anima a 6 de mar\u00e7o de 2021, ap\u00f3s ter sido apanhada pela nossa equipa a deambular pelos telhados do Para\u00edso dos Gatos. Tesla n\u00e3o tinha microchip e n\u00e3o era castrada. Este \u00e9 o segundo gato de Bengala misto resgatado naquela semana, ambos capturados em circunst\u00e2ncias semelhantes. Mercedes e Tesla encontraram um lar, agora. Obrigada, Sr. Sou! Por favor, ajude-nos a ajud\u00e1-los! Se&#8230;<\/p>\n","protected":false},"author":11,"featured_media":115070,"comment_status":"closed","ping_status":"open","sticky":false,"template":"","format":"gallery","meta":{"_acf_changed":false,"footnotes":""},"categories":[284,271],"tags":[],"class_list":["post-115066","post","type-post","status-publish","format-gallery","has-post-thumbnail","hentry","category-finais-felizes","category-noticias","post_format-post-format-gallery"],"acf":[],"_links":{"self":[{"href":"https:\/\/www.animamacau.org\/pt-pt\/wp-json\/wp\/v2\/posts\/115066","targetHints":{"allow":["GET"]}}],"collection":[{"href":"https:\/\/www.animamacau.org\/pt-pt\/wp-json\/wp\/v2\/posts"}],"about":[{"href":"https:\/\/www.animamacau.org\/pt-pt\/wp-json\/wp\/v2\/types\/post"}],"author":[{"embeddable":true,"href":"https:\/\/www.animamacau.org\/pt-pt\/wp-json\/wp\/v2\/users\/11"}],"replies":[{"embeddable":true,"href":"https:\/\/www.animamacau.org\/pt-pt\/wp-json\/wp\/v2\/comments?post=115066"}],"version-history":[{"count":3,"href":"https:\/\/www.animamacau.org\/pt-pt\/wp-json\/wp\/v2\/posts\/115066\/revisions"}],"predecessor-version":[{"id":115077,"href":"https:\/\/www.animamacau.org\/pt-pt\/wp-json\/wp\/v2\/posts\/115066\/revisions\/115077"}],"wp:featuredmedia":[{"embeddable":true,"href":"https:\/\/www.animamacau.org\/pt-pt\/wp-json\/wp\/v2\/media\/115070"}],"wp:attachment":[{"href":"https:\/\/www.animamacau.org\/pt-pt\/wp-json\/wp\/v2\/media?parent=115066"}],"wp:term":[{"taxonomy":"category","embeddable":true,"href":"https:\/\/www.animamacau.org\/pt-pt\/wp-json\/wp\/v2\/categories?post=115066"},{"taxonomy":"post_tag","embeddable":true,"href":"https:\/\/www.animamacau.org\/pt-pt\/wp-json\/wp\/v2\/tags?post=115066"}],"curies":[{"name":"wp","href":"https:\/\/api.w.org\/{rel}","templated":true}]}}