{"id":115254,"date":"2021-03-28T05:35:04","date_gmt":"2021-03-28T05:35:04","guid":{"rendered":"https:\/\/www.animamacau.org\/?p=115254"},"modified":"2021-03-31T05:45:11","modified_gmt":"2021-03-31T05:45:11","slug":"anima-acolhimento-temporario-de-marco-2352-coolio","status":"publish","type":"post","link":"https:\/\/www.animamacau.org\/pt-pt\/anima-acolhimento-temporario-de-marco-2352-coolio\/","title":{"rendered":"Anima-Acolhimento Tempor\u00e1rio de Mar\u00e7o (2352-Coolio)!"},"content":{"rendered":"<p><strong>&lt;28-03-2021&gt;<\/strong><\/p>\n<p><strong><em><span style=\"color: #0000ff\">O Coolio est\u00e1 agora em acolhimento tempor\u00e1rio com o Sr. Shaunessy!<\/span><\/em><\/strong><br \/>\n<span style=\"color: #ff0000\">2352-Coolio (M), um c\u00e3o com cerca de dois anos de idade, foi resgatado pela Anima a 11 de mar\u00e7o de 2021, depois de ter ser sido encontrado a vaguear dentro do estacionamento do nosso Para\u00edso dos Gatos. O Coolio estava sujo e n\u00e3o tinha microchip. Seria ent\u00e3o recebido no nosso Para\u00edso dos Gatos.<\/span><br \/>\n<span style=\"color: #ff0000\">Em 20 de mar\u00e7o de 2021, o Coolio conseguiu pular a nossa cerca e fugir.<\/span><br \/>\n<span style=\"color: #ff0000\">Seria encontrado esta manh\u00e3, n\u00e3o muito longe da Vila de Coloane, pelo Sr. Shaunessy, que gentilmente aceitou acolher o Coolio temporariamente.<\/span><br \/>\n<span style=\"color: #0000ff\"><em><strong>Agradecemos todo o seu apoio, Sr. Shaunessy!<\/strong><\/em><\/span><\/p>\n<p><span style=\"color: #000000\"><em><strong>Por favor, ajude-nos a ajud\u00e1-los!<\/strong><\/em><\/span><br \/>\n<span style=\"color: #000000\"><em><strong>Se deseja ajudar, ajude-nos adotando ou acolhendo!<\/strong><\/em><\/span><br \/>\n<span style=\"color: #000000\"><em><strong>Nunca abandone o seu animal de estima\u00e7\u00e3o! Abandonar um animal de estima\u00e7\u00e3o devia ser considerado Crime!<\/strong><\/em><\/span><\/p>\n<p>&nbsp;<\/p>\n<p><span style=\"color: #ff0000\"><em>Por favor, ajude-nos doando para:<\/em> <\/span><br \/>\n<span style=\"color: #ff0000\"><strong>ANIMA \u2013 Sociedade Protectora dos Animais de Macau<\/strong><\/span><br \/>\n<span style=\"color: #ff0000\">para as seguintes contas:<\/span><br \/>\n<span style=\"color: #ff0000\"><span style=\"color: #0000ff\"><strong>Banco Nacional Ultramarino<\/strong><\/span>, MOP, n\u00famero 9003472840<\/span><br \/>\n<span style=\"color: #ff0000\">SWIFT BNULMOMX<\/span><br \/>\n<span style=\"color: #ff0000\"><strong><span style=\"color: #0000ff\">Banco da China<\/span><\/strong>, MOP, n\u00famero 180101207943181<\/span><br \/>\n<span style=\"color: #ff0000\">SWIFT BKCHMOMX<\/span><br \/>\n<span style=\"color: #ff0000\"><strong><span style=\"color: #0000ff\">ICBC<\/span><\/strong>, MOP, n\u00famero 0119100200000960934<\/span><br \/>\n<span style=\"color: #ff0000\">(ICBC jetco, favor de n\u00e3o inserir os tr\u00eas primeiros d\u00edgitos)<\/span><br \/>\n<span style=\"color: #ff0000\">SWIFT ICBKMOMX<\/span><br \/>\n<span style=\"color: #ff0000\"><strong><span style=\"color: #0000ff\">Banco Tai Fung<\/span><\/strong>, MOP, n\u00famero 201-1-10530-7<\/span><br \/>\n<span style=\"color: #ff0000\"><strong><span style=\"color: #0000ff\">Banco Tai Fung<\/span><\/strong>, HKD, n\u00famero 101-1-12983-3<\/span><br \/>\n<span style=\"color: #ff0000\">SWIFT TFBLMOMX<\/span><br \/>\n<span style=\"color: #ff0000\"><strong><span style=\"color: #0000ff\">PayPal<\/span><\/strong>, albano@animamacau.org<\/span><br \/>\n<em><span style=\"color: #ff0000\">e informe-nos da sua doa\u00e7\u00e3o para info@animamacau.org<\/span><\/em><\/p>\n\n\t\t<style type=\"text\/css\">\n\t\t\t#gallery-2 {\n\t\t\t\tmargin: auto;\n\t\t\t}\n\t\t\t#gallery-2 .gallery-item {\n\t\t\t\tfloat: left;\n\t\t\t\tmargin-top: 10px;\n\t\t\t\ttext-align: center;\n\t\t\t\twidth: 33%;\n\t\t\t}\n\t\t\t#gallery-2 img {\n\t\t\t\tborder: 2px solid #cfcfcf;\n\t\t\t}\n\t\t\t#gallery-2 .gallery-caption {\n\t\t\t\tmargin-left: 0;\n\t\t\t}\n\t\t\t\/* see gallery_shortcode() in wp-includes\/media.php *\/\n\t\t<\/style>\n\t\t<div id='gallery-2' class='gallery galleryid-115254 gallery-columns-3 gallery-size-thumbnail'><dl class='gallery-item'>\n\t\t\t<dt class='gallery-icon landscape'>\n\t\t\t\t<a href='https:\/\/www.animamacau.org\/pt-pt\/anima-acolhimento-temporario-de-marco-2352-coolio\/2352-coolio-with-foster-2\/'><img loading=\"lazy\" decoding=\"async\" width=\"150\" height=\"150\" src=\"https:\/\/www.animamacau.org\/wp-content\/uploads\/2021\/03\/2352-Coolio-with-foster-150x150.jpeg\" class=\"attachment-thumbnail size-thumbnail\" alt=\"\" \/><\/a>\n\t\t\t<\/dt><\/dl><dl class='gallery-item'>\n\t\t\t<dt class='gallery-icon landscape'>\n\t\t\t\t<a href='https:\/\/www.animamacau.org\/pt-pt\/anima-acolhimento-temporario-de-marco-2352-coolio\/2352-coolio-3-2\/'><img loading=\"lazy\" decoding=\"async\" width=\"150\" height=\"150\" src=\"https:\/\/www.animamacau.org\/wp-content\/uploads\/2021\/03\/2352-Coolio-3-150x150.jpeg\" class=\"attachment-thumbnail size-thumbnail\" alt=\"\" \/><\/a>\n\t\t\t<\/dt><\/dl><dl class='gallery-item'>\n\t\t\t<dt class='gallery-icon landscape'>\n\t\t\t\t<a href='https:\/\/www.animamacau.org\/pt-pt\/anima-acolhimento-temporario-de-marco-2352-coolio\/2352-coolio-2-2-2\/'><img loading=\"lazy\" decoding=\"async\" width=\"150\" height=\"150\" src=\"https:\/\/www.animamacau.org\/wp-content\/uploads\/2021\/03\/2352-Coolio-2-150x150.jpeg\" class=\"attachment-thumbnail size-thumbnail\" alt=\"\" \/><\/a>\n\t\t\t<\/dt><\/dl><br style=\"clear: both\" \/>\n\t\t<\/div>\n\n<p><span style=\"color: #0000ff\"><em><strong>\u00a0<\/strong><\/em><\/span><\/p>\n","protected":false},"excerpt":{"rendered":"<p>&lt;28-03-2021&gt; O Coolio est\u00e1 agora em acolhimento tempor\u00e1rio com o Sr. Shaunessy! 2352-Coolio (M), um c\u00e3o com cerca de dois anos de idade, foi resgatado pela Anima a 11 de mar\u00e7o de 2021, depois de ter ser sido encontrado a vaguear dentro do estacionamento do nosso Para\u00edso dos Gatos. O Coolio estava sujo e n\u00e3o tinha microchip. Seria ent\u00e3o recebido no nosso Para\u00edso dos Gatos. Em 20 de mar\u00e7o de 2021, o Coolio conseguiu pular a nossa cerca e fugir. Seria encontrado esta manh\u00e3, n\u00e3o muito longe da Vila de Coloane, pelo Sr. Shaunessy, que gentilmente aceitou acolher o Coolio temporariamente. Agradecemos todo o seu apoio, Sr. Shaunessy! Por favor, ajude-nos a ajud\u00e1-los! Se deseja ajudar, ajude-nos adotando ou acolhendo! Nunca abandone o seu animal de estima\u00e7\u00e3o! Abandonar um animal de estima\u00e7\u00e3o devia ser considerado Crime! &nbsp; Por favor, ajude-nos doando para: ANIMA \u2013 Sociedade&#8230;<\/p>\n","protected":false},"author":21,"featured_media":115245,"comment_status":"closed","ping_status":"open","sticky":false,"template":"","format":"gallery","meta":{"_acf_changed":false,"footnotes":""},"categories":[282,271],"tags":[],"class_list":["post-115254","post","type-post","status-publish","format-gallery","has-post-thumbnail","hentry","category-familia-acolhimento","category-noticias","post_format-post-format-gallery"],"acf":[],"_links":{"self":[{"href":"https:\/\/www.animamacau.org\/pt-pt\/wp-json\/wp\/v2\/posts\/115254","targetHints":{"allow":["GET"]}}],"collection":[{"href":"https:\/\/www.animamacau.org\/pt-pt\/wp-json\/wp\/v2\/posts"}],"about":[{"href":"https:\/\/www.animamacau.org\/pt-pt\/wp-json\/wp\/v2\/types\/post"}],"author":[{"embeddable":true,"href":"https:\/\/www.animamacau.org\/pt-pt\/wp-json\/wp\/v2\/users\/21"}],"replies":[{"embeddable":true,"href":"https:\/\/www.animamacau.org\/pt-pt\/wp-json\/wp\/v2\/comments?post=115254"}],"version-history":[{"count":2,"href":"https:\/\/www.animamacau.org\/pt-pt\/wp-json\/wp\/v2\/posts\/115254\/revisions"}],"predecessor-version":[{"id":115256,"href":"https:\/\/www.animamacau.org\/pt-pt\/wp-json\/wp\/v2\/posts\/115254\/revisions\/115256"}],"wp:featuredmedia":[{"embeddable":true,"href":"https:\/\/www.animamacau.org\/pt-pt\/wp-json\/wp\/v2\/media\/115245"}],"wp:attachment":[{"href":"https:\/\/www.animamacau.org\/pt-pt\/wp-json\/wp\/v2\/media?parent=115254"}],"wp:term":[{"taxonomy":"category","embeddable":true,"href":"https:\/\/www.animamacau.org\/pt-pt\/wp-json\/wp\/v2\/categories?post=115254"},{"taxonomy":"post_tag","embeddable":true,"href":"https:\/\/www.animamacau.org\/pt-pt\/wp-json\/wp\/v2\/tags?post=115254"}],"curies":[{"name":"wp","href":"https:\/\/api.w.org\/{rel}","templated":true}]}}