{"id":116361,"date":"2021-04-19T12:36:25","date_gmt":"2021-04-19T12:36:25","guid":{"rendered":"https:\/\/www.animamacau.org\/?p=116361"},"modified":"2021-04-22T07:45:08","modified_gmt":"2021-04-22T07:45:08","slug":"anima-resgate-e-regresso-de-abril-spp2311-spp2312","status":"publish","type":"post","link":"https:\/\/www.animamacau.org\/pt-pt\/anima-resgate-e-regresso-de-abril-spp2311-spp2312\/","title":{"rendered":"Anima-Resgate e Regresso de abril (SPP2311, SPP2312)!"},"content":{"rendered":"<p><strong>&lt;19-04-2021&gt;<\/strong><\/p>\n<p><strong><span style=\"color: #0000ff\">SPP2310-Myra (F), SPP2311-Myrna (F) e SPP2312-Myron (M), ent\u00e3o com cerca de um m\u00eas de idade, foram registados no nosso Programa de Prote\u00e7\u00e3o Especial (SPP) a 5 de novembro de 2020.<\/span><\/strong><br \/>\n<span style=\"color: #ff0000\">Hav\u00edamos sido informados de que tr\u00eas c\u00e3es b\u00e9b\u00e9s estavam a vaguear perto da Praia de Hac Sa. A cadela m\u00e3e mantinha-se sempre nas montanhas e n\u00e3o nos deixava aproximar.\u00a0<\/span><span style=\"color: #ff0000\">Dois c\u00e3es, SPP2311-Myrna e SPP2312-Myron, acabariam por ficar sob a responsabilidade de alguns volunt\u00e1rios que trabalham perto da praia.<\/span><br \/>\n<span style=\"color: #ff0000\">Myrna e Myron, agora com cerca de sete meses, foram hoje resgatados pela Anima e esterilizados numa cl\u00ednica privada.<br \/>\nRegressaram ao seu local original ap\u00f3s a cirurgia.<\/span><br \/>\n<span style=\"color: #ff0000\">A Anima ir\u00e1 providenciar medica\u00e7\u00e3o e monitorizar de perto a recupera\u00e7\u00e3o.<\/span><\/p>\n<p><span style=\"color: #000000\"><em><strong>Nunca abandone o seu animal de estima\u00e7\u00e3o!<br \/>\nAbandonar um animal de estima\u00e7\u00e3o devia ser considerado Crime!<br \/>\n<\/strong><\/em><\/span><span style=\"color: #000000\"><em><strong>Por favor, ajude-nos a ajud\u00e1-los!<\/strong><\/em><\/span><br \/>\n<span style=\"color: #000000\"><em><strong>Se deseja ajudar, ajude-nos adotando ou acolhendo!<\/strong><\/em><\/span><\/p>\n<p>&nbsp;<\/p>\n<p><span style=\"color: #ff0000\"><em>Por favor, ajude-nos doando para:<\/em> <\/span><br \/>\n<span style=\"color: #ff0000\"><strong>ANIMA \u2013 Sociedade Protectora dos Animais de Macau<\/strong><\/span><br \/>\n<span style=\"color: #ff0000\">para as seguintes contas:<\/span><br \/>\n<span style=\"color: #ff0000\"><span style=\"color: #0000ff\"><strong>Banco Nacional Ultramarino<\/strong><\/span>, MOP, n\u00famero 9003472840<\/span><br \/>\n<span style=\"color: #ff0000\">SWIFT BNULMOMX<\/span><br \/>\n<span style=\"color: #ff0000\"><strong><span style=\"color: #0000ff\">Banco da China<\/span><\/strong>, MOP, n\u00famero 180101207943181<\/span><br \/>\n<span style=\"color: #ff0000\">SWIFT BKCHMOMX<\/span><br \/>\n<span style=\"color: #ff0000\"><strong><span style=\"color: #0000ff\">ICBC<\/span><\/strong>, MOP, n\u00famero 0119100200000960934<\/span><br \/>\n<span style=\"color: #ff0000\">(ICBC jetco, favor de n\u00e3o inserir os tr\u00eas primeiros d\u00edgitos)<\/span><br \/>\n<span style=\"color: #ff0000\">SWIFT ICBKMOMX<\/span><br \/>\n<span style=\"color: #ff0000\"><strong><span style=\"color: #0000ff\">Banco Tai Fung<\/span><\/strong>, MOP, n\u00famero 201-1-10530-7<\/span><br \/>\n<span style=\"color: #ff0000\"><strong><span style=\"color: #0000ff\">Banco Tai Fung<\/span><\/strong>, HKD, n\u00famero 101-1-12983-3<\/span><br \/>\n<span style=\"color: #ff0000\">SWIFT TFBLMOMX<\/span><br \/>\n<span style=\"color: #ff0000\"><strong><span style=\"color: #0000ff\">PayPal<\/span><\/strong>, albano@animamacau.org<\/span><br \/>\n<em><span style=\"color: #ff0000\">e informe-nos da sua doa\u00e7\u00e3o para info@animamacau.org<br \/>\n<\/span><\/em><\/p>\n<p><em><span style=\"color: #ff0000\">\u00a0<\/span><\/em><\/p>\n\n\t\t<style type=\"text\/css\">\n\t\t\t#gallery-2 {\n\t\t\t\tmargin: auto;\n\t\t\t}\n\t\t\t#gallery-2 .gallery-item {\n\t\t\t\tfloat: left;\n\t\t\t\tmargin-top: 10px;\n\t\t\t\ttext-align: center;\n\t\t\t\twidth: 33%;\n\t\t\t}\n\t\t\t#gallery-2 img {\n\t\t\t\tborder: 2px solid #cfcfcf;\n\t\t\t}\n\t\t\t#gallery-2 .gallery-caption {\n\t\t\t\tmargin-left: 0;\n\t\t\t}\n\t\t\t\/* see gallery_shortcode() in wp-includes\/media.php *\/\n\t\t<\/style>\n\t\t<div id='gallery-2' class='gallery galleryid-116361 gallery-columns-3 gallery-size-thumbnail'><dl class='gallery-item'>\n\t\t\t<dt class='gallery-icon landscape'>\n\t\t\t\t<a href='https:\/\/www.animamacau.org\/pt-pt\/anima-resgate-e-regresso-de-abril-spp2311-spp2312\/spp2311-myrna-f\/'><img loading=\"lazy\" decoding=\"async\" width=\"150\" height=\"150\" src=\"https:\/\/www.animamacau.org\/wp-content\/uploads\/2021\/04\/SPP2311-Myrna-F-1-150x150.jpg\" class=\"attachment-thumbnail size-thumbnail\" alt=\"\" \/><\/a>\n\t\t\t<\/dt><\/dl><dl class='gallery-item'>\n\t\t\t<dt class='gallery-icon landscape'>\n\t\t\t\t<a href='https:\/\/www.animamacau.org\/pt-pt\/anima-resgate-e-regresso-de-abril-spp2311-spp2312\/spp2312-myron-m\/'><img loading=\"lazy\" decoding=\"async\" width=\"150\" height=\"150\" src=\"https:\/\/www.animamacau.org\/wp-content\/uploads\/2021\/04\/SPP2312-Myron-M-1-150x150.jpg\" class=\"attachment-thumbnail size-thumbnail\" alt=\"\" \/><\/a>\n\t\t\t<\/dt><\/dl>\n\t\t\t<br style='clear: both' \/>\n\t\t<\/div>\n\n<p><strong><span style=\"color: #0000ff\">\u00a0<\/span><\/strong><\/p>\n","protected":false},"excerpt":{"rendered":"<p>&lt;19-04-2021&gt; SPP2310-Myra (F), SPP2311-Myrna (F) e SPP2312-Myron (M), ent\u00e3o com cerca de um m\u00eas de idade, foram registados no nosso Programa de Prote\u00e7\u00e3o Especial (SPP) a 5 de novembro de 2020. Hav\u00edamos sido informados de que tr\u00eas c\u00e3es b\u00e9b\u00e9s estavam a vaguear perto da Praia de Hac Sa. A cadela m\u00e3e mantinha-se sempre nas montanhas e n\u00e3o nos deixava aproximar.\u00a0Dois c\u00e3es, SPP2311-Myrna e SPP2312-Myron, acabariam por ficar sob a responsabilidade de alguns volunt\u00e1rios que trabalham perto da praia. Myrna e Myron, agora com cerca de sete meses, foram hoje resgatados pela Anima e esterilizados numa cl\u00ednica privada. Regressaram ao seu local original ap\u00f3s a cirurgia. A Anima ir\u00e1 providenciar medica\u00e7\u00e3o e monitorizar de perto a recupera\u00e7\u00e3o. Nunca abandone o seu animal de estima\u00e7\u00e3o! Abandonar um animal de estima\u00e7\u00e3o devia ser considerado Crime! Por favor, ajude-nos a ajud\u00e1-los! Se deseja ajudar, ajude-nos adotando ou acolhendo! &nbsp;&#8230;<\/p>\n","protected":false},"author":11,"featured_media":116438,"comment_status":"closed","ping_status":"open","sticky":false,"template":"","format":"gallery","meta":{"_acf_changed":false,"footnotes":""},"categories":[299,295,271],"tags":[],"class_list":["post-116361","post","type-post","status-publish","format-gallery","has-post-thumbnail","hentry","category-animais-ppe-devolvidos","category-animais-resgatados","category-noticias","post_format-post-format-gallery"],"acf":[],"_links":{"self":[{"href":"https:\/\/www.animamacau.org\/pt-pt\/wp-json\/wp\/v2\/posts\/116361","targetHints":{"allow":["GET"]}}],"collection":[{"href":"https:\/\/www.animamacau.org\/pt-pt\/wp-json\/wp\/v2\/posts"}],"about":[{"href":"https:\/\/www.animamacau.org\/pt-pt\/wp-json\/wp\/v2\/types\/post"}],"author":[{"embeddable":true,"href":"https:\/\/www.animamacau.org\/pt-pt\/wp-json\/wp\/v2\/users\/11"}],"replies":[{"embeddable":true,"href":"https:\/\/www.animamacau.org\/pt-pt\/wp-json\/wp\/v2\/comments?post=116361"}],"version-history":[{"count":10,"href":"https:\/\/www.animamacau.org\/pt-pt\/wp-json\/wp\/v2\/posts\/116361\/revisions"}],"predecessor-version":[{"id":116460,"href":"https:\/\/www.animamacau.org\/pt-pt\/wp-json\/wp\/v2\/posts\/116361\/revisions\/116460"}],"wp:featuredmedia":[{"embeddable":true,"href":"https:\/\/www.animamacau.org\/pt-pt\/wp-json\/wp\/v2\/media\/116438"}],"wp:attachment":[{"href":"https:\/\/www.animamacau.org\/pt-pt\/wp-json\/wp\/v2\/media?parent=116361"}],"wp:term":[{"taxonomy":"category","embeddable":true,"href":"https:\/\/www.animamacau.org\/pt-pt\/wp-json\/wp\/v2\/categories?post=116361"},{"taxonomy":"post_tag","embeddable":true,"href":"https:\/\/www.animamacau.org\/pt-pt\/wp-json\/wp\/v2\/tags?post=116361"}],"curies":[{"name":"wp","href":"https:\/\/api.w.org\/{rel}","templated":true}]}}