{"id":116842,"date":"2021-04-24T08:20:02","date_gmt":"2021-04-24T08:20:02","guid":{"rendered":"https:\/\/www.animamacau.org\/?p=116842"},"modified":"2021-04-29T08:22:45","modified_gmt":"2021-04-29T08:22:45","slug":"anima-noticias-tristes-de-abril-c2250-nora","status":"publish","type":"post","link":"https:\/\/www.animamacau.org\/pt-pt\/anima-noticias-tristes-de-abril-c2250-nora\/","title":{"rendered":"Anima\u2013Not\u00edcias Tristes de Abril (C2250-Nora)!"},"content":{"rendered":"<p><strong>&lt;24-04-2021&gt;<\/strong><\/p>\n<p><span style=\"color: #ff0000\">C2250-Nora (F), ent\u00e3o com cerca de dois anos de idade, foi resgatada pela Anima a 11 de dezembro de 2019, no seguimento de uma chamada a informar que v\u00e1rios gatos estavam a ser atacados por c\u00e3es na zona da Colina da Penha.<\/span><br \/>\n<span style=\"color: #ff0000\">A Nora foi resgatada prenha e daria \u00e0 luz tr\u00eas gatinhos.<\/span><br \/>\n<span style=\"color: #ff0000\">Desde ent\u00e3o, permaneceu no nosso Para\u00edso dos Gatos.<\/span><br \/>\n<span style=\"color: #ff0000\">H\u00e1 alguns meses, a Nora come\u00e7ou a sentir dificuldades para respirar, a sofrer de diarreia e a perder o apetite. Seria levada a uma cl\u00ednica para consulta onde testou positivo para FCoV e FIV. Tamb\u00e9m existiam suspeitas de que estava infectada com FIP.<\/span><br \/>\n<span style=\"color: #ff0000\">Apesar de todos os cuidados m\u00e9dicos, o seu estado de sa\u00fade continuou a piorar. Seguindo aconselhamento m\u00e9dico-veterin\u00e1rio e recebido o consentimento de v\u00e1rios membros do conselho da Anima, a Nora foi eutanaziada numa cl\u00ednica privada num esfor\u00e7o para terminar com o seu sofrimento.<br \/>\n<\/span><strong><span style=\"color: #0000ff\">Descansa em paz, nossa amiga!<\/span><\/strong><\/p>\n<p><span style=\"color: #000000\"><em><strong>Nunca abandone o seu an<\/strong><\/em><\/span><span style=\"color: #000000\"><em><strong>imal de estima\u00e7\u00e3o!<br \/>\nAbandonar um animal de estima\u00e7\u00e3o devia ser crime!<\/strong><\/em><\/span><\/p>\n<p>&nbsp;<\/p>\n<p><em><span style=\"color: #ff0000\">Por favor, ajude-nos doando para: <\/span><\/em><br \/>\n<strong><span style=\"color: #ff0000\">ANIMA \u2013 Sociedade Protectora dos Animais de Macau<\/span><\/strong><br \/>\n<em><span style=\"color: #ff0000\">para as seguintes contas:<\/span><\/em><br \/>\n<span style=\"color: #ff0000\"><strong><span style=\"color: #0000ff\">Banco Nacional Ultramarino<\/span><\/strong>, MOP, n\u00famero 9003472840<\/span><br \/>\n<span style=\"color: #ff0000\">SWIFT BNULMOMX<\/span><br \/>\n<span style=\"color: #ff0000\"><strong><span style=\"color: #0000ff\">Banco da China<\/span><\/strong>, MOP, n\u00famero 180101207943181<\/span><br \/>\n<span style=\"color: #ff0000\">SWIFT BKCHMOMX<\/span><br \/>\n<span style=\"color: #ff0000\"><strong><span style=\"color: #0000ff\">ICBC<\/span><\/strong>, MOP, n\u00famero 0119100200000960934<\/span><br \/>\n<span style=\"color: #ff0000\">(ICBC jetco, favor de n\u00e3o inserir os tr\u00eas primeiros d\u00edgitos)<\/span><br \/>\n<span style=\"color: #ff0000\">SWIFT ICBKMOMX<\/span><br \/>\n<span style=\"color: #ff0000\"><strong><span style=\"color: #0000ff\">Banco Tai Fung<\/span><\/strong>, MOP, n\u00famero 201-1-10530-7<\/span><br \/>\n<span style=\"color: #ff0000\"><strong><span style=\"color: #0000ff\">Banco Tai Fung<\/span><\/strong>, HKD, n\u00famero 101-1-12983-3<\/span><br \/>\n<span style=\"color: #ff0000\">SWIFT TFBLMOMX<\/span><br \/>\n<span style=\"color: #ff0000\"><span style=\"color: #0000ff\"><strong>PayPal<\/strong><\/span>, albano@animamacau.org<\/span><br \/>\n<em><span style=\"color: #ff0000\">e informe-nos da sua doa\u00e7\u00e3o para anima@macau.ctm.net e info@animamacau.org<\/span><\/em><\/p>\n","protected":false},"excerpt":{"rendered":"<p>&lt;24-04-2021&gt; C2250-Nora (F), ent\u00e3o com cerca de dois anos de idade, foi resgatada pela Anima a 11 de dezembro de 2019, no seguimento de uma chamada a informar que v\u00e1rios gatos estavam a ser atacados por c\u00e3es na zona da Colina da Penha. A Nora foi resgatada prenha e daria \u00e0 luz tr\u00eas gatinhos. Desde ent\u00e3o, permaneceu no nosso Para\u00edso dos Gatos. H\u00e1 alguns meses, a Nora come\u00e7ou a sentir dificuldades para respirar, a sofrer de diarreia e a perder o apetite. Seria levada a uma cl\u00ednica para consulta onde testou positivo para FCoV e FIV. Tamb\u00e9m existiam suspeitas de que estava infectada com FIP. Apesar de todos os cuidados m\u00e9dicos, o seu estado de sa\u00fade continuou a piorar. Seguindo aconselhamento m\u00e9dico-veterin\u00e1rio e recebido o consentimento de v\u00e1rios membros do conselho da Anima, a Nora foi eutanaziada numa cl\u00ednica privada num esfor\u00e7o para terminar com&#8230;<\/p>\n","protected":false},"author":21,"featured_media":116839,"comment_status":"closed","ping_status":"open","sticky":false,"template":"","format":"standard","meta":{"_acf_changed":false,"footnotes":""},"categories":[280,271],"tags":[],"class_list":["post-116842","post","type-post","status-publish","format-standard","has-post-thumbnail","hentry","category-falecidos","category-noticias"],"acf":[],"_links":{"self":[{"href":"https:\/\/www.animamacau.org\/pt-pt\/wp-json\/wp\/v2\/posts\/116842","targetHints":{"allow":["GET"]}}],"collection":[{"href":"https:\/\/www.animamacau.org\/pt-pt\/wp-json\/wp\/v2\/posts"}],"about":[{"href":"https:\/\/www.animamacau.org\/pt-pt\/wp-json\/wp\/v2\/types\/post"}],"author":[{"embeddable":true,"href":"https:\/\/www.animamacau.org\/pt-pt\/wp-json\/wp\/v2\/users\/21"}],"replies":[{"embeddable":true,"href":"https:\/\/www.animamacau.org\/pt-pt\/wp-json\/wp\/v2\/comments?post=116842"}],"version-history":[{"count":1,"href":"https:\/\/www.animamacau.org\/pt-pt\/wp-json\/wp\/v2\/posts\/116842\/revisions"}],"predecessor-version":[{"id":116843,"href":"https:\/\/www.animamacau.org\/pt-pt\/wp-json\/wp\/v2\/posts\/116842\/revisions\/116843"}],"wp:featuredmedia":[{"embeddable":true,"href":"https:\/\/www.animamacau.org\/pt-pt\/wp-json\/wp\/v2\/media\/116839"}],"wp:attachment":[{"href":"https:\/\/www.animamacau.org\/pt-pt\/wp-json\/wp\/v2\/media?parent=116842"}],"wp:term":[{"taxonomy":"category","embeddable":true,"href":"https:\/\/www.animamacau.org\/pt-pt\/wp-json\/wp\/v2\/categories?post=116842"},{"taxonomy":"post_tag","embeddable":true,"href":"https:\/\/www.animamacau.org\/pt-pt\/wp-json\/wp\/v2\/tags?post=116842"}],"curies":[{"name":"wp","href":"https:\/\/api.w.org\/{rel}","templated":true}]}}