{"id":29224,"date":"2016-02-09T07:59:50","date_gmt":"2016-02-09T07:59:50","guid":{"rendered":"http:\/\/animamacau.org\/\/sem-categoria\/anima-celebration-of-the-moon-lantern-festival-2\/"},"modified":"2016-03-02T10:33:19","modified_gmt":"2016-03-02T10:33:19","slug":"anima-celebration-of-the-moon-lantern-festival","status":"publish","type":"post","link":"https:\/\/www.animamacau.org\/pt-pt\/anima-celebration-of-the-moon-lantern-festival\/","title":{"rendered":"ANIMA- Celebra\u00e7\u00e3o do Festival Lunar das Lanternas!"},"content":{"rendered":"<p><strong><em>\u201cA celebra\u00e7\u00e3o do Festival Lunar das Lanternas\u201d<\/em> <\/strong>ter\u00e1 lugar no dia 22 de Fevereiro de 2016 no Albergue da SCM.<br \/>\nDurante o evento, a venda do trabalho art\u00edstico do <strong><em>Mestre Choi Chun Heng<\/em><\/strong> reverter\u00e1 para caridade.<br \/>\nEsse valor mais o que se recolher do<strong><em> \u201cPo\u00e7o dos Desejos\u201d<\/em> <\/strong>ser\u00e3o doados \u00e0 ANIMA.<br \/>\n<strong><em>Por favor participe e apoie este evento! Divirta-se no Festival!<\/em><\/strong><br \/>\n<strong><em>Ajude os animais de Macau!<\/em><\/strong><br \/>\n<strong><em>Dados sobre o evento:<\/em><\/strong><br \/>\n<strong>Nome<\/strong>: Celebra\u00e7\u00e3o do Festival Lunar das Lanternas<br \/>\n<strong>Data<\/strong>: 22 de Fevereiro de 2016 (Segunda-Feira)<br \/>\n<strong>Horas<\/strong>: 19:00-21:30<br \/>\n<strong>Local<\/strong>: Albergue SCM<br \/>\n<strong>Vendas para caridade<\/strong>: Trabalho art\u00edstico do Mestre Choi Chun Heng<\/p>\n<p><strong><em>Obrigado Arq. Carlos Marreiros, Mestre Choi Chun Heng e toda a equipa por mais uma vez apoiarem a Anima!<\/em><\/strong><\/p>\n<p>&nbsp;<\/p>\n<p>&nbsp;<\/p>\n<p>&nbsp;<\/p>\n<p><em>Ajude-nos doando para:<\/em><br \/>\n<strong>ANIMA \u2013 Sociedade Protectora dos Animais de Macau<\/strong><br \/>\npara as seguintes contas:<br \/>\n<strong>Banco Nacional Ultramarino<\/strong>, MOP conta n\u00famero 9003472840<br \/>\n<strong>Banco da China<\/strong>, MOP conta n\u00famero 01-01-20-794318<br \/>\n<strong>ICBC<\/strong>, MOP conta n\u00famero 0119100200000960934<br \/>\n(ICBC jetco, favor de n\u00e3o inserir os tr\u00eas primeiros d\u00edgitos)<br \/>\n<strong>Banco Tai Fung<\/strong>, MOP conta n\u00famero 201-1-10530-7<br \/>\n<strong>Banco Tai Fung<\/strong>, HKD conta n\u00famero 101-1-12983-3<br \/>\n<em>e informe-nos da sua doa\u00e7\u00e3o para anima@macau.ctm.net<\/em><\/p>\n\n\t\t<style type=\"text\/css\">\n\t\t\t#gallery-2 {\n\t\t\t\tmargin: auto;\n\t\t\t}\n\t\t\t#gallery-2 .gallery-item {\n\t\t\t\tfloat: left;\n\t\t\t\tmargin-top: 10px;\n\t\t\t\ttext-align: center;\n\t\t\t\twidth: 33%;\n\t\t\t}\n\t\t\t#gallery-2 img {\n\t\t\t\tborder: 2px solid #cfcfcf;\n\t\t\t}\n\t\t\t#gallery-2 .gallery-caption {\n\t\t\t\tmargin-left: 0;\n\t\t\t}\n\t\t\t\/* see gallery_shortcode() in wp-includes\/media.php *\/\n\t\t<\/style>\n\t\t<div id='gallery-2' class='gallery galleryid-29224 gallery-columns-3 gallery-size-thumbnail'><dl class='gallery-item'>\n\t\t\t<dt class='gallery-icon landscape'>\n\t\t\t\t<a href='https:\/\/www.animamacau.org\/pt-pt\/adoption\/1460-tasha\/2016-02-05-albergue-scm-3-3\/'><img loading=\"lazy\" decoding=\"async\" width=\"150\" height=\"150\" src=\"https:\/\/www.animamacau.org\/wp-content\/uploads\/2016\/02\/2016-02-05-Albergue-SCM-3-150x150.jpg\" class=\"attachment-thumbnail size-thumbnail\" alt=\"\" \/><\/a>\n\t\t\t<\/dt><\/dl><dl class='gallery-item'>\n\t\t\t<dt class='gallery-icon landscape'>\n\t\t\t\t<a href='https:\/\/www.animamacau.org\/pt-pt\/adoption\/1460-tasha\/2016-02-05-albergue-scm-8-3\/'><img loading=\"lazy\" decoding=\"async\" width=\"150\" height=\"150\" src=\"https:\/\/www.animamacau.org\/wp-content\/uploads\/2016\/02\/2016-02-05-Albergue-SCM-8-150x150.jpg\" class=\"attachment-thumbnail size-thumbnail\" alt=\"\" \/><\/a>\n\t\t\t<\/dt><\/dl><dl class='gallery-item'>\n\t\t\t<dt class='gallery-icon landscape'>\n\t\t\t\t<a href='https:\/\/www.animamacau.org\/pt-pt\/adoption\/1460-tasha\/2016-02-05-albergue-scm-10-3\/'><img loading=\"lazy\" decoding=\"async\" width=\"150\" height=\"150\" src=\"https:\/\/www.animamacau.org\/wp-content\/uploads\/2016\/02\/2016-02-05-Albergue-SCM-10-150x150.jpg\" class=\"attachment-thumbnail size-thumbnail\" alt=\"\" \/><\/a>\n\t\t\t<\/dt><\/dl><br style=\"clear: both\" \/><dl class='gallery-item'>\n\t\t\t<dt class='gallery-icon landscape'>\n\t\t\t\t<a href='https:\/\/www.animamacau.org\/pt-pt\/adoption\/1460-tasha\/2016-02-05-albergue-scm-2-3\/'><img loading=\"lazy\" decoding=\"async\" width=\"150\" height=\"150\" src=\"https:\/\/www.animamacau.org\/wp-content\/uploads\/2016\/02\/2016-02-05-Albergue-SCM-2-150x150.jpg\" class=\"attachment-thumbnail size-thumbnail\" alt=\"\" \/><\/a>\n\t\t\t<\/dt><\/dl>\n\t\t\t<br style='clear: both' \/>\n\t\t<\/div>\n\n<p><a href=\"http:\/\/animamacau.org\/\/wp-content\/uploads\/2016\/02\/2016-02-05-Albergue-SCM-11.jpg\"><img loading=\"lazy\" decoding=\"async\" class=\"alignnone size-full wp-image-27713\" src=\"http:\/\/animamacau.org\/\/wp-content\/uploads\/2016\/02\/2016-02-05-Albergue-SCM-11.jpg\" alt=\"2016-02-05-Albergue SCM (11)\" width=\"2448\" height=\"3264\" srcset=\"https:\/\/www.animamacau.org\/wp-content\/uploads\/2016\/02\/2016-02-05-Albergue-SCM-11.jpg 2448w, https:\/\/www.animamacau.org\/wp-content\/uploads\/2016\/02\/2016-02-05-Albergue-SCM-11-225x300.jpg 225w, https:\/\/www.animamacau.org\/wp-content\/uploads\/2016\/02\/2016-02-05-Albergue-SCM-11-768x1024.jpg 768w\" sizes=\"auto, (max-width: 2448px) 100vw, 2448px\" \/><\/a><\/p>\n","protected":false},"excerpt":{"rendered":"<p>\u201cA celebra\u00e7\u00e3o do Festival Lunar das Lanternas\u201d ter\u00e1 lugar no dia 22 de Fevereiro de 2016 no Albergue da SCM. Durante o evento, a venda do trabalho art\u00edstico do Mestre Choi Chun Heng reverter\u00e1 para caridade. Esse valor mais o que se recolher do \u201cPo\u00e7o dos Desejos\u201d ser\u00e3o doados \u00e0 ANIMA. Por favor participe e apoie este evento! Divirta-se no Festival! Ajude os animais de Macau! Dados sobre o evento: Nome: Celebra\u00e7\u00e3o do Festival Lunar das Lanternas Data: 22 de Fevereiro de 2016 (Segunda-Feira) Horas: 19:00-21:30 Local: Albergue SCM Vendas para caridade: Trabalho art\u00edstico do Mestre Choi Chun Heng Obrigado Arq. Carlos Marreiros, Mestre Choi Chun Heng e toda a equipa por mais uma vez apoiarem a Anima! &nbsp; &nbsp; &nbsp; Ajude-nos doando para: ANIMA \u2013 Sociedade Protectora dos Animais de Macau para as seguintes contas: Banco Nacional Ultramarino, MOP conta n\u00famero 9003472840 Banco da&#8230;<\/p>\n","protected":false},"author":14,"featured_media":27688,"comment_status":"closed","ping_status":"open","sticky":false,"template":"","format":"gallery","meta":{"_acf_changed":false,"footnotes":""},"categories":[265,269,271,275],"tags":[],"class_list":["post-29224","post","type-post","status-publish","format-gallery","has-post-thumbnail","hentry","category-eventos","category-eventos-doadores","category-noticias","category-publicidade","post_format-post-format-gallery"],"acf":[],"_links":{"self":[{"href":"https:\/\/www.animamacau.org\/pt-pt\/wp-json\/wp\/v2\/posts\/29224","targetHints":{"allow":["GET"]}}],"collection":[{"href":"https:\/\/www.animamacau.org\/pt-pt\/wp-json\/wp\/v2\/posts"}],"about":[{"href":"https:\/\/www.animamacau.org\/pt-pt\/wp-json\/wp\/v2\/types\/post"}],"author":[{"embeddable":true,"href":"https:\/\/www.animamacau.org\/pt-pt\/wp-json\/wp\/v2\/users\/14"}],"replies":[{"embeddable":true,"href":"https:\/\/www.animamacau.org\/pt-pt\/wp-json\/wp\/v2\/comments?post=29224"}],"version-history":[{"count":2,"href":"https:\/\/www.animamacau.org\/pt-pt\/wp-json\/wp\/v2\/posts\/29224\/revisions"}],"predecessor-version":[{"id":29225,"href":"https:\/\/www.animamacau.org\/pt-pt\/wp-json\/wp\/v2\/posts\/29224\/revisions\/29225"}],"wp:featuredmedia":[{"embeddable":true,"href":"https:\/\/www.animamacau.org\/pt-pt\/wp-json\/wp\/v2\/media\/27688"}],"wp:attachment":[{"href":"https:\/\/www.animamacau.org\/pt-pt\/wp-json\/wp\/v2\/media?parent=29224"}],"wp:term":[{"taxonomy":"category","embeddable":true,"href":"https:\/\/www.animamacau.org\/pt-pt\/wp-json\/wp\/v2\/categories?post=29224"},{"taxonomy":"post_tag","embeddable":true,"href":"https:\/\/www.animamacau.org\/pt-pt\/wp-json\/wp\/v2\/tags?post=29224"}],"curies":[{"name":"wp","href":"https:\/\/api.w.org\/{rel}","templated":true}]}}