{"id":29731,"date":"2016-03-11T12:46:15","date_gmt":"2016-03-11T12:46:15","guid":{"rendered":"http:\/\/animamacau.org\/\/sem-categoria\/animais-direito-e-direitos-animals-law-and-rights-2\/"},"modified":"2016-03-11T12:55:14","modified_gmt":"2016-03-11T12:55:14","slug":"animais-direito-e-direitos-animals-law-and-rights","status":"publish","type":"post","link":"https:\/\/www.animamacau.org\/pt-pt\/animais-direito-e-direitos-animals-law-and-rights\/","title":{"rendered":"Animais: Direito e Direitos (Animals: Law and Rights)!"},"content":{"rendered":"<p>A Funda\u00e7\u00e3o Rui Cunha levar\u00e1 a cabo uma palestra na pr\u00f3xima Quarta-Feira dia 16 de Mar\u00e7o pelas 18:30 relativa ao projecto de Lei sobre Protec\u00e7\u00e3o dos Animais em discuss\u00e3o na Assembleia Legislativa.<\/p>\n<p>A palestra ser\u00e1 em lingua Portuguesa com tradu\u00e7\u00e3o para a lingua Chinesa e ter\u00e1 como oradores Albano Martins, Presidente da Anima, Paulo Cardinal, Jurista e o Veterin\u00e1rio Jorge Boavida.<\/p>\n<p><strong><em>Por favor venha e participe!<\/em><\/strong><br \/>\n<strong><em>Por favor ajude-nos a ajud\u00e1-los!<\/em><\/strong><\/p>\n<p><a href=\"http:\/\/animamacau.org\/\/wp-content\/uploads\/2016\/03\/poster-Fuda\u00e7\u00e3o-Rui-Cunha-Animais-e-Direiros.jpg\"><img loading=\"lazy\" decoding=\"async\" class=\"alignnone size-large wp-image-29664\" src=\"http:\/\/animamacau.org\/\/wp-content\/uploads\/2016\/03\/poster-Fuda\u00e7\u00e3o-Rui-Cunha-Animais-e-Direiros-685x1024.jpg\" alt=\"poster-Fuda\u00e7\u00e3o Rui Cunha-Animais e Direiros\" width=\"685\" height=\"1024\" srcset=\"https:\/\/www.animamacau.org\/wp-content\/uploads\/2016\/03\/poster-Fuda\u00e7\u00e3o-Rui-Cunha-Animais-e-Direiros-685x1024.jpg 685w, https:\/\/www.animamacau.org\/wp-content\/uploads\/2016\/03\/poster-Fuda\u00e7\u00e3o-Rui-Cunha-Animais-e-Direiros-201x300.jpg 201w, https:\/\/www.animamacau.org\/wp-content\/uploads\/2016\/03\/poster-Fuda\u00e7\u00e3o-Rui-Cunha-Animais-e-Direiros.jpg 912w\" sizes=\"auto, (max-width: 685px) 100vw, 685px\" \/><\/a><\/p>\n","protected":false},"excerpt":{"rendered":"<p>A Funda\u00e7\u00e3o Rui Cunha levar\u00e1 a cabo uma palestra na pr\u00f3xima Quarta-Feira dia 16 de Mar\u00e7o pelas 18:30 relativa ao projecto de Lei sobre Protec\u00e7\u00e3o dos Animais em discuss\u00e3o na Assembleia Legislativa. A palestra ser\u00e1 em lingua Portuguesa com tradu\u00e7\u00e3o para a lingua Chinesa e ter\u00e1 como oradores Albano Martins, Presidente da Anima, Paulo Cardinal, Jurista e o Veterin\u00e1rio Jorge Boavida. Por favor venha e participe! Por favor ajude-nos a ajud\u00e1-los!<\/p>\n","protected":false},"author":14,"featured_media":29663,"comment_status":"closed","ping_status":"open","sticky":false,"template":"","format":"standard","meta":{"_acf_changed":false,"footnotes":""},"categories":[265],"tags":[],"class_list":["post-29731","post","type-post","status-publish","format-standard","has-post-thumbnail","hentry","category-eventos"],"acf":[],"_links":{"self":[{"href":"https:\/\/www.animamacau.org\/pt-pt\/wp-json\/wp\/v2\/posts\/29731","targetHints":{"allow":["GET"]}}],"collection":[{"href":"https:\/\/www.animamacau.org\/pt-pt\/wp-json\/wp\/v2\/posts"}],"about":[{"href":"https:\/\/www.animamacau.org\/pt-pt\/wp-json\/wp\/v2\/types\/post"}],"author":[{"embeddable":true,"href":"https:\/\/www.animamacau.org\/pt-pt\/wp-json\/wp\/v2\/users\/14"}],"replies":[{"embeddable":true,"href":"https:\/\/www.animamacau.org\/pt-pt\/wp-json\/wp\/v2\/comments?post=29731"}],"version-history":[{"count":2,"href":"https:\/\/www.animamacau.org\/pt-pt\/wp-json\/wp\/v2\/posts\/29731\/revisions"}],"predecessor-version":[{"id":29733,"href":"https:\/\/www.animamacau.org\/pt-pt\/wp-json\/wp\/v2\/posts\/29731\/revisions\/29733"}],"wp:featuredmedia":[{"embeddable":true,"href":"https:\/\/www.animamacau.org\/pt-pt\/wp-json\/wp\/v2\/media\/29663"}],"wp:attachment":[{"href":"https:\/\/www.animamacau.org\/pt-pt\/wp-json\/wp\/v2\/media?parent=29731"}],"wp:term":[{"taxonomy":"category","embeddable":true,"href":"https:\/\/www.animamacau.org\/pt-pt\/wp-json\/wp\/v2\/categories?post=29731"},{"taxonomy":"post_tag","embeddable":true,"href":"https:\/\/www.animamacau.org\/pt-pt\/wp-json\/wp\/v2\/tags?post=29731"}],"curies":[{"name":"wp","href":"https:\/\/api.w.org\/{rel}","templated":true}]}}