{"id":30213,"date":"2016-03-16T03:13:43","date_gmt":"2016-03-16T03:13:43","guid":{"rendered":"http:\/\/animamacau.org\/\/sem-categoria\/anima-fundacao-rui-cunha-animals-law-and-rights-2\/"},"modified":"2016-03-21T10:57:46","modified_gmt":"2016-03-21T10:57:46","slug":"anima-fundacao-rui-cunha-animals-law-and-rights","status":"publish","type":"post","link":"https:\/\/www.animamacau.org\/pt-pt\/anima-fundacao-rui-cunha-animals-law-and-rights\/","title":{"rendered":"Anima &#8211; Funda\u00e7\u00e3o Rui Cunha &#8211; Animais: Lei e Direitos!"},"content":{"rendered":"<p>Teve lugar hoje pelas 18:30 na Funda\u00e7\u00e3o Rui Cunha uma confer\u00eancia relativa ao projecto de Lei de Protec\u00e7\u00e3o de Animais em discuss\u00e3o na Assembleia Legislativa.<br \/>\nA confer\u00eancia foi em lingua Portuguesa com tradu\u00e7\u00e3o simult\u00e2nea para a l\u00edngua Chinesa e os oradores convidados foram o Presidente da Anima Albano Martins, o jurista Paulo Cardinal e os veterin\u00e1rios Jorge Boavida e Ng Tung Ming.<br \/>\nA interven\u00e7\u00e3o do nosso Presidente centrou-se em v\u00e1rios assuntos dessa lei com que a Anima n\u00e3o concorda e um filme foi mostrado com casos reais de crueldade retirados do dia-a-dia da Anima.<br \/>\n<em><strong>N\u00f3s estamos contra:<\/strong><\/em><br \/>\n1.as principais raz\u00f5es da lei que parecem mais preocupadas com a sa\u00fade humana e a estabilidade p\u00fablica do que com o bem-estar animal;<br \/>\n2.o conceito de abandono (se abandonado no canil a lei considera que n\u00e3o \u00e9 abandono e n\u00f3s discordamos.<br \/>\nNo final do dia o IACM vai ser chamado para matar os animais abandonados no Canil pois n\u00e3o tem capacidade para acomodar todos esses animais.<br \/>\nTrata-se de uma decis\u00e3o errada at\u00e9 para o Governo que mais uma vez vai ser criticado for matar);<br \/>\n3. a ideia de a\u00e7aimar todos os animais ou todos os animais com peso igual ou superior a 23 kilos como prop\u00f5e, neste \u00faltimo caso, uma associa\u00e7\u00e3o de protec\u00e7\u00e3o de animais local (n\u00f3s somos contra todos os a\u00e7aimes);<br \/>\n4.a ideia de n\u00e3o permitir que os gatos sejam registados e dessa forma terem um microchip tal como prop\u00f5e a mesma associa\u00e7\u00e3o de protec\u00e7\u00e3o de animais (para n\u00f3s essa decis\u00e3o n\u00e3o protege esses animais pelo que o seu registo e vacina contra a raiva devia ser totalmente gratuito para a comunidade).<br \/>\ntanto mais que o n\u00famero de gatos resgatados pela Anima \u00e9 maior do que o n\u00famero de c\u00e3es. Em dois anos foram resgatados pela anima 442 gatos que pareceram terem sido abandonados ou perdidos pelas fam\u00edlias.<br \/>\nEm 2008, o projecto de lei do governo j\u00e1\u00a0propunha o registo de gatos. Trata-se de um retrocesso!);<br \/>\n5.o conceito de maus tratos que \u00e9 um conceito vago.<br \/>\nPreferimos ao inv\u00e9s que se use o conceito de crueldade, tipificando toas as situa\u00e7\u00f5es de crueldade;<br \/>\n6.matar animais para aperfei\u00e7oamento de ra\u00e7a (discordamos da ideia, parece-nos uma ideia NAZI);<br \/>\n7.abrir-se uma janela de oportunidade para haver macacos nos laborat\u00f3rios em Macau.<br \/>\nTrata-se de um erro grave e nunca deveria ser aceite pelos nossos valores human\u00edsticos;<br \/>\n8.reduzir-se a pena de pris\u00e3o de tr\u00eas para um ano.<br \/>\nIsto leva-nos 40 anos para tr\u00e1s (a lei 9\/96\/M fixa j\u00e1 3 anos de pris\u00e3o por maus tratos.<br \/>\nEssa lei revogou a lei 52\/89 (pris\u00e3o at\u00e9 2 anos) que por sua vez revogou a lei 24\/72 (15 meses de pris\u00e3o, todas acima de um ano), etc, etc.<br \/>\nPor favor veja toda a correspond\u00eancia e informa\u00e7\u00e3o contida nas nossas cartas e artigos relativos \u00e0 nossa opini\u00e3o sobre essas mat\u00e9rias, enviadas \u00e0 Assembleia Legislativa e SAJ. Se quiser receber por email por favor contacte-nos atrav\u00e9s do email anima@macau.ctm.net !<br \/>\n<strong><em>Obrigado pelo vosso apoio!<\/em><\/strong><br \/>\n<strong><em>Os animais de estima\u00e7\u00e3o s\u00e3o para toda a vida!<\/em><\/strong><br \/>\n<strong><em>Nunca abandone o seu animal de estima\u00e7\u00e3o! Abandonar um animal de estima\u00e7\u00e3o \u00e9 crueldade!<\/em><\/strong><\/p>\n<p>&nbsp;<\/p>\n<p>&nbsp;<br \/>\n<em>Ajude-nos doando para:<\/em><br \/>\n<strong>ANIMA \u2013 Sociedade Protectora dos Animais de Macau<\/strong><br \/>\npara as seguintes contas:<br \/>\n<strong>Banco Nacional Ultramarino<\/strong>, MOP conta n\u00famero 9003472840<br \/>\n<strong>Banco da China<\/strong>, MOP conta n\u00famero 01-01-20-794318<br \/>\n<strong>ICBC<\/strong>, MOP conta n\u00famero 0119100200000960934<br \/>\n(ICBC jetco, favor de n\u00e3o inserir os tr\u00eas primeiros d\u00edgitos)<br \/>\n<strong>Banco Tai Fung<\/strong>, MOP conta n\u00famero 201-1-10530-7<br \/>\n<strong>Banco Tai Fung<\/strong>, HKD conta n\u00famero 101-1-12983-3<br \/>\n<em>e informe-nos da sua doa\u00e7\u00e3o para anima@macau.ctm.net<\/em><\/p>\n\n\t\t<style type=\"text\/css\">\n\t\t\t#gallery-2 {\n\t\t\t\tmargin: auto;\n\t\t\t}\n\t\t\t#gallery-2 .gallery-item {\n\t\t\t\tfloat: left;\n\t\t\t\tmargin-top: 10px;\n\t\t\t\ttext-align: center;\n\t\t\t\twidth: 33%;\n\t\t\t}\n\t\t\t#gallery-2 img {\n\t\t\t\tborder: 2px solid #cfcfcf;\n\t\t\t}\n\t\t\t#gallery-2 .gallery-caption {\n\t\t\t\tmargin-left: 0;\n\t\t\t}\n\t\t\t\/* see gallery_shortcode() in wp-includes\/media.php *\/\n\t\t<\/style>\n\t\t<div id='gallery-2' class='gallery galleryid-30213 gallery-columns-3 gallery-size-thumbnail'><dl class='gallery-item'>\n\t\t\t<dt class='gallery-icon landscape'>\n\t\t\t\t<a href='https:\/\/www.animamacau.org\/pt-pt\/anima-fundacao-rui-cunha-animals-law-and-rights\/fundacao-rui-cunha-16-03-2016-jpg-4-3\/'><img loading=\"lazy\" decoding=\"async\" width=\"150\" height=\"150\" src=\"https:\/\/www.animamacau.org\/wp-content\/uploads\/2016\/03\/Fundacao-Rui-Cunha-16-03-2016.jpg-4-150x150.jpg\" class=\"attachment-thumbnail size-thumbnail\" alt=\"\" \/><\/a>\n\t\t\t<\/dt><\/dl><dl class='gallery-item'>\n\t\t\t<dt class='gallery-icon landscape'>\n\t\t\t\t<a href='https:\/\/www.animamacau.org\/pt-pt\/anima-fundacao-rui-cunha-animals-law-and-rights\/fundacao-rui-cunha-16-03-2016-5-3\/'><img loading=\"lazy\" decoding=\"async\" width=\"150\" height=\"150\" src=\"https:\/\/www.animamacau.org\/wp-content\/uploads\/2016\/03\/Fundacao-Rui-Cunha-16-03-2016-5-150x150.jpg\" class=\"attachment-thumbnail size-thumbnail\" alt=\"\" \/><\/a>\n\t\t\t<\/dt><\/dl><dl class='gallery-item'>\n\t\t\t<dt class='gallery-icon landscape'>\n\t\t\t\t<a href='https:\/\/www.animamacau.org\/pt-pt\/anima-fundacao-rui-cunha-animals-law-and-rights\/fundacao-rui-cunha-16-03-2016-3-3\/'><img loading=\"lazy\" decoding=\"async\" width=\"150\" height=\"150\" src=\"https:\/\/www.animamacau.org\/wp-content\/uploads\/2016\/03\/Fundacao-Rui-Cunha-16-03-2016-3-150x150.jpg\" class=\"attachment-thumbnail size-thumbnail\" alt=\"\" \/><\/a>\n\t\t\t<\/dt><\/dl><br style=\"clear: both\" \/><dl class='gallery-item'>\n\t\t\t<dt class='gallery-icon landscape'>\n\t\t\t\t<a href='https:\/\/www.animamacau.org\/pt-pt\/anima-fundacao-rui-cunha-animals-law-and-rights\/fundacao-rui-cunha-16-03-2016-6\/'><img loading=\"lazy\" decoding=\"async\" width=\"150\" height=\"150\" src=\"https:\/\/www.animamacau.org\/wp-content\/uploads\/2016\/03\/Fundacao-Rui-Cunha-16-03-2016-150x150.jpg\" class=\"attachment-thumbnail size-thumbnail\" alt=\"\" \/><\/a>\n\t\t\t<\/dt><\/dl>\n\t\t\t<br style='clear: both' \/>\n\t\t<\/div>\n\n","protected":false},"excerpt":{"rendered":"<p>Teve lugar hoje pelas 18:30 na Funda\u00e7\u00e3o Rui Cunha uma confer\u00eancia relativa ao projecto de Lei de Protec\u00e7\u00e3o de Animais em discuss\u00e3o na Assembleia Legislativa. A confer\u00eancia foi em lingua Portuguesa com tradu\u00e7\u00e3o simult\u00e2nea para a l\u00edngua Chinesa e os oradores convidados foram o Presidente da Anima Albano Martins, o jurista Paulo Cardinal e os veterin\u00e1rios Jorge Boavida e Ng Tung Ming. A interven\u00e7\u00e3o do nosso Presidente centrou-se em v\u00e1rios assuntos dessa lei com que a Anima n\u00e3o concorda e um filme foi mostrado com casos reais de crueldade retirados do dia-a-dia da Anima. N\u00f3s estamos contra: 1.as principais raz\u00f5es da lei que parecem mais preocupadas com a sa\u00fade humana e a estabilidade p\u00fablica do que com o bem-estar animal; 2.o conceito de abandono (se abandonado no canil a lei considera que n\u00e3o \u00e9 abandono e n\u00f3s discordamos. No final do dia o IACM vai&#8230;<\/p>\n","protected":false},"author":14,"featured_media":29957,"comment_status":"closed","ping_status":"open","sticky":false,"template":"","format":"gallery","meta":{"_acf_changed":false,"footnotes":""},"categories":[294,271],"tags":[],"class_list":["post-30213","post","type-post","status-publish","format-gallery","has-post-thumbnail","hentry","category-nossas-visitas","category-noticias","post_format-post-format-gallery"],"acf":[],"_links":{"self":[{"href":"https:\/\/www.animamacau.org\/pt-pt\/wp-json\/wp\/v2\/posts\/30213","targetHints":{"allow":["GET"]}}],"collection":[{"href":"https:\/\/www.animamacau.org\/pt-pt\/wp-json\/wp\/v2\/posts"}],"about":[{"href":"https:\/\/www.animamacau.org\/pt-pt\/wp-json\/wp\/v2\/types\/post"}],"author":[{"embeddable":true,"href":"https:\/\/www.animamacau.org\/pt-pt\/wp-json\/wp\/v2\/users\/14"}],"replies":[{"embeddable":true,"href":"https:\/\/www.animamacau.org\/pt-pt\/wp-json\/wp\/v2\/comments?post=30213"}],"version-history":[{"count":2,"href":"https:\/\/www.animamacau.org\/pt-pt\/wp-json\/wp\/v2\/posts\/30213\/revisions"}],"predecessor-version":[{"id":30215,"href":"https:\/\/www.animamacau.org\/pt-pt\/wp-json\/wp\/v2\/posts\/30213\/revisions\/30215"}],"wp:featuredmedia":[{"embeddable":true,"href":"https:\/\/www.animamacau.org\/pt-pt\/wp-json\/wp\/v2\/media\/29957"}],"wp:attachment":[{"href":"https:\/\/www.animamacau.org\/pt-pt\/wp-json\/wp\/v2\/media?parent=30213"}],"wp:term":[{"taxonomy":"category","embeddable":true,"href":"https:\/\/www.animamacau.org\/pt-pt\/wp-json\/wp\/v2\/categories?post=30213"},{"taxonomy":"post_tag","embeddable":true,"href":"https:\/\/www.animamacau.org\/pt-pt\/wp-json\/wp\/v2\/tags?post=30213"}],"curies":[{"name":"wp","href":"https:\/\/api.w.org\/{rel}","templated":true}]}}