{"id":30941,"date":"2016-03-28T16:43:57","date_gmt":"2016-03-28T16:43:57","guid":{"rendered":"http:\/\/animamacau.org\/\/sem-categoria\/all-animals-must-be-treated-with-dignity-2\/"},"modified":"2016-03-29T04:19:49","modified_gmt":"2016-03-29T04:19:49","slug":"all-animals-must-be-treated-with-dignity","status":"publish","type":"post","link":"https:\/\/www.animamacau.org\/pt-pt\/all-animals-must-be-treated-with-dignity\/","title":{"rendered":"Todos os animais devem ser tratados com dignidade!"},"content":{"rendered":"<p><strong><em>Para a sua pr\u00f3pria seguran\u00e7a, gostaria de ser a\u00e7aimado?<\/em><\/strong><br \/>\n<strong><em>Para a sua pr\u00f3pria seguran\u00e7a, gostaria de ser encarcerado?<\/em><\/strong><\/p>\n<p>A Anima \u00e9 uma Sociedade que protege todos os animais e n\u00e3o apenas c\u00e3es, gatos, p\u00e1ssaros ou coelhos.<br \/>\n<strong><em>Qualquer criatura que tenha vida merece as nossas preocupa\u00e7\u00f5es.<\/em><\/strong><br \/>\nNenhum animal, incluindo os que pertencem \u00e0 nossa cadeia de consumo (nem todos n\u00f3s somos assumidamente vegetarianos), devem ser tratados com crueldade.<br \/>\nOs animais que pertencem \u00e0 nossa cadeia de consumo devem ser respeitados, pelo que qualquer tratamento desnecessariamente cruel deve ser evitado e severamente punido, sendo o caso.<br \/>\nSomos uma associa\u00e7\u00e3o que respeita os valores fundamentais da vida.<br \/>\nComo tal, n\u00e3o matamos, a n\u00e3o ser em situa\u00e7\u00e3o extrema. nomeadamente quando um animal entra em sofrimento e nenhum tratamento \u00e9 poss\u00edvel para reverter a situa\u00e7\u00e3o! A vida \u00e9 a coisa mais importante que possu\u00edmos e, naturalmente, tamb\u00e9m assim deve ser considerada para os animais!<br \/>\nH\u00e1 organiza\u00e7\u00f5es de protec\u00e7\u00e3o de animais que matam porque pensam que \u00a0matar \u00e9 melhor do que deix\u00e1-los viver com risco de vida fora das nossas casas, nas ruas e nas montanhas.<br \/>\n<strong><em>Podemos perceber as raz\u00f5es por detr\u00e1s desse tipo de pol\u00edtica, mas discordamos!<\/em> <\/strong><br \/>\nEssas organiza\u00e7\u00f5es matam animais mais velhos e animais que consideram n\u00e3o adopt\u00e1veis ou com menos possibilidades de serem adoptados, como forma de dar mais oportunidades aos animais mais jovens ou mais adopt\u00e1veis, para encontrar fam\u00edlias, pois o espa\u00e7o, claro, entendemos, \u00e9 limitado.<br \/>\n<strong><em>Podemos perceber essas preocupa\u00e7\u00f5es, mas discordamos!<\/em> <\/strong><br \/>\nContudo, alguns grupos de volunt\u00e1rios por motu pr\u00f3prio ou agrupados em pr\u00f3-organiza\u00e7\u00f5es n\u00e3o profissionais de protec\u00e7\u00e3o de animais, muitas vezes ignorantes em quest\u00f5es de bem-estar animal ou sem preocupa\u00e7\u00f5es sobre a dignidade que uma vida deve ter, preferem ancarcerar os animais, muitas vezes para quase toda a vida, em jaulas pequen\u00edssimas porque acham que lhes est\u00e3o a salvar a vida dos riscos l\u00e1 de fora. <strong><em>Resgatam animais das ruas sem se preocuparem depois com o tipo de vida que v\u00e3o ter depois!<\/em> <\/strong><br \/>\nPara esse tipo de pessoas, esse cativeiro, muitas vezes para toda a vida, em jaulas min\u00fasculas, \u00e9 uma op\u00e7\u00e3o aceit\u00e1vel. Para eles, p\u00f4r a\u00e7aimes em animais apenas pelo facto de serem maiores, mesmo sem passado de qualquer viol\u00eancia, \u00e9 tamb\u00e9m uma op\u00e7\u00e3o!<br \/>\n<strong><em>N\u00e3o percebemos como \u00e9 que activistas pelos direitos dos animais apoiam isso e, claro, estamos redondamente contra!<\/em> <\/strong><br \/>\nTodas as formas de cativeiro s\u00f3 podem ser aceites temporariamente e como um passo para a liberdade! <strong><em>O cativeiro como regra e como op\u00e7\u00e3o \u00e9 uma atitude doentia e constitui agress\u00e3o aos princ\u00edpios \u00e9ticos e uma crueldade infame!<\/em><\/strong><\/p>\n<p><strong><em>Os Abrigos de animais devem existir apenas como uma emerg\u00eancia para salvar animais at\u00e9 encontrarem uma fam\u00edlia!<\/em><\/strong><br \/>\n<strong><em>Os Abrigos de animais n\u00e3o s\u00e3o a melhor solu\u00e7\u00e3o para eles nem t\u00e3o-pouco o local mais seguro para viverem!<\/em><\/strong><\/p>\n<p>Ficar\u00edamos mais felizes se todos os animais, agora connosco, fossem adoptados, se nenhum animal fosse abandonado e se os Abrigos deixassem de ter raz\u00f5es para existir!<br \/>\nInfelizmente, isto \u00e9 ainda um sonho mas, como humanos, os \u201csonhos devem comandar as nossas vidas\u201d!<br \/>\n<strong><em>Acreditem em mim, os Abrigos n\u00e3o s\u00e3o a melhor solu\u00e7\u00e3o para ningu\u00e9m, incluindo, claro, para os animais n\u00e3o humanos!<\/em><\/strong><br \/>\n<strong><em>Uma fam\u00edlia \u00e9 a \u00fanica solu\u00e7\u00e3o para a vida para os animais de estima\u00e7\u00e3o, desde que a\u00ed encontrem a liberdade \u201ct\u00e3o livre\u201d como a que n\u00f3s como humanos almejamos!<\/em><\/strong><br \/>\n<strong><em>Se a liberdade \u00e9 a coisa mais importante que possu\u00edmos, ent\u00e3o por que coart\u00e1-la aos animais?<\/em><\/strong><\/p>\n<p><strong><em>Quando os Abrigos surgem como uma solu\u00e7\u00e3o transit\u00f3ria, claro que devem estar sujeitos a regras que garantam a necess\u00e1ria dignidade aos animais!<\/em><\/strong><\/p>\n<p>Nos Abrigos, os animais devem viver em grupo com os seus companheiros, terem per\u00edodos de recreio e viverem com o melhor que n\u00f3s, humanos, podemos oferecer!<br \/>\n<strong><em>Quem encarcera animais como princ\u00edpio e os isola de outros, est\u00e1 a violar padr\u00f5es de dignidade humana internacionalmente aceites, princ\u00edpios \u00e9ticos que devem presidir a resgates s\u00e3os e a regras de bem-estar animal!<\/em><\/strong><\/p>\n<p><strong><em>Diga-me se prefere correr o risco de viver livre ou prefere, ao inv\u00e9s, viver encarcerado numa (pequena) gaiola o resto dos seus dias?<\/em><\/strong><\/p>\n<p>Este ultimo tipo de op\u00e7\u00e3o confina crueldade, estupidez, ignor\u00e2ncia e constitui uma viol\u00eancia grosseira para com todas as regras da dignidade e do respeito para com n\u00f3s pr\u00f3prios!<br \/>\nApanhar animais onde est\u00e3o, em locais que muitas vezes n\u00e3o s\u00e3o totalmente seguros, para coloc\u00e1-los a seguir nesse tipo de cativeiro, muitas vezes para a vida inteira, \u00e9 doentio!<br \/>\nRetirar animais do ambiente onde vivem, que pode n\u00e3o ser totalmente seguro para eles, para a seguir junt\u00e1-los com outros animais sem cuidar de os socializar de forma segura, \u00e9 crueldade. A seguir podem matar ou serem mortos pelos outros!<br \/>\n<strong><em>\u00c9 isso que quer?<\/em><\/strong><br \/>\n<strong><em>N\u00f3s n\u00e3o! Recusamos ser chantagiados para transformar a Anima num armaz\u00e9m de animais!<\/em><\/strong><\/p>\n<p><strong><em>Esta \u00e9 a raz\u00e3o fundamental porque lan\u00e7\u00e1mos o nosso Programa de Protec\u00e7\u00e3o Especial (PPE),<\/em><\/strong> como tentativa para apoiar da melhor forma que sabemos as col\u00f3nias de animais que vivem fora da Anima, dadas as nossas limita\u00e7\u00f5es e os princ\u00edpios b\u00e1sicos que nos norteiam: as nossas instala\u00e7\u00f5es s\u00e3o limitadas, n\u00e3o matamos, n\u00e3o encarceramos e s\u00f3 aceitamos o alojamento em grupo dos nossos animais, o que torna a socializa\u00e7\u00e3o bem mais dif\u00edcil, mas aceitamos viver com isso!<br \/>\nCom este programa mantemos esses animais em liberdade no seu ambiente de origem, procedemos \u00e0 sua esteriliza\u00e7\u00e3o, alimentamo-los e garantimos protec\u00e7\u00e3o e cuidados m\u00e9dicos que forem necess\u00e1rios, dentro das nossas capacidades. Uma vez doentes, vamos busc\u00e1-los e tratamos deles para de seguida voltarmos a coloc\u00e1-los no seu s\u00edtio. Alguns ficam semanas a fio connosco at\u00e9 ficarem preparados para regressar. Outros, como excep\u00e7\u00e3o, nunca regressar\u00e3o pois perderam pernas, est\u00e3o velhos ou s\u00e3o novos de mais, para conseguirem sobreviver l\u00e1 fora.<br \/>\nTemos consci\u00eancia das nossas limita\u00e7\u00f5es! Mas assumidamente decidimos n\u00e3o matar, n\u00e3o encarcerar ou n\u00e3o alojar animais s\u00f3zinhos, mesmo que isso nos retire capacidade para podermos salvar outros! O ano passado este programa ficou-nos acima das 500 mil patacas!<\/p>\n<p>Lamentamos se n\u00e3o concordar connosco!<\/p>\n<p>Por isso, de dois em dois anos, na Anima, como membro, voc\u00ea tem a possibilidade de eleger novos corpos gerentes. Quem tiver posi\u00e7\u00e3o diferente da nossa pode livremente candidatar-se aos nossos corpos gerentes e promover o seu programa!<\/p>\n<p>Se realmente quer ajudar-nos, ou ajudar qualquer outra organiza\u00e7\u00e3o que respeite essas regras de dignidade, por favor seja pelo menos m\u00ednimamente activo ajudando-nos a ajud\u00e1-los, da maneira que sabe e pode!<br \/>\nFalar \u00e9 f\u00e1cil, fazer \u00e9 bem mais complicado!<br \/>\n<strong><em>Obrigado!<\/em><\/strong><br \/>\n<em>Albano Martins<\/em><br \/>\n<em>Presidente<\/em><\/p>\n\n\t\t<style type=\"text\/css\">\n\t\t\t#gallery-2 {\n\t\t\t\tmargin: auto;\n\t\t\t}\n\t\t\t#gallery-2 .gallery-item {\n\t\t\t\tfloat: left;\n\t\t\t\tmargin-top: 10px;\n\t\t\t\ttext-align: center;\n\t\t\t\twidth: 33%;\n\t\t\t}\n\t\t\t#gallery-2 img {\n\t\t\t\tborder: 2px solid #cfcfcf;\n\t\t\t}\n\t\t\t#gallery-2 .gallery-caption {\n\t\t\t\tmargin-left: 0;\n\t\t\t}\n\t\t\t\/* see gallery_shortcode() in wp-includes\/media.php *\/\n\t\t<\/style>\n\t\t<div id='gallery-2' class='gallery galleryid-30941 gallery-columns-3 gallery-size-thumbnail'><dl class='gallery-item'>\n\t\t\t<dt class='gallery-icon landscape'>\n\t\t\t\t<a href='https:\/\/www.animamacau.org\/pt-pt\/all-animals-must-be-treated-with-dignity\/human-caged-5-5\/'><img loading=\"lazy\" decoding=\"async\" width=\"150\" height=\"150\" src=\"https:\/\/www.animamacau.org\/wp-content\/uploads\/2016\/03\/human-caged-51-150x150.jpg\" class=\"attachment-thumbnail size-thumbnail\" alt=\"\" \/><\/a>\n\t\t\t<\/dt><\/dl><dl class='gallery-item'>\n\t\t\t<dt class='gallery-icon landscape'>\n\t\t\t\t<a href='https:\/\/www.animamacau.org\/pt-pt\/all-animals-must-be-treated-with-dignity\/muzzled-animal3-5\/'><img loading=\"lazy\" decoding=\"async\" width=\"150\" height=\"150\" src=\"https:\/\/www.animamacau.org\/wp-content\/uploads\/2016\/03\/muzzled-animal31-150x150.jpg\" class=\"attachment-thumbnail size-thumbnail\" alt=\"\" \/><\/a>\n\t\t\t<\/dt><\/dl><dl class='gallery-item'>\n\t\t\t<dt class='gallery-icon landscape'>\n\t\t\t\t<a href='https:\/\/www.animamacau.org\/pt-pt\/all-animals-must-be-treated-with-dignity\/animal-caged-1-5\/'><img loading=\"lazy\" decoding=\"async\" width=\"150\" height=\"150\" src=\"https:\/\/www.animamacau.org\/wp-content\/uploads\/2016\/03\/animal-caged-11-150x150.jpg\" class=\"attachment-thumbnail size-thumbnail\" alt=\"\" \/><\/a>\n\t\t\t<\/dt><\/dl><br style=\"clear: both\" \/><dl class='gallery-item'>\n\t\t\t<dt class='gallery-icon landscape'>\n\t\t\t\t<a href='https:\/\/www.animamacau.org\/pt-pt\/all-animals-must-be-treated-with-dignity\/muzzled-animal5-5\/'><img loading=\"lazy\" decoding=\"async\" width=\"150\" height=\"150\" src=\"https:\/\/www.animamacau.org\/wp-content\/uploads\/2016\/03\/muzzled-animal51-150x150.jpg\" class=\"attachment-thumbnail size-thumbnail\" alt=\"\" \/><\/a>\n\t\t\t<\/dt><\/dl><dl class='gallery-item'>\n\t\t\t<dt class='gallery-icon landscape'>\n\t\t\t\t<a href='https:\/\/www.animamacau.org\/pt-pt\/all-animals-must-be-treated-with-dignity\/caged-human4-5\/'><img loading=\"lazy\" decoding=\"async\" width=\"150\" height=\"150\" src=\"https:\/\/www.animamacau.org\/wp-content\/uploads\/2016\/03\/caged-human41-150x150.jpg\" class=\"attachment-thumbnail size-thumbnail\" alt=\"\" \/><\/a>\n\t\t\t<\/dt><\/dl><dl class='gallery-item'>\n\t\t\t<dt class='gallery-icon landscape'>\n\t\t\t\t<a href='https:\/\/www.animamacau.org\/pt-pt\/all-animals-must-be-treated-with-dignity\/muzzled-animal-5\/'><img loading=\"lazy\" decoding=\"async\" width=\"150\" height=\"150\" src=\"https:\/\/www.animamacau.org\/wp-content\/uploads\/2016\/03\/muzzled-animal1-150x150.jpg\" class=\"attachment-thumbnail size-thumbnail\" alt=\"\" \/><\/a>\n\t\t\t<\/dt><\/dl><br style=\"clear: both\" \/><dl class='gallery-item'>\n\t\t\t<dt class='gallery-icon landscape'>\n\t\t\t\t<a href='https:\/\/www.animamacau.org\/pt-pt\/all-animals-must-be-treated-with-dignity\/caged-human2-5\/'><img loading=\"lazy\" decoding=\"async\" width=\"150\" height=\"150\" src=\"https:\/\/www.animamacau.org\/wp-content\/uploads\/2016\/03\/Caged-Human21-150x150.jpg\" class=\"attachment-thumbnail size-thumbnail\" alt=\"\" \/><\/a>\n\t\t\t<\/dt><\/dl><dl class='gallery-item'>\n\t\t\t<dt class='gallery-icon landscape'>\n\t\t\t\t<a href='https:\/\/www.animamacau.org\/pt-pt\/all-animals-must-be-treated-with-dignity\/muzzled-people-4-5\/'><img loading=\"lazy\" decoding=\"async\" width=\"150\" height=\"150\" src=\"https:\/\/www.animamacau.org\/wp-content\/uploads\/2016\/03\/muzzled-people-41-150x150.jpg\" class=\"attachment-thumbnail size-thumbnail\" alt=\"\" \/><\/a>\n\t\t\t<\/dt><\/dl><dl class='gallery-item'>\n\t\t\t<dt class='gallery-icon landscape'>\n\t\t\t\t<a href='https:\/\/www.animamacau.org\/pt-pt\/all-animals-must-be-treated-with-dignity\/muzzled-people-3-5\/'><img loading=\"lazy\" decoding=\"async\" width=\"150\" height=\"150\" src=\"https:\/\/www.animamacau.org\/wp-content\/uploads\/2016\/03\/muzzled-people-31-150x150.jpg\" class=\"attachment-thumbnail size-thumbnail\" alt=\"\" \/><\/a>\n\t\t\t<\/dt><\/dl><br style=\"clear: both\" \/><dl class='gallery-item'>\n\t\t\t<dt class='gallery-icon landscape'>\n\t\t\t\t<a href='https:\/\/www.animamacau.org\/pt-pt\/all-animals-must-be-treated-with-dignity\/human-caged-8\/'><img loading=\"lazy\" decoding=\"async\" width=\"150\" height=\"150\" src=\"https:\/\/www.animamacau.org\/wp-content\/uploads\/2016\/03\/human-caged1-150x150.jpg\" class=\"attachment-thumbnail size-thumbnail\" alt=\"\" \/><\/a>\n\t\t\t<\/dt><\/dl><dl class='gallery-item'>\n\t\t\t<dt class='gallery-icon landscape'>\n\t\t\t\t<a href='https:\/\/www.animamacau.org\/pt-pt\/all-animals-must-be-treated-with-dignity\/non-muzzled-animal2-5\/'><img loading=\"lazy\" decoding=\"async\" width=\"150\" height=\"150\" src=\"https:\/\/www.animamacau.org\/wp-content\/uploads\/2016\/03\/non-muzzled-animal21-150x150.jpg\" class=\"attachment-thumbnail size-thumbnail\" alt=\"\" \/><\/a>\n\t\t\t<\/dt><\/dl><dl class='gallery-item'>\n\t\t\t<dt class='gallery-icon landscape'>\n\t\t\t\t<a href='https:\/\/www.animamacau.org\/pt-pt\/all-animals-must-be-treated-with-dignity\/animal-caged-5-5\/'><img loading=\"lazy\" decoding=\"async\" width=\"150\" height=\"150\" src=\"https:\/\/www.animamacau.org\/wp-content\/uploads\/2016\/03\/animal-caged-51-150x150.jpg\" class=\"attachment-thumbnail size-thumbnail\" alt=\"\" \/><\/a>\n\t\t\t<\/dt><\/dl><br style=\"clear: both\" \/><dl class='gallery-item'>\n\t\t\t<dt class='gallery-icon landscape'>\n\t\t\t\t<a href='https:\/\/www.animamacau.org\/pt-pt\/all-animals-must-be-treated-with-dignity\/muzzled-animal2-5\/'><img loading=\"lazy\" decoding=\"async\" width=\"150\" height=\"150\" src=\"https:\/\/www.animamacau.org\/wp-content\/uploads\/2016\/03\/muzzled-animal21-150x150.jpg\" class=\"attachment-thumbnail size-thumbnail\" alt=\"\" \/><\/a>\n\t\t\t<\/dt><\/dl><dl class='gallery-item'>\n\t\t\t<dt class='gallery-icon landscape'>\n\t\t\t\t<a href='https:\/\/www.animamacau.org\/pt-pt\/all-animals-must-be-treated-with-dignity\/non-muzzled-animal1-5\/'><img loading=\"lazy\" decoding=\"async\" width=\"150\" height=\"150\" src=\"https:\/\/www.animamacau.org\/wp-content\/uploads\/2016\/03\/non-muzzled-animal11-150x150.jpg\" class=\"attachment-thumbnail size-thumbnail\" alt=\"\" \/><\/a>\n\t\t\t<\/dt><\/dl><dl class='gallery-item'>\n\t\t\t<dt class='gallery-icon landscape'>\n\t\t\t\t<a href='https:\/\/www.animamacau.org\/pt-pt\/all-animals-must-be-treated-with-dignity\/animal-caged-7-5\/'><img loading=\"lazy\" decoding=\"async\" width=\"150\" height=\"150\" src=\"https:\/\/www.animamacau.org\/wp-content\/uploads\/2016\/03\/animal-caged-71-150x150.jpg\" class=\"attachment-thumbnail size-thumbnail\" alt=\"\" \/><\/a>\n\t\t\t<\/dt><\/dl><br style=\"clear: both\" \/><dl class='gallery-item'>\n\t\t\t<dt class='gallery-icon landscape'>\n\t\t\t\t<a href='https:\/\/www.animamacau.org\/pt-pt\/all-animals-must-be-treated-with-dignity\/muzzled-animal4-5\/'><img loading=\"lazy\" decoding=\"async\" width=\"150\" height=\"150\" src=\"https:\/\/www.animamacau.org\/wp-content\/uploads\/2016\/03\/muzzled-animal41-150x150.jpg\" class=\"attachment-thumbnail size-thumbnail\" alt=\"\" \/><\/a>\n\t\t\t<\/dt><\/dl><dl class='gallery-item'>\n\t\t\t<dt class='gallery-icon landscape'>\n\t\t\t\t<a href='https:\/\/www.animamacau.org\/pt-pt\/all-animals-must-be-treated-with-dignity\/animal-caged-3-5\/'><img loading=\"lazy\" decoding=\"async\" width=\"150\" height=\"150\" src=\"https:\/\/www.animamacau.org\/wp-content\/uploads\/2016\/03\/animal-caged-31-150x150.jpg\" class=\"attachment-thumbnail size-thumbnail\" alt=\"\" \/><\/a>\n\t\t\t<\/dt><\/dl><dl class='gallery-item'>\n\t\t\t<dt class='gallery-icon landscape'>\n\t\t\t\t<a href='https:\/\/www.animamacau.org\/pt-pt\/all-animals-must-be-treated-with-dignity\/human-caged-6-5\/'><img loading=\"lazy\" decoding=\"async\" width=\"150\" height=\"150\" src=\"https:\/\/www.animamacau.org\/wp-content\/uploads\/2016\/03\/human-caged-61-150x150.jpg\" class=\"attachment-thumbnail size-thumbnail\" alt=\"\" \/><\/a>\n\t\t\t<\/dt><\/dl><br style=\"clear: both\" \/><dl class='gallery-item'>\n\t\t\t<dt class='gallery-icon landscape'>\n\t\t\t\t<a href='https:\/\/www.animamacau.org\/pt-pt\/all-animals-must-be-treated-with-dignity\/human-caged-3-5\/'><img loading=\"lazy\" decoding=\"async\" width=\"150\" height=\"150\" src=\"https:\/\/www.animamacau.org\/wp-content\/uploads\/2016\/03\/human-caged-31-150x150.jpg\" class=\"attachment-thumbnail size-thumbnail\" alt=\"\" \/><\/a>\n\t\t\t<\/dt><\/dl><dl class='gallery-item'>\n\t\t\t<dt class='gallery-icon landscape'>\n\t\t\t\t<a href='https:\/\/www.animamacau.org\/pt-pt\/all-animals-must-be-treated-with-dignity\/animal-free-3\/'><img loading=\"lazy\" decoding=\"async\" width=\"150\" height=\"150\" src=\"https:\/\/www.animamacau.org\/wp-content\/uploads\/2016\/03\/animal-free-150x150.jpg\" class=\"attachment-thumbnail size-thumbnail\" alt=\"\" \/><\/a>\n\t\t\t<\/dt><\/dl><dl class='gallery-item'>\n\t\t\t<dt class='gallery-icon landscape'>\n\t\t\t\t<a href='https:\/\/www.animamacau.org\/pt-pt\/all-animals-must-be-treated-with-dignity\/animal-caged-8-5\/'><img loading=\"lazy\" decoding=\"async\" width=\"150\" height=\"150\" src=\"https:\/\/www.animamacau.org\/wp-content\/uploads\/2016\/03\/animal-caged-81-150x150.jpg\" class=\"attachment-thumbnail size-thumbnail\" alt=\"\" \/><\/a>\n\t\t\t<\/dt><\/dl><br style=\"clear: both\" \/>\n\t\t<\/div>\n\n<p>&nbsp;<\/p>\n<p>&nbsp;<\/p>\n","protected":false},"excerpt":{"rendered":"<p>Para a sua pr\u00f3pria seguran\u00e7a, gostaria de ser a\u00e7aimado? Para a sua pr\u00f3pria seguran\u00e7a, gostaria de ser encarcerado? A Anima \u00e9 uma Sociedade que protege todos os animais e n\u00e3o apenas c\u00e3es, gatos, p\u00e1ssaros ou coelhos. Qualquer criatura que tenha vida merece as nossas preocupa\u00e7\u00f5es. Nenhum animal, incluindo os que pertencem \u00e0 nossa cadeia de consumo (nem todos n\u00f3s somos assumidamente vegetarianos), devem ser tratados com crueldade. Os animais que pertencem \u00e0 nossa cadeia de consumo devem ser respeitados, pelo que qualquer tratamento desnecessariamente cruel deve ser evitado e severamente punido, sendo o caso. Somos uma associa\u00e7\u00e3o que respeita os valores fundamentais da vida. Como tal, n\u00e3o matamos, a n\u00e3o ser em situa\u00e7\u00e3o extrema. nomeadamente quando um animal entra em sofrimento e nenhum tratamento \u00e9 poss\u00edvel para reverter a situa\u00e7\u00e3o! A vida \u00e9 a coisa mais importante que possu\u00edmos e, naturalmente, tamb\u00e9m assim deve ser&#8230;<\/p>\n","protected":false},"author":14,"featured_media":30873,"comment_status":"closed","ping_status":"open","sticky":false,"template":"","format":"gallery","meta":{"_acf_changed":false,"footnotes":""},"categories":[292,279,290],"tags":[],"class_list":["post-30941","post","type-post","status-publish","format-gallery","has-post-thumbnail","hentry","category-nossas-politicas","category-crueldade","category-mensagem-anima","post_format-post-format-gallery"],"acf":[],"_links":{"self":[{"href":"https:\/\/www.animamacau.org\/pt-pt\/wp-json\/wp\/v2\/posts\/30941","targetHints":{"allow":["GET"]}}],"collection":[{"href":"https:\/\/www.animamacau.org\/pt-pt\/wp-json\/wp\/v2\/posts"}],"about":[{"href":"https:\/\/www.animamacau.org\/pt-pt\/wp-json\/wp\/v2\/types\/post"}],"author":[{"embeddable":true,"href":"https:\/\/www.animamacau.org\/pt-pt\/wp-json\/wp\/v2\/users\/14"}],"replies":[{"embeddable":true,"href":"https:\/\/www.animamacau.org\/pt-pt\/wp-json\/wp\/v2\/comments?post=30941"}],"version-history":[{"count":2,"href":"https:\/\/www.animamacau.org\/pt-pt\/wp-json\/wp\/v2\/posts\/30941\/revisions"}],"predecessor-version":[{"id":30943,"href":"https:\/\/www.animamacau.org\/pt-pt\/wp-json\/wp\/v2\/posts\/30941\/revisions\/30943"}],"wp:featuredmedia":[{"embeddable":true,"href":"https:\/\/www.animamacau.org\/pt-pt\/wp-json\/wp\/v2\/media\/30873"}],"wp:attachment":[{"href":"https:\/\/www.animamacau.org\/pt-pt\/wp-json\/wp\/v2\/media?parent=30941"}],"wp:term":[{"taxonomy":"category","embeddable":true,"href":"https:\/\/www.animamacau.org\/pt-pt\/wp-json\/wp\/v2\/categories?post=30941"},{"taxonomy":"post_tag","embeddable":true,"href":"https:\/\/www.animamacau.org\/pt-pt\/wp-json\/wp\/v2\/tags?post=30941"}],"curies":[{"name":"wp","href":"https:\/\/api.w.org\/{rel}","templated":true}]}}