{"id":31438,"date":"2016-04-08T06:47:09","date_gmt":"2016-04-08T06:47:09","guid":{"rendered":"http:\/\/animamacau.org\/\/sem-categoria\/anima-april-sad-news-sppc1152-buffy-2\/"},"modified":"2016-04-12T09:02:07","modified_gmt":"2016-04-12T09:02:07","slug":"anima-april-sad-news-sppc1152-buffy","status":"publish","type":"post","link":"https:\/\/www.animamacau.org\/pt-pt\/anima-april-sad-news-sppc1152-buffy\/","title":{"rendered":"Anima \u2013 Not\u00edcias Tristes de Abril (SPPC1152-Buffy)!"},"content":{"rendered":"<p>SPPC1152-Buffy, com cerca de tr\u00eas anos de idade, foi resgatado pela Anima no dia 5 de Abril de 2016, atrav\u00e9s da Michele, e esteve sob o nosso Programa de Protec\u00e7\u00e3o Especial (PPE).<br \/>\nSPPC1152-Buffy vivia algures na Taipa e a Michele \u00e9 respons\u00e1vel por ele naquela \u00e1rea.<br \/>\nEla encontrou-o muito fraco e com os olhos que mal se podiam abrir.<br \/>\nFoi apanhado naquela manh\u00e3 e trazido para a Anima.<br \/>\nTinha uma secre\u00e7\u00e3o amarelada, estava an\u00e9mico e magrinho, provavelmente com f\u00edgado gordo.<br \/>\nO cora\u00e7\u00e3o e os pulm\u00f5es estavam bem, mas severamente desidratado e com hipotermia.<br \/>\nN\u00e3o se mexia e recusava comer. O progn\u00f3stico n\u00e3o era bom!<br \/>\nFicou na nossa sala V6 a soro e sob observa\u00e7\u00e3o, mas morreu hoje!<br \/>\n<strong><em>Descansa em paz meu amigo!<\/em><\/strong><br \/>\n<strong><em>Se tiver capacidade para adoptar, por favor ajude-nos a ajud\u00e1-los!<\/em><\/strong><br \/>\n<strong><em>Nunca abandone o seu animal de estima\u00e7\u00e3o!<\/em><\/strong><br \/>\n<strong><em>Abandonar um animal de estima\u00e7\u00e3o devia ser crime!<\/em><\/strong><\/p>\n<p>&nbsp;<\/p>\n<p>&nbsp;<br \/>\n<em>Por favor, ajude-nos doando para<\/em><br \/>\n<strong>ANIMA \u2013 Sociedade Protectora dos Animais de Macau<\/strong>,<br \/>\npara as seguintes contas banc\u00e1rias:<br \/>\n<strong>Banco Nacional Ultramarino<\/strong>, n\u00famero de conta 9003472840<br \/>\n<strong>Banco da China,<\/strong> MOP conta n\u00famero 01-01-20-794318<br \/>\n<strong>ICBC<\/strong>, MOP conta n\u00famero 0119100200000960934<br \/>\n(ICBC jetco, favor de n\u00e3o inserir os tr\u00eas primeiros d\u00edgitos)<br \/>\n<strong>Banco Tai Fung<\/strong>, MOP conta n\u00famero 201-1-10530-7<br \/>\n<strong>Banco Tai Fung<\/strong>, HKD conta n\u00famero 101-1-12983-3<br \/>\n<em>e informe-nos da sua doa\u00e7\u00e3o para anima@macau.ctm.net<\/em><\/p>\n","protected":false},"excerpt":{"rendered":"<p>SPPC1152-Buffy, com cerca de tr\u00eas anos de idade, foi resgatado pela Anima no dia 5 de Abril de 2016, atrav\u00e9s da Michele, e esteve sob o nosso Programa de Protec\u00e7\u00e3o Especial (PPE). SPPC1152-Buffy vivia algures na Taipa e a Michele \u00e9 respons\u00e1vel por ele naquela \u00e1rea. Ela encontrou-o muito fraco e com os olhos que mal se podiam abrir. Foi apanhado naquela manh\u00e3 e trazido para a Anima. Tinha uma secre\u00e7\u00e3o amarelada, estava an\u00e9mico e magrinho, provavelmente com f\u00edgado gordo. O cora\u00e7\u00e3o e os pulm\u00f5es estavam bem, mas severamente desidratado e com hipotermia. N\u00e3o se mexia e recusava comer. O progn\u00f3stico n\u00e3o era bom! Ficou na nossa sala V6 a soro e sob observa\u00e7\u00e3o, mas morreu hoje! Descansa em paz meu amigo! Se tiver capacidade para adoptar, por favor ajude-nos a ajud\u00e1-los! Nunca abandone o seu animal de estima\u00e7\u00e3o! Abandonar um animal de estima\u00e7\u00e3o devia&#8230;<\/p>\n","protected":false},"author":14,"featured_media":31226,"comment_status":"closed","ping_status":"open","sticky":false,"template":"","format":"standard","meta":{"_acf_changed":false,"footnotes":""},"categories":[280,271],"tags":[],"class_list":["post-31438","post","type-post","status-publish","format-standard","has-post-thumbnail","hentry","category-falecidos","category-noticias"],"acf":[],"_links":{"self":[{"href":"https:\/\/www.animamacau.org\/pt-pt\/wp-json\/wp\/v2\/posts\/31438","targetHints":{"allow":["GET"]}}],"collection":[{"href":"https:\/\/www.animamacau.org\/pt-pt\/wp-json\/wp\/v2\/posts"}],"about":[{"href":"https:\/\/www.animamacau.org\/pt-pt\/wp-json\/wp\/v2\/types\/post"}],"author":[{"embeddable":true,"href":"https:\/\/www.animamacau.org\/pt-pt\/wp-json\/wp\/v2\/users\/14"}],"replies":[{"embeddable":true,"href":"https:\/\/www.animamacau.org\/pt-pt\/wp-json\/wp\/v2\/comments?post=31438"}],"version-history":[{"count":2,"href":"https:\/\/www.animamacau.org\/pt-pt\/wp-json\/wp\/v2\/posts\/31438\/revisions"}],"predecessor-version":[{"id":31440,"href":"https:\/\/www.animamacau.org\/pt-pt\/wp-json\/wp\/v2\/posts\/31438\/revisions\/31440"}],"wp:featuredmedia":[{"embeddable":true,"href":"https:\/\/www.animamacau.org\/pt-pt\/wp-json\/wp\/v2\/media\/31226"}],"wp:attachment":[{"href":"https:\/\/www.animamacau.org\/pt-pt\/wp-json\/wp\/v2\/media?parent=31438"}],"wp:term":[{"taxonomy":"category","embeddable":true,"href":"https:\/\/www.animamacau.org\/pt-pt\/wp-json\/wp\/v2\/categories?post=31438"},{"taxonomy":"post_tag","embeddable":true,"href":"https:\/\/www.animamacau.org\/pt-pt\/wp-json\/wp\/v2\/tags?post=31438"}],"curies":[{"name":"wp","href":"https:\/\/api.w.org\/{rel}","templated":true}]}}