{"id":33249,"date":"2016-05-03T07:44:36","date_gmt":"2016-05-03T07:44:36","guid":{"rendered":"http:\/\/animamacau.org\/\/sem-categoria\/anima-may-adoption-c1151-sameen-2\/"},"modified":"2016-05-04T08:50:22","modified_gmt":"2016-05-04T08:50:22","slug":"anima-may-adoption-c1151-sameen","status":"publish","type":"post","link":"https:\/\/www.animamacau.org\/pt-pt\/anima-may-adoption-c1151-sameen\/","title":{"rendered":"Anima \u2013 Adop\u00e7\u00e3o de Maio (C1151-Sameen)!"},"content":{"rendered":"<p><strong><em>Sameen for adoptada pela Sra. Fong no dia 3 de Maio de 2016!<\/em><\/strong><\/p>\n<p>C1151-Sameen (F) foi resgatada pela Anima no dia 29 de Fevereiro de 2016, depois de uma chamada do Sr. Ho informando que C1151-Sameen se encontrava em frente do edif\u00edcio onde vivia no P\u00e1tio do Piloto desde a noite passada.<br \/>\nEstava preocupado com a sa\u00fade da C1151-Sameen porque lhe pareceu que ela tinha dificuldades em respirar.<br \/>\nSameen foi resgatada pela Anima e verificada pelo nosso veterin\u00e1rio.<br \/>\nEstava boa e n\u00e3o tinha quaisquer problemas respirat\u00f3rios.<br \/>\nC1151-Sameen trazia uma coleira, os ouvidos e o p\u00ealo estavam limpos.<br \/>\nA maioria das suas unhas estava no entanto partida e havia algum sangue nas patas.<br \/>\nProvavelmente ter\u00e1 ca\u00eddo da sua casa!<br \/>\nSammen permaneceu connosco at\u00e9 agora!<br \/>\n<strong><em>Obrigado Sra. Fong!<\/em><\/strong><br \/>\n<strong><em>Por favor ajude-nos a ajud\u00e1-los!<\/em><\/strong><br \/>\n<strong><em>Por favor adopte e nunca compre!<\/em><\/strong><\/p>\n<p>&nbsp;<\/p>\n<p>&nbsp;<\/p>\n<p><em>Ajude-nos doando para:<\/em><br \/>\n<strong>ANIMA \u2013 Sociedade Protectora dos Animais de Macau<\/strong><br \/>\npara as seguintes contas:<br \/>\n<strong>Banco Nacional Ultramarino<\/strong>, MOP conta n\u00famero 9003472840<br \/>\n<strong>Banco da China<\/strong>, MOP conta n\u00famero 01-01-20-794318<br \/>\n<strong>ICBC<\/strong>, MOP conta n\u00famero 0119100200000960934<br \/>\n(ICBC jetco, favor de n\u00e3o inserir os tr\u00eas primeiros d\u00edgitos)<br \/>\n<strong>Banco Tai Fung<\/strong>, MOP conta n\u00famero 201-1-10530-7<br \/>\n<strong>Banco Tai Fung<\/strong>, HKD conta n\u00famero 101-1-12983-3<br \/>\n<em>e informe-nos da sua doa\u00e7\u00e3o para anima@macau.ctm.net<\/em><\/p>\n\n\t\t<style type=\"text\/css\">\n\t\t\t#gallery-2 {\n\t\t\t\tmargin: auto;\n\t\t\t}\n\t\t\t#gallery-2 .gallery-item {\n\t\t\t\tfloat: left;\n\t\t\t\tmargin-top: 10px;\n\t\t\t\ttext-align: center;\n\t\t\t\twidth: 33%;\n\t\t\t}\n\t\t\t#gallery-2 img {\n\t\t\t\tborder: 2px solid #cfcfcf;\n\t\t\t}\n\t\t\t#gallery-2 .gallery-caption {\n\t\t\t\tmargin-left: 0;\n\t\t\t}\n\t\t\t\/* see gallery_shortcode() in wp-includes\/media.php *\/\n\t\t<\/style>\n\t\t<div id='gallery-2' class='gallery galleryid-33249 gallery-columns-3 gallery-size-thumbnail'><dl class='gallery-item'>\n\t\t\t<dt class='gallery-icon landscape'>\n\t\t\t\t<a href='https:\/\/www.animamacau.org\/pt-pt\/anima-may-adoption-c1151-sameen\/c1151-sameen-with-the-adopter-3\/'><img loading=\"lazy\" decoding=\"async\" width=\"150\" height=\"150\" src=\"https:\/\/www.animamacau.org\/wp-content\/uploads\/2016\/05\/C1151-Sameen-with-the-adopter-150x150.jpg\" class=\"attachment-thumbnail size-thumbnail\" alt=\"\" \/><\/a>\n\t\t\t<\/dt><\/dl><dl class='gallery-item'>\n\t\t\t<dt class='gallery-icon landscape'>\n\t\t\t\t<a href='https:\/\/www.animamacau.org\/pt-pt\/anima-march-rescue-c1151-sameen\/c1151-sameen-4-3\/'><img loading=\"lazy\" decoding=\"async\" width=\"150\" height=\"150\" src=\"https:\/\/www.animamacau.org\/wp-content\/uploads\/2016\/04\/C1151-Sameen1-150x150.jpg\" class=\"attachment-thumbnail size-thumbnail\" alt=\"\" \/><\/a>\n\t\t\t<\/dt><\/dl>\n\t\t\t<br style='clear: both' \/>\n\t\t<\/div>\n\n","protected":false},"excerpt":{"rendered":"<p>Sameen for adoptada pela Sra. Fong no dia 3 de Maio de 2016! C1151-Sameen (F) foi resgatada pela Anima no dia 29 de Fevereiro de 2016, depois de uma chamada do Sr. Ho informando que C1151-Sameen se encontrava em frente do edif\u00edcio onde vivia no P\u00e1tio do Piloto desde a noite passada. Estava preocupado com a sa\u00fade da C1151-Sameen porque lhe pareceu que ela tinha dificuldades em respirar. Sameen foi resgatada pela Anima e verificada pelo nosso veterin\u00e1rio. Estava boa e n\u00e3o tinha quaisquer problemas respirat\u00f3rios. C1151-Sameen trazia uma coleira, os ouvidos e o p\u00ealo estavam limpos. A maioria das suas unhas estava no entanto partida e havia algum sangue nas patas. Provavelmente ter\u00e1 ca\u00eddo da sua casa! Sammen permaneceu connosco at\u00e9 agora! Obrigado Sra. Fong! Por favor ajude-nos a ajud\u00e1-los! Por favor adopte e nunca compre! &nbsp; &nbsp; Ajude-nos doando para: ANIMA \u2013 Sociedade&#8230;<\/p>\n","protected":false},"author":10,"featured_media":33191,"comment_status":"closed","ping_status":"open","sticky":false,"template":"","format":"gallery","meta":{"_acf_changed":false,"footnotes":""},"categories":[284,271],"tags":[],"class_list":["post-33249","post","type-post","status-publish","format-gallery","has-post-thumbnail","hentry","category-finais-felizes","category-noticias","post_format-post-format-gallery"],"acf":[],"_links":{"self":[{"href":"https:\/\/www.animamacau.org\/pt-pt\/wp-json\/wp\/v2\/posts\/33249","targetHints":{"allow":["GET"]}}],"collection":[{"href":"https:\/\/www.animamacau.org\/pt-pt\/wp-json\/wp\/v2\/posts"}],"about":[{"href":"https:\/\/www.animamacau.org\/pt-pt\/wp-json\/wp\/v2\/types\/post"}],"author":[{"embeddable":true,"href":"https:\/\/www.animamacau.org\/pt-pt\/wp-json\/wp\/v2\/users\/10"}],"replies":[{"embeddable":true,"href":"https:\/\/www.animamacau.org\/pt-pt\/wp-json\/wp\/v2\/comments?post=33249"}],"version-history":[{"count":2,"href":"https:\/\/www.animamacau.org\/pt-pt\/wp-json\/wp\/v2\/posts\/33249\/revisions"}],"predecessor-version":[{"id":33252,"href":"https:\/\/www.animamacau.org\/pt-pt\/wp-json\/wp\/v2\/posts\/33249\/revisions\/33252"}],"wp:featuredmedia":[{"embeddable":true,"href":"https:\/\/www.animamacau.org\/pt-pt\/wp-json\/wp\/v2\/media\/33191"}],"wp:attachment":[{"href":"https:\/\/www.animamacau.org\/pt-pt\/wp-json\/wp\/v2\/media?parent=33249"}],"wp:term":[{"taxonomy":"category","embeddable":true,"href":"https:\/\/www.animamacau.org\/pt-pt\/wp-json\/wp\/v2\/categories?post=33249"},{"taxonomy":"post_tag","embeddable":true,"href":"https:\/\/www.animamacau.org\/pt-pt\/wp-json\/wp\/v2\/tags?post=33249"}],"curies":[{"name":"wp","href":"https:\/\/api.w.org\/{rel}","templated":true}]}}