{"id":35260,"date":"2016-05-30T01:26:41","date_gmt":"2016-05-30T01:26:41","guid":{"rendered":"http:\/\/animamacau.org\/\/sem-categoria\/anima-general-assembly-for-the-2016-2017-term-2\/"},"modified":"2016-06-03T17:34:42","modified_gmt":"2016-06-03T17:34:42","slug":"anima-general-assembly-for-the-2016-2017-term","status":"publish","type":"post","link":"https:\/\/www.animamacau.org\/pt-pt\/anima-general-assembly-for-the-2016-2017-term\/","title":{"rendered":"Anima \u2013 Assembleia Geral para o bi\u00e9nio 2016-2017!"},"content":{"rendered":"<p><strong><em>S\u00e1bado, 25 de Junho de 2016,<\/em><\/strong><br \/>\n<strong><em>\u00c0s 16:00 horas <\/em><\/strong><br \/>\n<strong><em>No escrit\u00f3rio da Anima em Macau, <\/em><\/strong><br \/>\n<strong><em>Edif. Si Toi, 14\u00ba andar, apart F\/G, <\/em><\/strong><br \/>\n<strong><em>Avenida da Praia Grande<\/em><\/strong><\/p>\n<p>Se \u00e9 um membro da Anima com as quotas em dia at\u00e9 ao final de Mar\u00e7o de 2016,<br \/>\n<strong><em>Por favor Ajude-nos a Ajud\u00e1-los!<\/em><\/strong><br \/>\nOrganize a sua equipa e concorra para o pr\u00f3ximo mandato.<br \/>\n*<br \/>\nTer\u00e1 de juntar ou ser parte de uma equipa que tenha um m\u00e1ximo de 29 membros da Anima, assim distribuidos,<br \/>\nTr\u00eas para a mesa da Assembleia Geral,<br \/>\nTr\u00eas para o Conselho Fiscal,<br \/>\n23, no m\u00e1ximo, para a Direc\u00e7\u00e3o<br \/>\n<strong><em>Por favor Ajude-nos a Ajud\u00e1-los!<\/em><\/strong><br \/>\n<strong><em>Seja um membro respons\u00e1vel e activo!<\/em><\/strong><br \/>\n<strong><em>*<\/em><\/strong><br \/>\n<strong><em>Vote! <\/em><\/strong><br \/>\n<strong><em>Participe!<\/em><\/strong><br \/>\n<strong><em>Eles precisam de si!<\/em><\/strong><\/p>\n\n\t\t<style type=\"text\/css\">\n\t\t\t#gallery-2 {\n\t\t\t\tmargin: auto;\n\t\t\t}\n\t\t\t#gallery-2 .gallery-item {\n\t\t\t\tfloat: left;\n\t\t\t\tmargin-top: 10px;\n\t\t\t\ttext-align: center;\n\t\t\t\twidth: 33%;\n\t\t\t}\n\t\t\t#gallery-2 img {\n\t\t\t\tborder: 2px solid #cfcfcf;\n\t\t\t}\n\t\t\t#gallery-2 .gallery-caption {\n\t\t\t\tmargin-left: 0;\n\t\t\t}\n\t\t\t\/* see gallery_shortcode() in wp-includes\/media.php *\/\n\t\t<\/style>\n\t\t<div id='gallery-2' class='gallery galleryid-35260 gallery-columns-3 gallery-size-thumbnail'><dl class='gallery-item'>\n\t\t\t<dt class='gallery-icon landscape'>\n\t\t\t\t<a href='https:\/\/www.animamacau.org\/pt-pt\/anima-general-assembly-for-the-2016-2017-term\/ag-22-06-2016-en-3\/'><img loading=\"lazy\" decoding=\"async\" width=\"150\" height=\"150\" src=\"https:\/\/www.animamacau.org\/wp-content\/uploads\/2016\/05\/AG-22-06-2016-EN-150x150.png\" class=\"attachment-thumbnail size-thumbnail\" alt=\"\" \/><\/a>\n\t\t\t<\/dt><\/dl><dl class='gallery-item'>\n\t\t\t<dt class='gallery-icon landscape'>\n\t\t\t\t<a href='https:\/\/www.animamacau.org\/pt-pt\/anima-general-assembly-for-the-2016-2017-term\/ag-22-06-2016-pt-3\/'><img loading=\"lazy\" decoding=\"async\" width=\"150\" height=\"150\" src=\"https:\/\/www.animamacau.org\/wp-content\/uploads\/2016\/05\/AG-22-06-2016-PT-150x150.png\" class=\"attachment-thumbnail size-thumbnail\" alt=\"\" \/><\/a>\n\t\t\t<\/dt><\/dl><dl class='gallery-item'>\n\t\t\t<dt class='gallery-icon landscape'>\n\t\t\t\t<a href='https:\/\/www.animamacau.org\/pt-pt\/anima-general-assembly-for-the-2016-2017-term\/ag-22-06-2016-ch-3\/'><img loading=\"lazy\" decoding=\"async\" width=\"150\" height=\"150\" src=\"https:\/\/www.animamacau.org\/wp-content\/uploads\/2016\/05\/AG-22-06-2016-CH-150x150.png\" class=\"attachment-thumbnail size-thumbnail\" alt=\"\" \/><\/a>\n\t\t\t<\/dt><\/dl><br style=\"clear: both\" \/>\n\t\t<\/div>\n\n<p><strong><em><a href=\"http:\/\/animamacau.org\/\/wp-content\/uploads\/2016\/05\/AG-22-06-2016-11.png\"><img loading=\"lazy\" decoding=\"async\" class=\"alignnone size-full wp-image-34930\" src=\"http:\/\/animamacau.org\/\/wp-content\/uploads\/2016\/05\/AG-22-06-2016-11.png\" alt=\"AG-22-06-2016 (11)\" width=\"680\" height=\"724\" srcset=\"https:\/\/www.animamacau.org\/wp-content\/uploads\/2016\/05\/AG-22-06-2016-11.png 680w, https:\/\/www.animamacau.org\/wp-content\/uploads\/2016\/05\/AG-22-06-2016-11-282x300.png 282w\" sizes=\"auto, (max-width: 680px) 100vw, 680px\" \/><\/a><\/em><\/strong><\/p>\n","protected":false},"excerpt":{"rendered":"<p>S\u00e1bado, 25 de Junho de 2016, \u00c0s 16:00 horas No escrit\u00f3rio da Anima em Macau, Edif. Si Toi, 14\u00ba andar, apart F\/G, Avenida da Praia Grande Se \u00e9 um membro da Anima com as quotas em dia at\u00e9 ao final de Mar\u00e7o de 2016, Por favor Ajude-nos a Ajud\u00e1-los! Organize a sua equipa e concorra para o pr\u00f3ximo mandato. * Ter\u00e1 de juntar ou ser parte de uma equipa que tenha um m\u00e1ximo de 29 membros da Anima, assim distribuidos, Tr\u00eas para a mesa da Assembleia Geral, Tr\u00eas para o Conselho Fiscal, 23, no m\u00e1ximo, para a Direc\u00e7\u00e3o Por favor Ajude-nos a Ajud\u00e1-los! Seja um membro respons\u00e1vel e activo! * Vote! Participe! Eles precisam de si!<\/p>\n","protected":false},"author":14,"featured_media":34924,"comment_status":"closed","ping_status":"open","sticky":false,"template":"","format":"gallery","meta":{"_acf_changed":false,"footnotes":""},"categories":[286,271,275],"tags":[],"class_list":["post-35260","post","type-post","status-publish","format-gallery","has-post-thumbnail","hentry","category-informacao-membros","category-noticias","category-publicidade","post_format-post-format-gallery"],"acf":[],"_links":{"self":[{"href":"https:\/\/www.animamacau.org\/pt-pt\/wp-json\/wp\/v2\/posts\/35260","targetHints":{"allow":["GET"]}}],"collection":[{"href":"https:\/\/www.animamacau.org\/pt-pt\/wp-json\/wp\/v2\/posts"}],"about":[{"href":"https:\/\/www.animamacau.org\/pt-pt\/wp-json\/wp\/v2\/types\/post"}],"author":[{"embeddable":true,"href":"https:\/\/www.animamacau.org\/pt-pt\/wp-json\/wp\/v2\/users\/14"}],"replies":[{"embeddable":true,"href":"https:\/\/www.animamacau.org\/pt-pt\/wp-json\/wp\/v2\/comments?post=35260"}],"version-history":[{"count":2,"href":"https:\/\/www.animamacau.org\/pt-pt\/wp-json\/wp\/v2\/posts\/35260\/revisions"}],"predecessor-version":[{"id":35262,"href":"https:\/\/www.animamacau.org\/pt-pt\/wp-json\/wp\/v2\/posts\/35260\/revisions\/35262"}],"wp:featuredmedia":[{"embeddable":true,"href":"https:\/\/www.animamacau.org\/pt-pt\/wp-json\/wp\/v2\/media\/34924"}],"wp:attachment":[{"href":"https:\/\/www.animamacau.org\/pt-pt\/wp-json\/wp\/v2\/media?parent=35260"}],"wp:term":[{"taxonomy":"category","embeddable":true,"href":"https:\/\/www.animamacau.org\/pt-pt\/wp-json\/wp\/v2\/categories?post=35260"},{"taxonomy":"post_tag","embeddable":true,"href":"https:\/\/www.animamacau.org\/pt-pt\/wp-json\/wp\/v2\/tags?post=35260"}],"curies":[{"name":"wp","href":"https:\/\/api.w.org\/{rel}","templated":true}]}}