{"id":35505,"date":"2016-06-03T02:18:44","date_gmt":"2016-06-03T02:18:44","guid":{"rendered":"http:\/\/animamacau.org\/\/sem-categoria\/anima-june-sad-news-sppc1109-phedra-2\/"},"modified":"2016-06-09T09:07:09","modified_gmt":"2016-06-09T09:07:09","slug":"anima-june-sad-news-sppc1109-phedra","status":"publish","type":"post","link":"https:\/\/www.animamacau.org\/pt-pt\/anima-june-sad-news-sppc1109-phedra\/","title":{"rendered":"Anima \u2013 Not\u00edcias Tristes de Junho (SPPC1109-Phedra)!"},"content":{"rendered":"<p>SPPC1109-Phedra foi resgatada pela Anima no dia 20 de Janeiro de 2016, depois de um telefonema da Michele a relatar que uma gata de sete anos foi encontrada com problemas no nariz algures na Taipa.<br \/>\nSPPC1109-Phedra, que ficou nossa PPE, foi trazida para a Anima pela Michele.<br \/>\nAs narinas de Phedra estavam deformadas e a lingua tamb\u00e9m estava ferida.<br \/>\nPhedra parecia ter problemas card\u00edacos (arritmia)!<br \/>\nJ\u00e1 lhe faltavam alguns dentes e a maioria dos outros n\u00e3o estava em boas condi\u00e7\u00f5es.<br \/>\nN\u00f3s acompanh\u00e1mo-la de perto!<br \/>\nMas tudo se complicou e pedimos duas opini\u00f5es em duas cl\u00ednicas diferentes!<br \/>\nA crosta do nariz ca\u00edu, havia uma grande reentr\u00e2ncia na zona e o osso j\u00e1 estava \u00e0 mostra! O pal\u00e1tio superior j\u00e1 estava \u00e0 mostra tamb\u00e9m!<br \/>\nSegundo o veterin\u00e1rio, o buraco no nariz estava a aumentar apesar do tratamento de quimioterapia e os seus olhos abriam-se com dificuldade.<br \/>\nO cancro estava j\u00e1 a alastrar-se aos olhos e ao sistema nervoso.<br \/>\nFiz\u00e9mos o melhor que pud\u00e9mos mas Phedra estava j\u00e1 em sofrimento!<br \/>\nDecidimos p\u00f4-la a dormir!<br \/>\n<strong><em>Descansa em paz minha amiga<\/em><\/strong><br \/>\n<strong><em>Por favor ajude-nos a ajud\u00e1-los!<\/em><\/strong><br \/>\n<strong><em>Nunca abandone o seu animal de estima\u00e7\u00e3o!<\/em><\/strong><br \/>\n<strong><em>Abandonar um animal de estima\u00e7\u00e3o devia ser crime!<\/em><\/strong><\/p>\n<p>&nbsp;<\/p>\n<p>&nbsp;<br \/>\n<em>Ajude-nos doando para:<\/em><br \/>\n<strong>ANIMA \u2013 Sociedade Protectora dos Animais de Macau<\/strong><br \/>\npara as seguintes contas:<br \/>\n<strong>Banco Nacional Ultramarino<\/strong>, MOP conta n\u00famero 9003472840<br \/>\n<strong>Banco da China<\/strong>, MOP conta n\u00famero 01-01-20-794318<br \/>\n<strong>ICBC,<\/strong> MOP conta n\u00famero 0119100200000960934<br \/>\n(ICBC jetco, favor de n\u00e3o inserir os tr\u00eas primeiros d\u00edgitos)<br \/>\n<strong>Banco Tai Fung<\/strong>, MOP conta n\u00famero 201-1-10530-7<br \/>\n<strong>Banco Tai Fung,<\/strong> HKD conta n\u00famero 101-1-12983-3<br \/>\n<em>e informe-nos da sua doa\u00e7\u00e3o para anima@macau.ctm.net<\/em><\/p>\n<p>&nbsp;<\/p>\n","protected":false},"excerpt":{"rendered":"<p>SPPC1109-Phedra foi resgatada pela Anima no dia 20 de Janeiro de 2016, depois de um telefonema da Michele a relatar que uma gata de sete anos foi encontrada com problemas no nariz algures na Taipa. SPPC1109-Phedra, que ficou nossa PPE, foi trazida para a Anima pela Michele. As narinas de Phedra estavam deformadas e a lingua tamb\u00e9m estava ferida. Phedra parecia ter problemas card\u00edacos (arritmia)! J\u00e1 lhe faltavam alguns dentes e a maioria dos outros n\u00e3o estava em boas condi\u00e7\u00f5es. N\u00f3s acompanh\u00e1mo-la de perto! Mas tudo se complicou e pedimos duas opini\u00f5es em duas cl\u00ednicas diferentes! A crosta do nariz ca\u00edu, havia uma grande reentr\u00e2ncia na zona e o osso j\u00e1 estava \u00e0 mostra! O pal\u00e1tio superior j\u00e1 estava \u00e0 mostra tamb\u00e9m! Segundo o veterin\u00e1rio, o buraco no nariz estava a aumentar apesar do tratamento de quimioterapia e os seus olhos abriam-se com dificuldade. O&#8230;<\/p>\n","protected":false},"author":10,"featured_media":26378,"comment_status":"closed","ping_status":"open","sticky":false,"template":"","format":"standard","meta":{"_acf_changed":false,"footnotes":""},"categories":[280,271],"tags":[],"class_list":["post-35505","post","type-post","status-publish","format-standard","has-post-thumbnail","hentry","category-falecidos","category-noticias"],"acf":[],"_links":{"self":[{"href":"https:\/\/www.animamacau.org\/pt-pt\/wp-json\/wp\/v2\/posts\/35505","targetHints":{"allow":["GET"]}}],"collection":[{"href":"https:\/\/www.animamacau.org\/pt-pt\/wp-json\/wp\/v2\/posts"}],"about":[{"href":"https:\/\/www.animamacau.org\/pt-pt\/wp-json\/wp\/v2\/types\/post"}],"author":[{"embeddable":true,"href":"https:\/\/www.animamacau.org\/pt-pt\/wp-json\/wp\/v2\/users\/10"}],"replies":[{"embeddable":true,"href":"https:\/\/www.animamacau.org\/pt-pt\/wp-json\/wp\/v2\/comments?post=35505"}],"version-history":[{"count":2,"href":"https:\/\/www.animamacau.org\/pt-pt\/wp-json\/wp\/v2\/posts\/35505\/revisions"}],"predecessor-version":[{"id":35507,"href":"https:\/\/www.animamacau.org\/pt-pt\/wp-json\/wp\/v2\/posts\/35505\/revisions\/35507"}],"wp:featuredmedia":[{"embeddable":true,"href":"https:\/\/www.animamacau.org\/pt-pt\/wp-json\/wp\/v2\/media\/26378"}],"wp:attachment":[{"href":"https:\/\/www.animamacau.org\/pt-pt\/wp-json\/wp\/v2\/media?parent=35505"}],"wp:term":[{"taxonomy":"category","embeddable":true,"href":"https:\/\/www.animamacau.org\/pt-pt\/wp-json\/wp\/v2\/categories?post=35505"},{"taxonomy":"post_tag","embeddable":true,"href":"https:\/\/www.animamacau.org\/pt-pt\/wp-json\/wp\/v2\/tags?post=35505"}],"curies":[{"name":"wp","href":"https:\/\/api.w.org\/{rel}","templated":true}]}}