{"id":35556,"date":"2016-06-09T13:22:31","date_gmt":"2016-06-09T13:22:31","guid":{"rendered":"http:\/\/animamacau.org\/\/sem-categoria\/june-information-about-animals-1607-and-1608-2\/"},"modified":"2016-06-09T14:44:13","modified_gmt":"2016-06-09T14:44:13","slug":"june-information-about-animals-1607-and-1608","status":"publish","type":"post","link":"https:\/\/www.animamacau.org\/pt-pt\/june-information-about-animals-1607-and-1608\/","title":{"rendered":"Informa\u00e7\u00e3o de Junho sobre animais (1607 e 1608)!"},"content":{"rendered":"<p>1607-Eerika (F) e 1608-Eemeli (M) foram resgatados pela Anima no dia 20 de Dezembro de 2015, depois de um telefonema do Sr. Hoi dizendo que um par de c\u00e3es German Weimaraner, estava a viver no seu terreno na Estrada de Hac Sa.<br \/>\nDe acordo com o Sr. Hoi, 1608-Eemeli estava a coxear desde h\u00e1 meses por ter sido atropelado.<br \/>\nEle precisava de lhes prestar muita aten\u00e7\u00e3o devido a estarem sempre a ir para a estrada.<br \/>\nForam abandonados por algu\u00e9m quando tinham tr\u00eas meses.<br \/>\nDe acordo com o Sr. Hoi o dono trouxe-os da Alemanha pelo pre\u00e7o de 25.000 HKD cada.<br \/>\nEstavam connosco h\u00e1 quase dois meses.<br \/>\nS\u00e3o gentis e f\u00e1ceis de lidar.<br \/>\nA Anima colocou-nos no IACM para adop\u00e7\u00e3o mas o Eemeli adoeceu com uma severa diarreia pelo que foi separado da irm\u00e3.<br \/>\n<strong><em>Tratou-se de uma decis\u00e3o errada da Anima, de que lamentamos profundamente<\/em><\/strong> pois esper\u00e1vamos que encontrassem l\u00e1 fam\u00edlia mais rapidamente!<br \/>\nA Anima decidiu assim traz\u00ea-los de volta mesmo com o abrigo cheio!<br \/>\nEemeli foi para uma cl\u00ednica e depois foi sujeito a uma opera\u00e7\u00e3o \u00e0 perna partida!<br \/>\nDurante a estadia mand\u00e1mos a irm\u00e3 fazer-lhe companhia!<br \/>\n<em><strong>Bemvindos Eerika e Eemeli!<\/strong><\/em><br \/>\n<em><strong>Nunca abandone o seu animal de companhia! Abandonar um animal de companhia devia ser crime!<\/strong><\/em><\/p>\n<p>&nbsp;<\/p>\n<p>&nbsp;<br \/>\n<em>Ajude-nos doando para:<\/em><br \/>\n<strong>ANIMA \u2013 Sociedade Protectora dos Animais de Macau<\/strong><br \/>\npara as seguintes contas:<br \/>\n<strong>Banco Nacional Ultramarino,<\/strong> MOP conta n\u00famero 9003472840<br \/>\n<strong>Banco da China<\/strong>, MOP conta n\u00famero 01-01-20-794318<br \/>\n<strong>ICBC<\/strong>, MOP conta n\u00famero 0119100200000960934<br \/>\n(ICBC jetco, favor de n\u00e3o inserir os tr\u00eas primeiros d\u00edgitos)<br \/>\n<strong>Banco Tai Fung<\/strong>, MOP conta n\u00famero 201-1-10530-7<br \/>\n<strong>Banco Tai Fung<\/strong>, HKD conta n\u00famero 101-1-12983-3<br \/>\n<em>e informe-nos da sua doa\u00e7\u00e3o para anima@macau.ctm.net<\/em><\/p>\n<p>&nbsp;<\/p>\n\n\t\t<style type=\"text\/css\">\n\t\t\t#gallery-2 {\n\t\t\t\tmargin: auto;\n\t\t\t}\n\t\t\t#gallery-2 .gallery-item {\n\t\t\t\tfloat: left;\n\t\t\t\tmargin-top: 10px;\n\t\t\t\ttext-align: center;\n\t\t\t\twidth: 33%;\n\t\t\t}\n\t\t\t#gallery-2 img {\n\t\t\t\tborder: 2px solid #cfcfcf;\n\t\t\t}\n\t\t\t#gallery-2 .gallery-caption {\n\t\t\t\tmargin-left: 0;\n\t\t\t}\n\t\t\t\/* see gallery_shortcode() in wp-includes\/media.php *\/\n\t\t<\/style>\n\t\t<div id='gallery-2' class='gallery galleryid-35556 gallery-columns-3 gallery-size-thumbnail'><dl class='gallery-item'>\n\t\t\t<dt class='gallery-icon landscape'>\n\t\t\t\t<a href='https:\/\/www.animamacau.org\/pt-pt\/adoption\/1460-tasha\/1607-eerika-4\/'><img loading=\"lazy\" decoding=\"async\" width=\"150\" height=\"150\" src=\"https:\/\/www.animamacau.org\/wp-content\/uploads\/2015\/12\/1607-Eerika-150x150.jpg\" class=\"attachment-thumbnail size-thumbnail\" alt=\"\" \/><\/a>\n\t\t\t<\/dt><\/dl><dl class='gallery-item'>\n\t\t\t<dt class='gallery-icon landscape'>\n\t\t\t\t<a href='https:\/\/www.animamacau.org\/pt-pt\/adoption\/1460-tasha\/1607-eerika-2-3\/'><img loading=\"lazy\" decoding=\"async\" width=\"150\" height=\"150\" src=\"https:\/\/www.animamacau.org\/wp-content\/uploads\/2015\/12\/1607-Eerika-2-150x150.jpg\" class=\"attachment-thumbnail size-thumbnail\" alt=\"\" \/><\/a>\n\t\t\t<\/dt><\/dl><dl class='gallery-item'>\n\t\t\t<dt class='gallery-icon landscape'>\n\t\t\t\t<a href='https:\/\/www.animamacau.org\/pt-pt\/adoption\/1460-tasha\/1607-eerika-and-1608-eemeli-2-3\/'><img loading=\"lazy\" decoding=\"async\" width=\"150\" height=\"150\" src=\"https:\/\/www.animamacau.org\/wp-content\/uploads\/2015\/12\/1607-Eerika-and-1608-Eemeli-2-150x150.jpg\" class=\"attachment-thumbnail size-thumbnail\" alt=\"\" \/><\/a>\n\t\t\t<\/dt><\/dl><br style=\"clear: both\" \/>\n\t\t<\/div>\n\n<p><a href=\"http:\/\/animamacau.org\/\/wp-content\/uploads\/2015\/12\/1607-Eerika-and-1608-Eemeli.jpg\"><img loading=\"lazy\" decoding=\"async\" class=\"alignnone size-full wp-image-23403\" src=\"http:\/\/animamacau.org\/\/wp-content\/uploads\/2015\/12\/1607-Eerika-and-1608-Eemeli.jpg\" alt=\"1607-Eerika and 1608-Eemeli\" width=\"2448\" height=\"3264\" srcset=\"https:\/\/www.animamacau.org\/wp-content\/uploads\/2015\/12\/1607-Eerika-and-1608-Eemeli.jpg 2448w, https:\/\/www.animamacau.org\/wp-content\/uploads\/2015\/12\/1607-Eerika-and-1608-Eemeli-225x300.jpg 225w, https:\/\/www.animamacau.org\/wp-content\/uploads\/2015\/12\/1607-Eerika-and-1608-Eemeli-768x1024.jpg 768w\" sizes=\"auto, (max-width: 2448px) 100vw, 2448px\" \/><\/a><\/p>\n","protected":false},"excerpt":{"rendered":"<p>1607-Eerika (F) e 1608-Eemeli (M) foram resgatados pela Anima no dia 20 de Dezembro de 2015, depois de um telefonema do Sr. Hoi dizendo que um par de c\u00e3es German Weimaraner, estava a viver no seu terreno na Estrada de Hac Sa. De acordo com o Sr. Hoi, 1608-Eemeli estava a coxear desde h\u00e1 meses por ter sido atropelado. Ele precisava de lhes prestar muita aten\u00e7\u00e3o devido a estarem sempre a ir para a estrada. Foram abandonados por algu\u00e9m quando tinham tr\u00eas meses. De acordo com o Sr. Hoi o dono trouxe-os da Alemanha pelo pre\u00e7o de 25.000 HKD cada. Estavam connosco h\u00e1 quase dois meses. S\u00e3o gentis e f\u00e1ceis de lidar. A Anima colocou-nos no IACM para adop\u00e7\u00e3o mas o Eemeli adoeceu com uma severa diarreia pelo que foi separado da irm\u00e3. Tratou-se de uma decis\u00e3o errada da Anima, de que lamentamos profundamente pois&#8230;<\/p>\n","protected":false},"author":14,"featured_media":23396,"comment_status":"closed","ping_status":"open","sticky":false,"template":"","format":"gallery","meta":{"_acf_changed":false,"footnotes":""},"categories":[285,271],"tags":[],"class_list":["post-35556","post","type-post","status-publish","format-gallery","has-post-thumbnail","hentry","category-informacao-animais","category-noticias","post_format-post-format-gallery"],"acf":[],"_links":{"self":[{"href":"https:\/\/www.animamacau.org\/pt-pt\/wp-json\/wp\/v2\/posts\/35556","targetHints":{"allow":["GET"]}}],"collection":[{"href":"https:\/\/www.animamacau.org\/pt-pt\/wp-json\/wp\/v2\/posts"}],"about":[{"href":"https:\/\/www.animamacau.org\/pt-pt\/wp-json\/wp\/v2\/types\/post"}],"author":[{"embeddable":true,"href":"https:\/\/www.animamacau.org\/pt-pt\/wp-json\/wp\/v2\/users\/14"}],"replies":[{"embeddable":true,"href":"https:\/\/www.animamacau.org\/pt-pt\/wp-json\/wp\/v2\/comments?post=35556"}],"version-history":[{"count":2,"href":"https:\/\/www.animamacau.org\/pt-pt\/wp-json\/wp\/v2\/posts\/35556\/revisions"}],"predecessor-version":[{"id":35558,"href":"https:\/\/www.animamacau.org\/pt-pt\/wp-json\/wp\/v2\/posts\/35556\/revisions\/35558"}],"wp:featuredmedia":[{"embeddable":true,"href":"https:\/\/www.animamacau.org\/pt-pt\/wp-json\/wp\/v2\/media\/23396"}],"wp:attachment":[{"href":"https:\/\/www.animamacau.org\/pt-pt\/wp-json\/wp\/v2\/media?parent=35556"}],"wp:term":[{"taxonomy":"category","embeddable":true,"href":"https:\/\/www.animamacau.org\/pt-pt\/wp-json\/wp\/v2\/categories?post=35556"},{"taxonomy":"post_tag","embeddable":true,"href":"https:\/\/www.animamacau.org\/pt-pt\/wp-json\/wp\/v2\/tags?post=35556"}],"curies":[{"name":"wp","href":"https:\/\/api.w.org\/{rel}","templated":true}]}}