{"id":39026,"date":"2016-08-13T06:23:53","date_gmt":"2016-08-13T06:23:53","guid":{"rendered":"http:\/\/animamacau.org\/\/sem-categoria\/anima-august-adoption-c1224-vesta-2\/"},"modified":"2016-08-17T11:08:39","modified_gmt":"2016-08-17T11:08:39","slug":"anima-august-adoption-c1224-vesta","status":"publish","type":"post","link":"https:\/\/www.animamacau.org\/pt-pt\/anima-august-adoption-c1224-vesta\/","title":{"rendered":"Anima \u2013 Adop\u00e7\u00e3o de Agosto (C1224-Vesta)!"},"content":{"rendered":"<p><strong>&lt;13-08-2016&gt;<\/strong><br \/>\n<strong><em>Vesta foi adoptada pela Sra. Boekee no dia 13 de Agosto de 2016!<br \/>\n<\/em><\/strong><br \/>\nC1224-Vesta (F), com cerca de dois meses de idade, foi resgatada pela Anima no dia 23 de Junho de 2016, depois de uma chamada do Sr. Chan, informando que uma gatinha fora encontrada na Cal\u00e7ada de Santo Agostinho e n\u00e3o podia abrir os olhos.<br \/>\nComo n\u00e3o estivesse bem foi de imediato examinada pelo nosso veterin\u00e1rio e depois enviada para uma cl\u00ednica para observa\u00e7\u00e3o.<br \/>\nVesta ficou connosco at\u00e9 ser adoptada!<br \/>\n<strong><em>Obrigado Sra. Boekee!<\/em><\/strong><br \/>\n<strong><em>Por favor ajude-nos a ajud\u00e1-los!<\/em><\/strong><br \/>\n<strong><em>Por favor adopte e nunca compre!<\/em><\/strong><br \/>\n<strong><em>Se adoptar est\u00e1 a ajudar-nos a salvar animais em risco!<\/em><\/strong><\/p>\n<p>&nbsp;<\/p>\n<p>&nbsp;<\/p>\n<p>&nbsp;<br \/>\n<em>Ajude-nos doando para:<\/em><br \/>\n<strong>ANIMA \u2013 Sociedade Protectora dos Animais de Macau<\/strong><br \/>\npara as seguintes contas:<br \/>\n<strong>Banco Nacional Ultramarino<\/strong>, MOP conta n\u00famero 9003472840<br \/>\n<strong>Banco da China<\/strong>, MOP conta n\u00famero 01-01-20-794318<br \/>\n<strong>ICBC<\/strong>, MOP conta n\u00famero 0119100200000960934<br \/>\n(ICBC jetco, favor de n\u00e3o inserir os tr\u00eas primeiros d\u00edgitos)<br \/>\n<strong>Banco Tai Fung<\/strong>, MOP conta n\u00famero 201-1-10530-7<br \/>\n<strong>Banco Tai Fung<\/strong>, HKD conta n\u00famero 101-1-12983-3<br \/>\n<em>e informe-nos da sua doa\u00e7\u00e3o para anima@macau.ctm.net<\/em><\/p>\n\n\t\t<style type=\"text\/css\">\n\t\t\t#gallery-2 {\n\t\t\t\tmargin: auto;\n\t\t\t}\n\t\t\t#gallery-2 .gallery-item {\n\t\t\t\tfloat: left;\n\t\t\t\tmargin-top: 10px;\n\t\t\t\ttext-align: center;\n\t\t\t\twidth: 33%;\n\t\t\t}\n\t\t\t#gallery-2 img {\n\t\t\t\tborder: 2px solid #cfcfcf;\n\t\t\t}\n\t\t\t#gallery-2 .gallery-caption {\n\t\t\t\tmargin-left: 0;\n\t\t\t}\n\t\t\t\/* see gallery_shortcode() in wp-includes\/media.php *\/\n\t\t<\/style>\n\t\t<div id='gallery-2' class='gallery galleryid-39026 gallery-columns-3 gallery-size-thumbnail'><dl class='gallery-item'>\n\t\t\t<dt class='gallery-icon landscape'>\n\t\t\t\t<a href='https:\/\/www.animamacau.org\/pt-pt\/anima-august-adoption-c1224-vesta\/c1224-vesta-4-3\/'><img loading=\"lazy\" decoding=\"async\" width=\"150\" height=\"150\" src=\"https:\/\/www.animamacau.org\/wp-content\/uploads\/2016\/08\/C1224-Vesta-150x150.jpg\" class=\"attachment-thumbnail size-thumbnail\" alt=\"\" \/><\/a>\n\t\t\t<\/dt><\/dl><dl class='gallery-item'>\n\t\t\t<dt class='gallery-icon landscape'>\n\t\t\t\t<a href='https:\/\/www.animamacau.org\/pt-pt\/anima-june-rescue-c1224-vesta\/c1224-vesta-3\/'><img loading=\"lazy\" decoding=\"async\" width=\"150\" height=\"150\" src=\"https:\/\/www.animamacau.org\/wp-content\/uploads\/2016\/06\/C1224-Vesta-150x150.jpg\" class=\"attachment-thumbnail size-thumbnail\" alt=\"\" \/><\/a>\n\t\t\t<\/dt><\/dl><dl class='gallery-item'>\n\t\t\t<dt class='gallery-icon landscape'>\n\t\t\t\t<a href='https:\/\/www.animamacau.org\/pt-pt\/anima-august-adoption-c1224-vesta\/c1224-vesta-2-2-3\/'><img loading=\"lazy\" decoding=\"async\" width=\"150\" height=\"150\" src=\"https:\/\/www.animamacau.org\/wp-content\/uploads\/2016\/08\/C1224-Vesta-2-150x150.jpeg\" class=\"attachment-thumbnail size-thumbnail\" alt=\"\" \/><\/a>\n\t\t\t<\/dt><\/dl><br style=\"clear: both\" \/><dl class='gallery-item'>\n\t\t\t<dt class='gallery-icon landscape'>\n\t\t\t\t<a href='https:\/\/www.animamacau.org\/pt-pt\/anima-august-adoption-c1224-vesta\/c1224-vesta-3-2-3\/'><img loading=\"lazy\" decoding=\"async\" width=\"150\" height=\"150\" src=\"https:\/\/www.animamacau.org\/wp-content\/uploads\/2016\/08\/C1224-Vesta-3-150x150.jpeg\" class=\"attachment-thumbnail size-thumbnail\" alt=\"\" \/><\/a>\n\t\t\t<\/dt><\/dl><dl class='gallery-item'>\n\t\t\t<dt class='gallery-icon landscape'>\n\t\t\t\t<a href='https:\/\/www.animamacau.org\/pt-pt\/anima-august-adoption-c1224-vesta\/c1224-vesta-with-the-adopter-2-3\/'><img loading=\"lazy\" decoding=\"async\" width=\"150\" height=\"150\" src=\"https:\/\/www.animamacau.org\/wp-content\/uploads\/2016\/08\/C1224-Vesta-with-the-adopter-2-150x150.jpg\" class=\"attachment-thumbnail size-thumbnail\" alt=\"\" \/><\/a>\n\t\t\t<\/dt><\/dl><dl class='gallery-item'>\n\t\t\t<dt class='gallery-icon landscape'>\n\t\t\t\t<a href='https:\/\/www.animamacau.org\/pt-pt\/anima-august-adoption-c1224-vesta\/c1224-vesta-with-the-adopter-3-3\/'><img loading=\"lazy\" decoding=\"async\" width=\"150\" height=\"150\" src=\"https:\/\/www.animamacau.org\/wp-content\/uploads\/2016\/08\/C1224-Vesta-with-the-adopter-3-150x150.jpg\" class=\"attachment-thumbnail size-thumbnail\" alt=\"\" \/><\/a>\n\t\t\t<\/dt><\/dl><br style=\"clear: both\" \/>\n\t\t<\/div>\n\n","protected":false},"excerpt":{"rendered":"<p>&lt;13-08-2016&gt; Vesta foi adoptada pela Sra. Boekee no dia 13 de Agosto de 2016! C1224-Vesta (F), com cerca de dois meses de idade, foi resgatada pela Anima no dia 23 de Junho de 2016, depois de uma chamada do Sr. Chan, informando que uma gatinha fora encontrada na Cal\u00e7ada de Santo Agostinho e n\u00e3o podia abrir os olhos. Como n\u00e3o estivesse bem foi de imediato examinada pelo nosso veterin\u00e1rio e depois enviada para uma cl\u00ednica para observa\u00e7\u00e3o. Vesta ficou connosco at\u00e9 ser adoptada! Obrigado Sra. Boekee! Por favor ajude-nos a ajud\u00e1-los! Por favor adopte e nunca compre! Se adoptar est\u00e1 a ajudar-nos a salvar animais em risco! &nbsp; &nbsp; &nbsp; Ajude-nos doando para: ANIMA \u2013 Sociedade Protectora dos Animais de Macau para as seguintes contas: Banco Nacional Ultramarino, MOP conta n\u00famero 9003472840 Banco da China, MOP conta n\u00famero 01-01-20-794318 ICBC, MOP conta n\u00famero 0119100200000960934 (ICBC&#8230;<\/p>\n","protected":false},"author":10,"featured_media":38806,"comment_status":"closed","ping_status":"open","sticky":false,"template":"","format":"gallery","meta":{"_acf_changed":false,"footnotes":""},"categories":[284,271],"tags":[],"class_list":["post-39026","post","type-post","status-publish","format-gallery","has-post-thumbnail","hentry","category-finais-felizes","category-noticias","post_format-post-format-gallery"],"acf":[],"_links":{"self":[{"href":"https:\/\/www.animamacau.org\/pt-pt\/wp-json\/wp\/v2\/posts\/39026","targetHints":{"allow":["GET"]}}],"collection":[{"href":"https:\/\/www.animamacau.org\/pt-pt\/wp-json\/wp\/v2\/posts"}],"about":[{"href":"https:\/\/www.animamacau.org\/pt-pt\/wp-json\/wp\/v2\/types\/post"}],"author":[{"embeddable":true,"href":"https:\/\/www.animamacau.org\/pt-pt\/wp-json\/wp\/v2\/users\/10"}],"replies":[{"embeddable":true,"href":"https:\/\/www.animamacau.org\/pt-pt\/wp-json\/wp\/v2\/comments?post=39026"}],"version-history":[{"count":2,"href":"https:\/\/www.animamacau.org\/pt-pt\/wp-json\/wp\/v2\/posts\/39026\/revisions"}],"predecessor-version":[{"id":39028,"href":"https:\/\/www.animamacau.org\/pt-pt\/wp-json\/wp\/v2\/posts\/39026\/revisions\/39028"}],"wp:featuredmedia":[{"embeddable":true,"href":"https:\/\/www.animamacau.org\/pt-pt\/wp-json\/wp\/v2\/media\/38806"}],"wp:attachment":[{"href":"https:\/\/www.animamacau.org\/pt-pt\/wp-json\/wp\/v2\/media?parent=39026"}],"wp:term":[{"taxonomy":"category","embeddable":true,"href":"https:\/\/www.animamacau.org\/pt-pt\/wp-json\/wp\/v2\/categories?post=39026"},{"taxonomy":"post_tag","embeddable":true,"href":"https:\/\/www.animamacau.org\/pt-pt\/wp-json\/wp\/v2\/tags?post=39026"}],"curies":[{"name":"wp","href":"https:\/\/api.w.org\/{rel}","templated":true}]}}