{"id":39498,"date":"2016-08-21T02:06:22","date_gmt":"2016-08-21T02:06:22","guid":{"rendered":"http:\/\/animamacau.org\/\/sem-categoria\/anima-august-return-to-family-1625-wallace-2\/"},"modified":"2016-08-24T08:34:55","modified_gmt":"2016-08-24T08:34:55","slug":"anima-august-return-to-family-1625-wallace","status":"publish","type":"post","link":"https:\/\/www.animamacau.org\/pt-pt\/anima-august-return-to-family-1625-wallace\/","title":{"rendered":"Anima \u2013 Devolu\u00e7\u00e3o \u00e0 fam\u00edlia em Agosto (1625-Wallace)!"},"content":{"rendered":"<p><strong>&lt;21-08-2016&gt;<\/strong><br \/>\n<strong><em>Veja Wallace hoje, quando foi adoptado e quando foi resgatado!<\/em><\/strong><\/p>\n<p>1625-Wallace foi devolvido \u00e0 fam\u00edlia depois de ter estado alojado na Anima por 24 dias desde 29 de Julho de 2016!<br \/>\n1625-Wallace, 1626-Walmond e 1627-Wardell, todos com duas semanas de idade, foram resgatados pela Anima no dia 6 de Janeiro depois do telefonema de Billy, o nosso vice-Presidente, dizendo que a Sra. Ian comentou com ele que os cachorrinhos deviam estar s\u00f3zinhos j\u00e1 que algumas m\u00e3es tinham sido apanhadas pelo IACM numa zona de constru\u00e7\u00e3o.<br \/>\nEstes c\u00e3ezinhos tinham de ir para a Anima j\u00e1 que a loja para onde iriam n\u00e3o os conseguia alimentar durante a noite!<br \/>\nComo os cachorrinhos ainda precisavam de leite, ficaram sob o cuidado da nossa supervisora Zoe, que os alimentou de tr\u00eas em tr\u00eas horas, dia e noite!<br \/>\n<em><strong>Se adoptar um animal da Anima beneficia do privil\u00e9gio de poder deixar o seu animal de estima\u00e7\u00e3o connosco durante 15 dias no primeiro ano de adop\u00e7\u00e3o sem ter de pagar!<\/strong><\/em><br \/>\n<em><strong>Por favor adopte e nunca compre!<\/strong><\/em><br \/>\n<em><strong>Se voc\u00ea adoptar est\u00e1 a ajudar-nos a salvar mais animais em perigo!<\/strong><\/em><\/p>\n<p>&nbsp;<\/p>\n<p>&nbsp;<br \/>\n<em>Ajude-nos doando para:<\/em><br \/>\n<strong>ANIMA \u2013 Sociedade Protectora dos Animais de Macau<\/strong><br \/>\npara as seguintes contas:<br \/>\n<strong>Banco Nacional Ultramarino<\/strong>, MOP conta n\u00famero 9003472840<br \/>\n<strong>Banco da China<\/strong>, MOP conta n\u00famero 01-01-20-794318<br \/>\n<strong>ICBC<\/strong>, MOP conta n\u00famero 0119100200000960934<br \/>\n(ICBC jetco, favor de n\u00e3o inserir os tr\u00eas primeiros d\u00edgitos)<br \/>\n<strong>Banco Tai Fung<\/strong>, MOP conta n\u00famero 201-1-10530-7<br \/>\n<strong>Banco Tai Fung<\/strong>, HKD conta n\u00famero 101-1-12983-3<br \/>\n<em>e informe-nos da sua doa\u00e7\u00e3o para anima@macau.ctm.net<\/em><\/p>\n<p>&nbsp;<\/p>\n<p>&nbsp;<\/p>\n\n\t\t<style type=\"text\/css\">\n\t\t\t#gallery-2 {\n\t\t\t\tmargin: auto;\n\t\t\t}\n\t\t\t#gallery-2 .gallery-item {\n\t\t\t\tfloat: left;\n\t\t\t\tmargin-top: 10px;\n\t\t\t\ttext-align: center;\n\t\t\t\twidth: 33%;\n\t\t\t}\n\t\t\t#gallery-2 img {\n\t\t\t\tborder: 2px solid #cfcfcf;\n\t\t\t}\n\t\t\t#gallery-2 .gallery-caption {\n\t\t\t\tmargin-left: 0;\n\t\t\t}\n\t\t\t\/* see gallery_shortcode() in wp-includes\/media.php *\/\n\t\t<\/style>\n\t\t<div id='gallery-2' class='gallery galleryid-39498 gallery-columns-3 gallery-size-thumbnail'><dl class='gallery-item'>\n\t\t\t<dt class='gallery-icon landscape'>\n\t\t\t\t<a href='https:\/\/www.animamacau.org\/pt-pt\/anima-august-return-to-family-1625-wallace\/1625-wallace-returned-from-accommodation-3\/'><img loading=\"lazy\" decoding=\"async\" width=\"150\" height=\"150\" src=\"https:\/\/www.animamacau.org\/wp-content\/uploads\/2016\/08\/1625-Wallace-returned-from-accommodation-150x150.jpg\" class=\"attachment-thumbnail size-thumbnail\" alt=\"\" \/><\/a>\n\t\t\t<\/dt><\/dl><dl class='gallery-item'>\n\t\t\t<dt class='gallery-icon landscape'>\n\t\t\t\t<a href='https:\/\/www.animamacau.org\/pt-pt\/anima-january-rescue-1625-to-1627\/1625-wallace-3\/'><img loading=\"lazy\" decoding=\"async\" width=\"150\" height=\"150\" src=\"https:\/\/www.animamacau.org\/wp-content\/uploads\/2016\/01\/1625-Wallace-150x150.jpg\" class=\"attachment-thumbnail size-thumbnail\" alt=\"\" \/><\/a>\n\t\t\t<\/dt><\/dl><dl class='gallery-item'>\n\t\t\t<dt class='gallery-icon landscape'>\n\t\t\t\t<a href='https:\/\/www.animamacau.org\/pt-pt\/anima-january-rescue-1625-to-1627\/1625-wallace-1626-walmond-and-1627-wardell-3\/'><img loading=\"lazy\" decoding=\"async\" width=\"150\" height=\"150\" src=\"https:\/\/www.animamacau.org\/wp-content\/uploads\/2016\/01\/1625-Wallace-1626-Walmond-and-1627-Wardell-150x150.jpg\" class=\"attachment-thumbnail size-thumbnail\" alt=\"\" \/><\/a>\n\t\t\t<\/dt><\/dl><br style=\"clear: both\" \/><dl class='gallery-item'>\n\t\t\t<dt class='gallery-icon landscape'>\n\t\t\t\t<a href='https:\/\/www.animamacau.org\/pt-pt\/adoption\/1460-tasha\/1625-wallace-with-the-adopter-3\/'><img loading=\"lazy\" decoding=\"async\" width=\"150\" height=\"150\" src=\"https:\/\/www.animamacau.org\/wp-content\/uploads\/2016\/02\/1625-Wallace-with-the-adopter-150x150.jpg\" class=\"attachment-thumbnail size-thumbnail\" alt=\"\" \/><\/a>\n\t\t\t<\/dt><\/dl>\n\t\t\t<br style='clear: both' \/>\n\t\t<\/div>\n\n","protected":false},"excerpt":{"rendered":"<p>&lt;21-08-2016&gt; Veja Wallace hoje, quando foi adoptado e quando foi resgatado! 1625-Wallace foi devolvido \u00e0 fam\u00edlia depois de ter estado alojado na Anima por 24 dias desde 29 de Julho de 2016! 1625-Wallace, 1626-Walmond e 1627-Wardell, todos com duas semanas de idade, foram resgatados pela Anima no dia 6 de Janeiro depois do telefonema de Billy, o nosso vice-Presidente, dizendo que a Sra. Ian comentou com ele que os cachorrinhos deviam estar s\u00f3zinhos j\u00e1 que algumas m\u00e3es tinham sido apanhadas pelo IACM numa zona de constru\u00e7\u00e3o. Estes c\u00e3ezinhos tinham de ir para a Anima j\u00e1 que a loja para onde iriam n\u00e3o os conseguia alimentar durante a noite! Como os cachorrinhos ainda precisavam de leite, ficaram sob o cuidado da nossa supervisora Zoe, que os alimentou de tr\u00eas em tr\u00eas horas, dia e noite! Se adoptar um animal da Anima beneficia do privil\u00e9gio de poder&#8230;<\/p>\n","protected":false},"author":10,"featured_media":39414,"comment_status":"closed","ping_status":"open","sticky":false,"template":"","format":"gallery","meta":{"_acf_changed":false,"footnotes":""},"categories":[297,271],"tags":[],"class_list":["post-39498","post","type-post","status-publish","format-gallery","has-post-thumbnail","hentry","category-devolvidos-familia","category-noticias","post_format-post-format-gallery"],"acf":[],"_links":{"self":[{"href":"https:\/\/www.animamacau.org\/pt-pt\/wp-json\/wp\/v2\/posts\/39498","targetHints":{"allow":["GET"]}}],"collection":[{"href":"https:\/\/www.animamacau.org\/pt-pt\/wp-json\/wp\/v2\/posts"}],"about":[{"href":"https:\/\/www.animamacau.org\/pt-pt\/wp-json\/wp\/v2\/types\/post"}],"author":[{"embeddable":true,"href":"https:\/\/www.animamacau.org\/pt-pt\/wp-json\/wp\/v2\/users\/10"}],"replies":[{"embeddable":true,"href":"https:\/\/www.animamacau.org\/pt-pt\/wp-json\/wp\/v2\/comments?post=39498"}],"version-history":[{"count":2,"href":"https:\/\/www.animamacau.org\/pt-pt\/wp-json\/wp\/v2\/posts\/39498\/revisions"}],"predecessor-version":[{"id":39500,"href":"https:\/\/www.animamacau.org\/pt-pt\/wp-json\/wp\/v2\/posts\/39498\/revisions\/39500"}],"wp:featuredmedia":[{"embeddable":true,"href":"https:\/\/www.animamacau.org\/pt-pt\/wp-json\/wp\/v2\/media\/39414"}],"wp:attachment":[{"href":"https:\/\/www.animamacau.org\/pt-pt\/wp-json\/wp\/v2\/media?parent=39498"}],"wp:term":[{"taxonomy":"category","embeddable":true,"href":"https:\/\/www.animamacau.org\/pt-pt\/wp-json\/wp\/v2\/categories?post=39498"},{"taxonomy":"post_tag","embeddable":true,"href":"https:\/\/www.animamacau.org\/pt-pt\/wp-json\/wp\/v2\/tags?post=39498"}],"curies":[{"name":"wp","href":"https:\/\/api.w.org\/{rel}","templated":true}]}}