{"id":40566,"date":"2016-09-08T03:18:06","date_gmt":"2016-09-08T03:18:06","guid":{"rendered":"http:\/\/animamacau.org\/\/sem-categoria\/cooperation-anima-iacm-spp1598-benita-2\/"},"modified":"2016-09-16T04:38:03","modified_gmt":"2016-09-16T04:38:03","slug":"cooperation-anima-iacm-spp1598-benita","status":"publish","type":"post","link":"https:\/\/www.animamacau.org\/pt-pt\/cooperation-anima-iacm-spp1598-benita\/","title":{"rendered":"Coopera\u00e7\u00e3o com o IACM em benef\u00edcio dos animais!"},"content":{"rendered":"<p><strong>&lt;08\/09\/2016&gt;<\/strong><br \/>\nSPP1598-Benita(F) que estava sob o nosso Programa de Protec\u00e7\u00e3o Especial (PPE) desde 4 de Dezembro de 2015, vivia num estaleiro algures em Coloane.<br \/>\nDepois de ter estado no Canil de Macau por algum tempo, mudou-se para o Canil de Coloane para o abrigo tr\u00eas sob a gest\u00e3o do nosso pessoal.<br \/>\nTodos os animais no Canil de Coloane t\u00eam tempos de recreio, um princ\u00edpio defendido desde sempre pela Anima.<br \/>\nNenhum animal fica em jaula!<br \/>\nBenita foi apanhada pelo IACM no dia 23 de Agosto de 2016 e transferida hoje para o canil de Coloane.<br \/>\n<em><strong>O IACM e a Anima est\u00e3o a cooperar de modo a evitar a morte de tantos animais.<\/strong><\/em><br \/>\n<em><strong>Esperemos que a nova Lei possa reduzir o n\u00famero de abandonos!<\/strong><\/em><br \/>\n<em><strong>Por favor ajude-nos a ajud\u00e1-los!<\/strong><\/em><\/p>\n<p>&nbsp;<\/p>\n<p>&nbsp;<\/p>\n<p><em>Por favor, ajude-nos doando para<\/em><br \/>\n<strong>ANIMA \u2013 Sociedade Protectora dos Animais de Macau<\/strong>,<br \/>\npara as seguintes contas banc\u00e1rias:<br \/>\n<strong>Banco Nacional Ultramarino<\/strong>, n\u00famero de conta 9003472840<br \/>\n<strong>Banco da China<\/strong>, MOP conta n\u00famero 01-01-20-794318<br \/>\n<strong>ICBC<\/strong>, MOP conta n\u00famero 0119100200000960934<br \/>\n(ICBC jetco, favor de n\u00e3o inserir os tr\u00eas primeiros d\u00edgitos)<br \/>\n<strong>Banco Tai Fung<\/strong>, MOP conta n\u00famero 201-1-10530-7<br \/>\n<strong>Banco Tai Fung<\/strong>, HKD conta n\u00famero 101-1-12983-3<br \/>\n<em>e informe-nos da sua doa\u00e7\u00e3o para anima@macau.ctm.net<\/em><\/p>\n\n\t\t<style type=\"text\/css\">\n\t\t\t#gallery-2 {\n\t\t\t\tmargin: auto;\n\t\t\t}\n\t\t\t#gallery-2 .gallery-item {\n\t\t\t\tfloat: left;\n\t\t\t\tmargin-top: 10px;\n\t\t\t\ttext-align: center;\n\t\t\t\twidth: 33%;\n\t\t\t}\n\t\t\t#gallery-2 img {\n\t\t\t\tborder: 2px solid #cfcfcf;\n\t\t\t}\n\t\t\t#gallery-2 .gallery-caption {\n\t\t\t\tmargin-left: 0;\n\t\t\t}\n\t\t\t\/* see gallery_shortcode() in wp-includes\/media.php *\/\n\t\t<\/style>\n\t\t<div id='gallery-2' class='gallery galleryid-40566 gallery-columns-3 gallery-size-thumbnail'><dl class='gallery-item'>\n\t\t\t<dt class='gallery-icon landscape'>\n\t\t\t\t<a href='https:\/\/www.animamacau.org\/pt-pt\/cooperation-anima-iacm-spp1598-benita\/spp1598-benita-4\/'><img loading=\"lazy\" decoding=\"async\" width=\"150\" height=\"150\" src=\"https:\/\/www.animamacau.org\/wp-content\/uploads\/2016\/09\/SPP1598-Benita-150x150.jpeg\" class=\"attachment-thumbnail size-thumbnail\" alt=\"\" \/><\/a>\n\t\t\t<\/dt><\/dl><dl class='gallery-item'>\n\t\t\t<dt class='gallery-icon landscape'>\n\t\t\t\t<a href='https:\/\/www.animamacau.org\/pt-pt\/cooperation-anima-iacm-spp1598-benita\/spp1598-benita-2-4-3\/'><img loading=\"lazy\" decoding=\"async\" width=\"150\" height=\"150\" src=\"https:\/\/www.animamacau.org\/wp-content\/uploads\/2016\/09\/SPP1598-Benita-2-150x150.jpeg\" class=\"attachment-thumbnail size-thumbnail\" alt=\"\" \/><\/a>\n\t\t\t<\/dt><\/dl>\n\t\t\t<br style='clear: both' \/>\n\t\t<\/div>\n\n","protected":false},"excerpt":{"rendered":"<p>&lt;08\/09\/2016&gt; SPP1598-Benita(F) que estava sob o nosso Programa de Protec\u00e7\u00e3o Especial (PPE) desde 4 de Dezembro de 2015, vivia num estaleiro algures em Coloane. Depois de ter estado no Canil de Macau por algum tempo, mudou-se para o Canil de Coloane para o abrigo tr\u00eas sob a gest\u00e3o do nosso pessoal. Todos os animais no Canil de Coloane t\u00eam tempos de recreio, um princ\u00edpio defendido desde sempre pela Anima. Nenhum animal fica em jaula! Benita foi apanhada pelo IACM no dia 23 de Agosto de 2016 e transferida hoje para o canil de Coloane. O IACM e a Anima est\u00e3o a cooperar de modo a evitar a morte de tantos animais. Esperemos que a nova Lei possa reduzir o n\u00famero de abandonos! Por favor ajude-nos a ajud\u00e1-los! &nbsp; &nbsp; Por favor, ajude-nos doando para ANIMA \u2013 Sociedade Protectora dos Animais de Macau, para as seguintes&#8230;<\/p>\n","protected":false},"author":10,"featured_media":40308,"comment_status":"closed","ping_status":"open","sticky":false,"template":"","format":"gallery","meta":{"_acf_changed":false,"footnotes":""},"categories":[274,271],"tags":[],"class_list":["post-40566","post","type-post","status-publish","format-gallery","has-post-thumbnail","hentry","category-adopte-canil-coloane","category-noticias","post_format-post-format-gallery"],"acf":[],"_links":{"self":[{"href":"https:\/\/www.animamacau.org\/pt-pt\/wp-json\/wp\/v2\/posts\/40566","targetHints":{"allow":["GET"]}}],"collection":[{"href":"https:\/\/www.animamacau.org\/pt-pt\/wp-json\/wp\/v2\/posts"}],"about":[{"href":"https:\/\/www.animamacau.org\/pt-pt\/wp-json\/wp\/v2\/types\/post"}],"author":[{"embeddable":true,"href":"https:\/\/www.animamacau.org\/pt-pt\/wp-json\/wp\/v2\/users\/10"}],"replies":[{"embeddable":true,"href":"https:\/\/www.animamacau.org\/pt-pt\/wp-json\/wp\/v2\/comments?post=40566"}],"version-history":[{"count":2,"href":"https:\/\/www.animamacau.org\/pt-pt\/wp-json\/wp\/v2\/posts\/40566\/revisions"}],"predecessor-version":[{"id":40568,"href":"https:\/\/www.animamacau.org\/pt-pt\/wp-json\/wp\/v2\/posts\/40566\/revisions\/40568"}],"wp:featuredmedia":[{"embeddable":true,"href":"https:\/\/www.animamacau.org\/pt-pt\/wp-json\/wp\/v2\/media\/40308"}],"wp:attachment":[{"href":"https:\/\/www.animamacau.org\/pt-pt\/wp-json\/wp\/v2\/media?parent=40566"}],"wp:term":[{"taxonomy":"category","embeddable":true,"href":"https:\/\/www.animamacau.org\/pt-pt\/wp-json\/wp\/v2\/categories?post=40566"},{"taxonomy":"post_tag","embeddable":true,"href":"https:\/\/www.animamacau.org\/pt-pt\/wp-json\/wp\/v2\/tags?post=40566"}],"curies":[{"name":"wp","href":"https:\/\/api.w.org\/{rel}","templated":true}]}}