{"id":40578,"date":"2016-09-11T07:12:04","date_gmt":"2016-09-11T07:12:04","guid":{"rendered":"http:\/\/animamacau.org\/\/sem-categoria\/anima-september-foster-spp1666-tiko-2\/"},"modified":"2016-09-17T05:34:09","modified_gmt":"2016-09-17T05:34:09","slug":"anima-september-foster-spp1666-tiko","status":"publish","type":"post","link":"https:\/\/www.animamacau.org\/pt-pt\/anima-september-foster-spp1666-tiko\/","title":{"rendered":"Fam\u00edlia de Acolhimento em Setembro (SPP1666-Tiko)!"},"content":{"rendered":"<p><strong>&lt;11-09-2016&gt;<\/strong><br \/>\nSPP1666-Tiko (M) foi resgatado pela Anima no dia 14 de Mar\u00e7o de 2016, depois de uma chamada da Sra. Joan informando que Tiko foi encontrado com dificuldade em respirar e estava a vomitar.<br \/>\nSPP1666-Tiko foi enviado imediatamente a uma cl\u00ednica para ser consultado e permaneceu l\u00e1 por uma noite para observa\u00e7\u00e3o.<br \/>\nA primeira opini\u00e3o m\u00e9dica referia que ele precisava de uma opera\u00e7\u00e3o mas que o m\u00e9dico veterin\u00e1rio s\u00f3 poderia faz\u00ea-lo no Domingo e que tinha possibilidades de vir a sobreviver.<br \/>\nDado que faltavam alguns dias, foi pedida uma segunda opini\u00e3o a outro m\u00e9dico veterin\u00e1rio que nos informou que uma opera\u00e7\u00e3o tinha poucas posibilidades de vir a correr bem pois o animal poderia n\u00e3o sobreviver.<br \/>\nEntretanto, a Anima decidiu pedir uma terceira opini\u00e3o noutra cl\u00ednica e falou directamente com o veterin\u00e1rio principal que lhe informou que o animal tinha o est\u00f4mago dentro do t\u00f3rax, da\u00ed as dificuldades em respirar e que havia muitas possibilidades de sobreviver!<br \/>\nN\u00e3o esper\u00e1mos e decidimos por uma cir\u00fargia imediata.<br \/>\nEle poderia n\u00e3o sobreviver.<br \/>\nTico ficou agora temporariamente em fam\u00edlia de acolhimento!<br \/>\n<em><strong>Obrigado Sra. Langton!<\/strong><\/em><br \/>\n<em><strong>Por favor ajude-nos a ajud\u00e1-los!<\/strong><\/em><br \/>\n<em><strong>Nunca abandone o seu animal de estima\u00e7\u00e3o! Abandonar um animal de estima\u00e7\u00e3o \u00e9 abandonar um membro da fam\u00edlia!<\/strong><\/em><\/p>\n<p>&nbsp;<\/p>\n<p>&nbsp;<br \/>\n<em>Ajude-nos doando para:<\/em><br \/>\n<strong>ANIMA \u2013 Sociedade Protectora dos Animais de Macau<\/strong><br \/>\npara as seguintes contas:<br \/>\n<strong>Banco Nacional Ultramarino<\/strong>, MOP conta n\u00famero 9003472840<br \/>\n<strong>Banco da China<\/strong>, MOP conta n\u00famero 01-01-20-794318<br \/>\n<strong>ICBC,<\/strong> MOP conta n\u00famero 0119100200000960934<br \/>\n(ICBC jetco, favor de n\u00e3o inserir os tr\u00eas primeiros d\u00edgitos)<br \/>\n<strong>Banco Tai Fung<\/strong>, MOP conta n\u00famero 201-1-10530-7<br \/>\n<strong>Banco Tai Fung<\/strong>, HKD conta n\u00famero 101-1-12983-3<br \/>\n<em>e informe-nos da sua doa\u00e7\u00e3o para anima@macau.ctm.net<\/em><\/p>\n\n\t\t<style type=\"text\/css\">\n\t\t\t#gallery-2 {\n\t\t\t\tmargin: auto;\n\t\t\t}\n\t\t\t#gallery-2 .gallery-item {\n\t\t\t\tfloat: left;\n\t\t\t\tmargin-top: 10px;\n\t\t\t\ttext-align: center;\n\t\t\t\twidth: 33%;\n\t\t\t}\n\t\t\t#gallery-2 img {\n\t\t\t\tborder: 2px solid #cfcfcf;\n\t\t\t}\n\t\t\t#gallery-2 .gallery-caption {\n\t\t\t\tmargin-left: 0;\n\t\t\t}\n\t\t\t\/* see gallery_shortcode() in wp-includes\/media.php *\/\n\t\t<\/style>\n\t\t<div id='gallery-2' class='gallery galleryid-40578 gallery-columns-3 gallery-size-thumbnail'><dl class='gallery-item'>\n\t\t\t<dt class='gallery-icon landscape'>\n\t\t\t\t<a href='https:\/\/www.animamacau.org\/pt-pt\/anima-september-foster-spp1666-tiko\/1666-tiko-with-foster-family-3\/'><img loading=\"lazy\" decoding=\"async\" width=\"150\" height=\"150\" src=\"https:\/\/www.animamacau.org\/wp-content\/uploads\/2016\/09\/1666-Tiko-with-foster-family-150x150.jpg\" class=\"attachment-thumbnail size-thumbnail\" alt=\"\" \/><\/a>\n\t\t\t<\/dt><\/dl><dl class='gallery-item'>\n\t\t\t<dt class='gallery-icon landscape'>\n\t\t\t\t<a href='https:\/\/www.animamacau.org\/pt-pt\/anima-march-adoption-c431-jogi\/spp1666-tika-4-3\/'><img loading=\"lazy\" decoding=\"async\" width=\"150\" height=\"150\" src=\"https:\/\/www.animamacau.org\/wp-content\/uploads\/2016\/03\/SPP1666-Tika1-150x150.jpg\" class=\"attachment-thumbnail size-thumbnail\" alt=\"\" \/><\/a>\n\t\t\t<\/dt><\/dl><dl class='gallery-item'>\n\t\t\t<dt class='gallery-icon landscape'>\n\t\t\t\t<a href='https:\/\/www.animamacau.org\/pt-pt\/anima-march-new-spp-dogs-spp1662-to-spp1668\/spp1666-tika-3\/'><img loading=\"lazy\" decoding=\"async\" width=\"150\" height=\"150\" src=\"https:\/\/www.animamacau.org\/wp-content\/uploads\/2016\/03\/SPP1666-Tika-150x150.jpg\" class=\"attachment-thumbnail size-thumbnail\" alt=\"\" \/><\/a>\n\t\t\t<\/dt><\/dl><br style=\"clear: both\" \/><dl class='gallery-item'>\n\t\t\t<dt class='gallery-icon landscape'>\n\t\t\t\t<a href='https:\/\/www.animamacau.org\/pt-pt\/anima-march-new-spp-dogs-spp1662-to-spp1668\/spp1662-tanmi-spp1663-therese-spp1664-tenny-spp1665-talina-spp1666-tika-spp1667-terro-spp1668-trafo-3\/'><img loading=\"lazy\" decoding=\"async\" width=\"150\" height=\"150\" src=\"https:\/\/www.animamacau.org\/wp-content\/uploads\/2016\/03\/SPP1662-Tanmi-SPP1663-Therese-SPP1664-Tenny-SPP1665-Talina-SPP1666-Tika-SPP1667-Terro-SPP1668-Trafo-150x150.jpg\" class=\"attachment-thumbnail size-thumbnail\" alt=\"\" \/><\/a>\n\t\t\t<\/dt><\/dl>\n\t\t\t<br style='clear: both' \/>\n\t\t<\/div>\n\n","protected":false},"excerpt":{"rendered":"<p>&lt;11-09-2016&gt; SPP1666-Tiko (M) foi resgatado pela Anima no dia 14 de Mar\u00e7o de 2016, depois de uma chamada da Sra. Joan informando que Tiko foi encontrado com dificuldade em respirar e estava a vomitar. SPP1666-Tiko foi enviado imediatamente a uma cl\u00ednica para ser consultado e permaneceu l\u00e1 por uma noite para observa\u00e7\u00e3o. A primeira opini\u00e3o m\u00e9dica referia que ele precisava de uma opera\u00e7\u00e3o mas que o m\u00e9dico veterin\u00e1rio s\u00f3 poderia faz\u00ea-lo no Domingo e que tinha possibilidades de vir a sobreviver. Dado que faltavam alguns dias, foi pedida uma segunda opini\u00e3o a outro m\u00e9dico veterin\u00e1rio que nos informou que uma opera\u00e7\u00e3o tinha poucas posibilidades de vir a correr bem pois o animal poderia n\u00e3o sobreviver. Entretanto, a Anima decidiu pedir uma terceira opini\u00e3o noutra cl\u00ednica e falou directamente com o veterin\u00e1rio principal que lhe informou que o animal tinha o est\u00f4mago dentro do t\u00f3rax, da\u00ed&#8230;<\/p>\n","protected":false},"author":10,"featured_media":40365,"comment_status":"closed","ping_status":"open","sticky":false,"template":"","format":"gallery","meta":{"_acf_changed":false,"footnotes":""},"categories":[282,271],"tags":[],"class_list":["post-40578","post","type-post","status-publish","format-gallery","has-post-thumbnail","hentry","category-familia-acolhimento","category-noticias","post_format-post-format-gallery"],"acf":[],"_links":{"self":[{"href":"https:\/\/www.animamacau.org\/pt-pt\/wp-json\/wp\/v2\/posts\/40578","targetHints":{"allow":["GET"]}}],"collection":[{"href":"https:\/\/www.animamacau.org\/pt-pt\/wp-json\/wp\/v2\/posts"}],"about":[{"href":"https:\/\/www.animamacau.org\/pt-pt\/wp-json\/wp\/v2\/types\/post"}],"author":[{"embeddable":true,"href":"https:\/\/www.animamacau.org\/pt-pt\/wp-json\/wp\/v2\/users\/10"}],"replies":[{"embeddable":true,"href":"https:\/\/www.animamacau.org\/pt-pt\/wp-json\/wp\/v2\/comments?post=40578"}],"version-history":[{"count":2,"href":"https:\/\/www.animamacau.org\/pt-pt\/wp-json\/wp\/v2\/posts\/40578\/revisions"}],"predecessor-version":[{"id":40580,"href":"https:\/\/www.animamacau.org\/pt-pt\/wp-json\/wp\/v2\/posts\/40578\/revisions\/40580"}],"wp:featuredmedia":[{"embeddable":true,"href":"https:\/\/www.animamacau.org\/pt-pt\/wp-json\/wp\/v2\/media\/40365"}],"wp:attachment":[{"href":"https:\/\/www.animamacau.org\/pt-pt\/wp-json\/wp\/v2\/media?parent=40578"}],"wp:term":[{"taxonomy":"category","embeddable":true,"href":"https:\/\/www.animamacau.org\/pt-pt\/wp-json\/wp\/v2\/categories?post=40578"},{"taxonomy":"post_tag","embeddable":true,"href":"https:\/\/www.animamacau.org\/pt-pt\/wp-json\/wp\/v2\/tags?post=40578"}],"curies":[{"name":"wp","href":"https:\/\/api.w.org\/{rel}","templated":true}]}}