{"id":40581,"date":"2016-09-11T07:50:37","date_gmt":"2016-09-11T07:50:37","guid":{"rendered":"http:\/\/animamacau.org\/\/sem-categoria\/11th-september-adoption-day-in-praca-da-amizade-2\/"},"modified":"2016-09-17T05:42:23","modified_gmt":"2016-09-17T05:42:23","slug":"11th-september-adoption-day-in-praca-da-amizade","status":"publish","type":"post","link":"https:\/\/www.animamacau.org\/pt-pt\/11th-september-adoption-day-in-praca-da-amizade\/","title":{"rendered":"11 de Setembro, dia de Adop\u00e7\u00e3o na Pra\u00e7a da Amizade!"},"content":{"rendered":"<p><strong>&lt;11-09-2016&gt;<\/strong><br \/>\nCom in\u00edcio em Fevereiro de 2016, a Anima tem levado a cabo dois dias de adop\u00e7\u00e3o fora de portas, no segundo e \u00faltimo Domingo de cada m\u00eas.<br \/>\nCerca de 30 pessoas visitaram-nos hoje na Pra\u00e7a da Amizade!<br \/>\nFomos apoiados por nove volunt\u00e1rios, sete quais pertencem ao grupo de volunt\u00e1rios do Wynn Resort, Daniela, Maymie, Fion, Katarina, Marco, May, Ana, mais Diana e Jasmine e lev\u00e1mos connosco sete dos nossos c\u00e3es.<br \/>\n<em><strong>Obrigado pelo vosso forte apoio!<\/strong><\/em><br \/>\n<em><strong>Por favor n\u00e3o Compre, Adopte!<\/strong><\/em><br \/>\n<em><strong>Se quiser que ajudemos mais animais, por favor ajude-nos adoptando!<\/strong><\/em><\/p>\n<p>&nbsp;<\/p>\n<p>&nbsp;<\/p>\n<p>&nbsp;<\/p>\n<p><em>Ajude-nos doando para:<\/em><br \/>\n<strong>ANIMA \u2013 Sociedade Protectora dos Animais de Macau<\/strong><br \/>\npara as seguintes contas:<br \/>\n<strong>Banco Nacional Ultramarino<\/strong>, MOP conta n\u00famero 9003472840<br \/>\n<strong>Banco da China<\/strong>, MOP conta n\u00famero 01-01-20-794318<br \/>\n<strong>ICBC<\/strong>, MOP conta n\u00famero 0119100200000960934<br \/>\n(ICBC jetco, favor de n\u00e3o inserir os tr\u00eas primeiros d\u00edgitos)<br \/>\n<strong>Banco Tai Fung<\/strong>, MOP conta n\u00famero 201-1-10530-7<br \/>\n<strong>Banco Tai Fung<\/strong>, HKD conta n\u00famero 101-1-12983-3<br \/>\n<em>e informe-nos da sua doa\u00e7\u00e3o para anima@macau.ctm.net<\/em><\/p>\n<p>&nbsp;<\/p>\n\n\t\t<style type=\"text\/css\">\n\t\t\t#gallery-2 {\n\t\t\t\tmargin: auto;\n\t\t\t}\n\t\t\t#gallery-2 .gallery-item {\n\t\t\t\tfloat: left;\n\t\t\t\tmargin-top: 10px;\n\t\t\t\ttext-align: center;\n\t\t\t\twidth: 33%;\n\t\t\t}\n\t\t\t#gallery-2 img {\n\t\t\t\tborder: 2px solid #cfcfcf;\n\t\t\t}\n\t\t\t#gallery-2 .gallery-caption {\n\t\t\t\tmargin-left: 0;\n\t\t\t}\n\t\t\t\/* see gallery_shortcode() in wp-includes\/media.php *\/\n\t\t<\/style>\n\t\t<div id='gallery-2' class='gallery galleryid-40581 gallery-columns-3 gallery-size-thumbnail'><dl class='gallery-item'>\n\t\t\t<dt class='gallery-icon landscape'>\n\t\t\t\t<a href='https:\/\/www.animamacau.org\/pt-pt\/11th-september-adoption-day-in-praca-da-amizade\/11-09-2016-12\/'><img loading=\"lazy\" decoding=\"async\" width=\"150\" height=\"150\" src=\"https:\/\/www.animamacau.org\/wp-content\/uploads\/2016\/09\/11-09-2016-150x150.jpg\" class=\"attachment-thumbnail size-thumbnail\" alt=\"\" \/><\/a>\n\t\t\t<\/dt><\/dl><dl class='gallery-item'>\n\t\t\t<dt class='gallery-icon landscape'>\n\t\t\t\t<a href='https:\/\/www.animamacau.org\/pt-pt\/11th-september-adoption-day-in-praca-da-amizade\/11-09-2016-9-3\/'><img loading=\"lazy\" decoding=\"async\" width=\"150\" height=\"150\" src=\"https:\/\/www.animamacau.org\/wp-content\/uploads\/2016\/09\/11-09-2016-9-150x150.jpg\" class=\"attachment-thumbnail size-thumbnail\" alt=\"\" \/><\/a>\n\t\t\t<\/dt><\/dl><dl class='gallery-item'>\n\t\t\t<dt class='gallery-icon landscape'>\n\t\t\t\t<a href='https:\/\/www.animamacau.org\/pt-pt\/11th-september-adoption-day-in-praca-da-amizade\/11-09-2016-8-3\/'><img loading=\"lazy\" decoding=\"async\" width=\"150\" height=\"150\" src=\"https:\/\/www.animamacau.org\/wp-content\/uploads\/2016\/09\/11-09-2016-8-150x150.jpg\" class=\"attachment-thumbnail size-thumbnail\" alt=\"\" \/><\/a>\n\t\t\t<\/dt><\/dl><br style=\"clear: both\" \/><dl class='gallery-item'>\n\t\t\t<dt class='gallery-icon landscape'>\n\t\t\t\t<a href='https:\/\/www.animamacau.org\/pt-pt\/11th-september-adoption-day-in-praca-da-amizade\/11-09-2016-7-3\/'><img loading=\"lazy\" decoding=\"async\" width=\"150\" height=\"150\" src=\"https:\/\/www.animamacau.org\/wp-content\/uploads\/2016\/09\/11-09-2016-7-150x150.jpg\" class=\"attachment-thumbnail size-thumbnail\" alt=\"\" \/><\/a>\n\t\t\t<\/dt><\/dl><dl class='gallery-item'>\n\t\t\t<dt class='gallery-icon landscape'>\n\t\t\t\t<a href='https:\/\/www.animamacau.org\/pt-pt\/11th-september-adoption-day-in-praca-da-amizade\/11-09-2016-6-3\/'><img loading=\"lazy\" decoding=\"async\" width=\"150\" height=\"150\" src=\"https:\/\/www.animamacau.org\/wp-content\/uploads\/2016\/09\/11-09-2016-6-150x150.jpg\" class=\"attachment-thumbnail size-thumbnail\" alt=\"\" \/><\/a>\n\t\t\t<\/dt><\/dl><dl class='gallery-item'>\n\t\t\t<dt class='gallery-icon landscape'>\n\t\t\t\t<a href='https:\/\/www.animamacau.org\/pt-pt\/11th-september-adoption-day-in-praca-da-amizade\/11-09-2016-2-3\/'><img loading=\"lazy\" decoding=\"async\" width=\"150\" height=\"150\" src=\"https:\/\/www.animamacau.org\/wp-content\/uploads\/2016\/09\/11-09-2016-2-150x150.jpg\" class=\"attachment-thumbnail size-thumbnail\" alt=\"\" \/><\/a>\n\t\t\t<\/dt><\/dl><br style=\"clear: both\" \/><dl class='gallery-item'>\n\t\t\t<dt class='gallery-icon landscape'>\n\t\t\t\t<a href='https:\/\/www.animamacau.org\/pt-pt\/11th-september-adoption-day-in-praca-da-amizade\/11-09-2016-3-3\/'><img loading=\"lazy\" decoding=\"async\" width=\"150\" height=\"150\" src=\"https:\/\/www.animamacau.org\/wp-content\/uploads\/2016\/09\/11-09-2016-3-150x150.jpg\" class=\"attachment-thumbnail size-thumbnail\" alt=\"\" \/><\/a>\n\t\t\t<\/dt><\/dl><dl class='gallery-item'>\n\t\t\t<dt class='gallery-icon landscape'>\n\t\t\t\t<a href='https:\/\/www.animamacau.org\/pt-pt\/11th-september-adoption-day-in-praca-da-amizade\/11-09-2016-4-3\/'><img loading=\"lazy\" decoding=\"async\" width=\"150\" height=\"150\" src=\"https:\/\/www.animamacau.org\/wp-content\/uploads\/2016\/09\/11-09-2016-4-150x150.jpg\" class=\"attachment-thumbnail size-thumbnail\" alt=\"\" \/><\/a>\n\t\t\t<\/dt><\/dl><dl class='gallery-item'>\n\t\t\t<dt class='gallery-icon landscape'>\n\t\t\t\t<a href='https:\/\/www.animamacau.org\/pt-pt\/11th-september-adoption-day-in-praca-da-amizade\/11-09-2016-5-3\/'><img loading=\"lazy\" decoding=\"async\" width=\"150\" height=\"150\" src=\"https:\/\/www.animamacau.org\/wp-content\/uploads\/2016\/09\/11-09-2016-5-150x150.jpg\" class=\"attachment-thumbnail size-thumbnail\" alt=\"\" \/><\/a>\n\t\t\t<\/dt><\/dl><br style=\"clear: both\" \/>\n\t\t<\/div>\n\n<p><a href=\"http:\/\/animamacau.org\/\/wp-content\/uploads\/2016\/09\/11-09-2016-11.jpg\"><img loading=\"lazy\" decoding=\"async\" class=\"alignnone size-large wp-image-40400\" src=\"http:\/\/animamacau.org\/\/wp-content\/uploads\/2016\/09\/11-09-2016-11-1024x576.jpg\" alt=\"11-09-2016-11\" width=\"1024\" height=\"576\" srcset=\"https:\/\/www.animamacau.org\/wp-content\/uploads\/2016\/09\/11-09-2016-11-1024x576.jpg 1024w, https:\/\/www.animamacau.org\/wp-content\/uploads\/2016\/09\/11-09-2016-11-300x169.jpg 300w\" sizes=\"auto, (max-width: 1024px) 100vw, 1024px\" \/><\/a><\/p>\n","protected":false},"excerpt":{"rendered":"<p>&lt;11-09-2016&gt; Com in\u00edcio em Fevereiro de 2016, a Anima tem levado a cabo dois dias de adop\u00e7\u00e3o fora de portas, no segundo e \u00faltimo Domingo de cada m\u00eas. Cerca de 30 pessoas visitaram-nos hoje na Pra\u00e7a da Amizade! Fomos apoiados por nove volunt\u00e1rios, sete quais pertencem ao grupo de volunt\u00e1rios do Wynn Resort, Daniela, Maymie, Fion, Katarina, Marco, May, Ana, mais Diana e Jasmine e lev\u00e1mos connosco sete dos nossos c\u00e3es. Obrigado pelo vosso forte apoio! Por favor n\u00e3o Compre, Adopte! Se quiser que ajudemos mais animais, por favor ajude-nos adoptando! &nbsp; &nbsp; &nbsp; Ajude-nos doando para: ANIMA \u2013 Sociedade Protectora dos Animais de Macau para as seguintes contas: Banco Nacional Ultramarino, MOP conta n\u00famero 9003472840 Banco da China, MOP conta n\u00famero 01-01-20-794318 ICBC, MOP conta n\u00famero 0119100200000960934 (ICBC jetco, favor de n\u00e3o inserir os tr\u00eas primeiros d\u00edgitos) Banco Tai Fung, MOP conta n\u00famero 201-1-10530-7&#8230;<\/p>\n","protected":false},"author":10,"featured_media":40405,"comment_status":"closed","ping_status":"open","sticky":false,"template":"","format":"gallery","meta":{"_acf_changed":false,"footnotes":""},"categories":[266,265],"tags":[],"class_list":["post-40581","post","type-post","status-publish","format-gallery","has-post-thumbnail","hentry","category-dias-adopcao","category-eventos","post_format-post-format-gallery"],"acf":[],"_links":{"self":[{"href":"https:\/\/www.animamacau.org\/pt-pt\/wp-json\/wp\/v2\/posts\/40581","targetHints":{"allow":["GET"]}}],"collection":[{"href":"https:\/\/www.animamacau.org\/pt-pt\/wp-json\/wp\/v2\/posts"}],"about":[{"href":"https:\/\/www.animamacau.org\/pt-pt\/wp-json\/wp\/v2\/types\/post"}],"author":[{"embeddable":true,"href":"https:\/\/www.animamacau.org\/pt-pt\/wp-json\/wp\/v2\/users\/10"}],"replies":[{"embeddable":true,"href":"https:\/\/www.animamacau.org\/pt-pt\/wp-json\/wp\/v2\/comments?post=40581"}],"version-history":[{"count":2,"href":"https:\/\/www.animamacau.org\/pt-pt\/wp-json\/wp\/v2\/posts\/40581\/revisions"}],"predecessor-version":[{"id":40583,"href":"https:\/\/www.animamacau.org\/pt-pt\/wp-json\/wp\/v2\/posts\/40581\/revisions\/40583"}],"wp:featuredmedia":[{"embeddable":true,"href":"https:\/\/www.animamacau.org\/pt-pt\/wp-json\/wp\/v2\/media\/40405"}],"wp:attachment":[{"href":"https:\/\/www.animamacau.org\/pt-pt\/wp-json\/wp\/v2\/media?parent=40581"}],"wp:term":[{"taxonomy":"category","embeddable":true,"href":"https:\/\/www.animamacau.org\/pt-pt\/wp-json\/wp\/v2\/categories?post=40581"},{"taxonomy":"post_tag","embeddable":true,"href":"https:\/\/www.animamacau.org\/pt-pt\/wp-json\/wp\/v2\/tags?post=40581"}],"curies":[{"name":"wp","href":"https:\/\/api.w.org\/{rel}","templated":true}]}}