{"id":40994,"date":"2016-09-18T04:01:26","date_gmt":"2016-09-18T04:01:26","guid":{"rendered":"http:\/\/animamacau.org\/\/sem-categoria\/anima-september-adoption-sppc1254-carrick-2\/"},"modified":"2016-09-22T08:19:03","modified_gmt":"2016-09-22T08:19:03","slug":"anima-september-adoption-sppc1254-carrick","status":"publish","type":"post","link":"https:\/\/www.animamacau.org\/pt-pt\/anima-september-adoption-sppc1254-carrick\/","title":{"rendered":"Anima \u2013 Adop\u00e7\u00e3o de Setembro (SPPC1254-Carrick)!"},"content":{"rendered":"<p><strong>&lt;18-09-2016&gt;<\/strong><br \/>\n<em><strong>Carrick foi adoptado pela Sra. Choi no dia 18 de Setembro de 2016!<br \/>\n<\/strong><\/em><br \/>\nSPPC1254-Carrick (M), com cerca de dois meses de idade, foi resgatado pela Anima por interm\u00e9dio da Michele no dia 5 de Agosto de 2016, algures na Taipa.<br \/>\nCarrick foi trazido para a Anima e examinado pelo nosso veterin\u00e1rio.<br \/>\nA sua vista direita lacrimejava e tinha ringworm espalhado por todo o corpo.<br \/>\nFicou temporariamente com a nossa supervisora de gatos Sra. Apeng para tomar a medicamenta\u00e7\u00e3o e para ser vigiado.<br \/>\nRegressou ao local onde vivia no dia 6 de Agosto de 2016 e voltou de novo \u00e0 Anima no dia 23 de Agosto de 2016 para adop\u00e7\u00e3o.<br \/>\nFicou connosco at\u00e9 agora.<br \/>\n<em><strong>Obrigado Sra. Choi!<\/strong><\/em><br \/>\n<em><strong>Por favor adopte e nunca compre!<\/strong><\/em><br \/>\n<em><strong>Se adoptar est\u00e1 a ajudar-nos a salvar outros animais em risco!<\/strong><\/em><\/p>\n<p>&nbsp;<\/p>\n<p>&nbsp;<\/p>\n<p><em>Ajude-nos doando para:<\/em><br \/>\n<strong>ANIMA \u2013 Sociedade Protectora dos Animais de Macau<\/strong><br \/>\npara as seguintes contas:<br \/>\n<strong>Banco Nacional Ultramarino<\/strong>, MOP conta n\u00famero 9003472840<br \/>\n<strong>Banco da China<\/strong>, MOP conta n\u00famero 01-01-20-794318<br \/>\n<strong>ICBC<\/strong>, MOP conta n\u00famero 0119100200000960934<br \/>\n(ICBC jetco, favor de n\u00e3o inserir os tr\u00eas primeiros d\u00edgitos)<br \/>\n<strong>Banco Tai Fung<\/strong>, MOP conta n\u00famero 201-1-10530-7<br \/>\n<strong>Banco Tai Fung<\/strong>, HKD conta n\u00famero 101-1-12983-3<br \/>\n<em>e informe-nos da sua doa\u00e7\u00e3o para anima@macau.ctm.net<\/em><\/p>\n\n\t\t<style type=\"text\/css\">\n\t\t\t#gallery-2 {\n\t\t\t\tmargin: auto;\n\t\t\t}\n\t\t\t#gallery-2 .gallery-item {\n\t\t\t\tfloat: left;\n\t\t\t\tmargin-top: 10px;\n\t\t\t\ttext-align: center;\n\t\t\t\twidth: 33%;\n\t\t\t}\n\t\t\t#gallery-2 img {\n\t\t\t\tborder: 2px solid #cfcfcf;\n\t\t\t}\n\t\t\t#gallery-2 .gallery-caption {\n\t\t\t\tmargin-left: 0;\n\t\t\t}\n\t\t\t\/* see gallery_shortcode() in wp-includes\/media.php *\/\n\t\t<\/style>\n\t\t<div id='gallery-2' class='gallery galleryid-40994 gallery-columns-3 gallery-size-thumbnail'><dl class='gallery-item'>\n\t\t\t<dt class='gallery-icon landscape'>\n\t\t\t\t<a href='https:\/\/www.animamacau.org\/pt-pt\/anima-september-adoption-sppc1254-carrick\/sppc1254-carrik-with-the-adopter-3\/'><img loading=\"lazy\" decoding=\"async\" width=\"150\" height=\"150\" src=\"https:\/\/www.animamacau.org\/wp-content\/uploads\/2016\/09\/SPPC1254-Carrik-with-the-adopter-150x150.jpg\" class=\"attachment-thumbnail size-thumbnail\" alt=\"\" \/><\/a>\n\t\t\t<\/dt><\/dl><dl class='gallery-item'>\n\t\t\t<dt class='gallery-icon landscape'>\n\t\t\t\t<a href='https:\/\/www.animamacau.org\/pt-pt\/temporary-accommodation-sppc1249-sppc1254\/sppc1254-carrik-temp-accommodation-3\/'><img loading=\"lazy\" decoding=\"async\" width=\"150\" height=\"150\" src=\"https:\/\/www.animamacau.org\/wp-content\/uploads\/2016\/08\/SPPC1254-Carrik-temp-accommodation-150x150.jpg\" class=\"attachment-thumbnail size-thumbnail\" alt=\"\" \/><\/a>\n\t\t\t<\/dt><\/dl><dl class='gallery-item'>\n\t\t\t<dt class='gallery-icon landscape'>\n\t\t\t\t<a href='https:\/\/www.animamacau.org\/pt-pt\/anima-august-rescue-and-new-spp-sppc1254-carrick\/sppc1254-carrick-3\/'><img loading=\"lazy\" decoding=\"async\" width=\"150\" height=\"150\" src=\"https:\/\/www.animamacau.org\/wp-content\/uploads\/2016\/08\/SPPC1254-Carrick-150x150.jpg\" class=\"attachment-thumbnail size-thumbnail\" alt=\"\" \/><\/a>\n\t\t\t<\/dt><\/dl><br style=\"clear: both\" \/>\n\t\t<\/div>\n\n","protected":false},"excerpt":{"rendered":"<p>&lt;18-09-2016&gt; Carrick foi adoptado pela Sra. Choi no dia 18 de Setembro de 2016! SPPC1254-Carrick (M), com cerca de dois meses de idade, foi resgatado pela Anima por interm\u00e9dio da Michele no dia 5 de Agosto de 2016, algures na Taipa. Carrick foi trazido para a Anima e examinado pelo nosso veterin\u00e1rio. A sua vista direita lacrimejava e tinha ringworm espalhado por todo o corpo. Ficou temporariamente com a nossa supervisora de gatos Sra. Apeng para tomar a medicamenta\u00e7\u00e3o e para ser vigiado. Regressou ao local onde vivia no dia 6 de Agosto de 2016 e voltou de novo \u00e0 Anima no dia 23 de Agosto de 2016 para adop\u00e7\u00e3o. Ficou connosco at\u00e9 agora. Obrigado Sra. Choi! Por favor adopte e nunca compre! Se adoptar est\u00e1 a ajudar-nos a salvar outros animais em risco! &nbsp; &nbsp; Ajude-nos doando para: ANIMA \u2013 Sociedade Protectora dos Animais&#8230;<\/p>\n","protected":false},"author":10,"featured_media":40682,"comment_status":"closed","ping_status":"open","sticky":false,"template":"","format":"gallery","meta":{"_acf_changed":false,"footnotes":""},"categories":[284,271],"tags":[],"class_list":["post-40994","post","type-post","status-publish","format-gallery","has-post-thumbnail","hentry","category-finais-felizes","category-noticias","post_format-post-format-gallery"],"acf":[],"_links":{"self":[{"href":"https:\/\/www.animamacau.org\/pt-pt\/wp-json\/wp\/v2\/posts\/40994","targetHints":{"allow":["GET"]}}],"collection":[{"href":"https:\/\/www.animamacau.org\/pt-pt\/wp-json\/wp\/v2\/posts"}],"about":[{"href":"https:\/\/www.animamacau.org\/pt-pt\/wp-json\/wp\/v2\/types\/post"}],"author":[{"embeddable":true,"href":"https:\/\/www.animamacau.org\/pt-pt\/wp-json\/wp\/v2\/users\/10"}],"replies":[{"embeddable":true,"href":"https:\/\/www.animamacau.org\/pt-pt\/wp-json\/wp\/v2\/comments?post=40994"}],"version-history":[{"count":2,"href":"https:\/\/www.animamacau.org\/pt-pt\/wp-json\/wp\/v2\/posts\/40994\/revisions"}],"predecessor-version":[{"id":40996,"href":"https:\/\/www.animamacau.org\/pt-pt\/wp-json\/wp\/v2\/posts\/40994\/revisions\/40996"}],"wp:featuredmedia":[{"embeddable":true,"href":"https:\/\/www.animamacau.org\/pt-pt\/wp-json\/wp\/v2\/media\/40682"}],"wp:attachment":[{"href":"https:\/\/www.animamacau.org\/pt-pt\/wp-json\/wp\/v2\/media?parent=40994"}],"wp:term":[{"taxonomy":"category","embeddable":true,"href":"https:\/\/www.animamacau.org\/pt-pt\/wp-json\/wp\/v2\/categories?post=40994"},{"taxonomy":"post_tag","embeddable":true,"href":"https:\/\/www.animamacau.org\/pt-pt\/wp-json\/wp\/v2\/tags?post=40994"}],"curies":[{"name":"wp","href":"https:\/\/api.w.org\/{rel}","templated":true}]}}