{"id":41080,"date":"2016-09-20T04:01:34","date_gmt":"2016-09-20T04:01:34","guid":{"rendered":"http:\/\/animamacau.org\/\/sem-categoria\/anima-september-sad-news-c1285-wellis-2\/"},"modified":"2016-09-25T07:40:23","modified_gmt":"2016-09-25T07:40:23","slug":"anima-september-sad-news-c1285-wellis","status":"publish","type":"post","link":"https:\/\/www.animamacau.org\/pt-pt\/anima-september-sad-news-c1285-wellis\/","title":{"rendered":"Anima \u2013 Not\u00edcias Tristes de Setembro (C1285-Wellis)!"},"content":{"rendered":"<p><strong>&lt;20-09-2016&gt;<\/strong><br \/>\nC1285-Wellis (F), com cerca de tr\u00eas meses de idade, foi resgatada pela Anima no dia 19 de Setembro de 2016, depois de uma chamada do Sr. Leong informando que uma gatinha fora encontrada na rua ontem.<br \/>\nEle enviou Wellis a uma cl\u00ednica pois ela tinha tonturas.<br \/>\nDe acordo com a cl\u00ednica, Wellis tinha epilepsia cong\u00e9nita, estava infestada de parasitas e tinha infec\u00e7\u00e3o<br \/>\nrespirat\u00f3ria.<br \/>\nEle levou Wellis para casa mas o animal perdeu o equilibrio e caiu batendo com o corpo na parede.<br \/>\nO Sr. Leong n\u00e3o tinha capacidade para resolver a situa\u00e7\u00e3o e pediu-nos ajuda.<br \/>\nEnvi\u00e1mos Wellis a uma segunda cl\u00ednica para vermos se a pod\u00edamos ajudar.<br \/>\nDe acordo com o veterin\u00e1rio, a sua epilepsia cong\u00e9nita fazia Wellis ter epilepsias de 15 em quinze minutos, nada havia a fazer e ela estava em sofrimento.<br \/>\n<strong><em>Depois de uma conversa com o veterin\u00e1rio e da aprova\u00e7\u00e3o de dois membros da direc\u00e7\u00e3o, tom\u00e1mos a dif\u00edcil decis\u00e3o de a pormos a dormir.<\/em><\/strong><br \/>\n<strong><em>A \u00faltima decis\u00e3o pertence ao Presidente da Anima e nunca \u00e9 uma decis\u00e3o f\u00e1cil!<\/em><\/strong><br \/>\n<strong><em>A Anima n\u00e3o quer envolver ningu\u00e9m que resgate um animal em decis\u00f5es t\u00e3o tristes.<\/em> <\/strong><br \/>\nContudo informamos sempre quem o resgatou depois de o animal ter sido posto a dormir por eutan\u00e1sia.<br \/>\nEsta \u00e9 uma da decis\u00e3o da nossa inteira responsabilidade e n\u00e3o a partilhamos!<br \/>\n<em><strong>Descansa em paz meu amigo!<\/strong><\/em><br \/>\n<em><strong>Por favor ajude-nos a ajud\u00e1-los!<\/strong><\/em><br \/>\n<em><strong>Nunca abandone um animal de estima\u00e7\u00e3o! Abandonar um animal de estima\u00e7\u00e3o devia ser crime!<\/strong><\/em><\/p>\n<p>&nbsp;<\/p>\n<p>&nbsp;<br \/>\n<em>Ajude-nos doando para:<\/em><br \/>\n<strong>ANIMA \u2013 Sociedade Protectora dos Animais de Macau<\/strong><br \/>\npara as seguintes contas:<br \/>\n<strong>Banco Nacional Ultramarin<\/strong>o, MOP conta n\u00famero 9003472840<br \/>\n<strong>Banco da China<\/strong>, MOP conta n\u00famero 01-01-20-794318<br \/>\n<strong>ICBC<\/strong>, MOP conta n\u00famero 0119100200000960934<br \/>\n(ICBC jetco, favor de n\u00e3o inserir os tr\u00eas primeiros d\u00edgitos)<br \/>\n<strong>Banco Tai Fung<\/strong>, MOP conta n\u00famero 201-1-10530-7<br \/>\n<strong>Banco Tai Fung,<\/strong> HKD conta n\u00famero 101-1-12983-3<br \/>\n<em>e informe-nos da sua doa\u00e7\u00e3o para anima@macau.ctm.net<\/em><\/p>\n","protected":false},"excerpt":{"rendered":"<p>&lt;20-09-2016&gt; C1285-Wellis (F), com cerca de tr\u00eas meses de idade, foi resgatada pela Anima no dia 19 de Setembro de 2016, depois de uma chamada do Sr. Leong informando que uma gatinha fora encontrada na rua ontem. Ele enviou Wellis a uma cl\u00ednica pois ela tinha tonturas. De acordo com a cl\u00ednica, Wellis tinha epilepsia cong\u00e9nita, estava infestada de parasitas e tinha infec\u00e7\u00e3o respirat\u00f3ria. Ele levou Wellis para casa mas o animal perdeu o equilibrio e caiu batendo com o corpo na parede. O Sr. Leong n\u00e3o tinha capacidade para resolver a situa\u00e7\u00e3o e pediu-nos ajuda. Envi\u00e1mos Wellis a uma segunda cl\u00ednica para vermos se a pod\u00edamos ajudar. De acordo com o veterin\u00e1rio, a sua epilepsia cong\u00e9nita fazia Wellis ter epilepsias de 15 em quinze minutos, nada havia a fazer e ela estava em sofrimento. Depois de uma conversa com o veterin\u00e1rio e da aprova\u00e7\u00e3o&#8230;<\/p>\n","protected":false},"author":10,"featured_media":40784,"comment_status":"closed","ping_status":"open","sticky":false,"template":"","format":"standard","meta":{"_acf_changed":false,"footnotes":""},"categories":[280,271],"tags":[],"class_list":["post-41080","post","type-post","status-publish","format-standard","has-post-thumbnail","hentry","category-falecidos","category-noticias"],"acf":[],"_links":{"self":[{"href":"https:\/\/www.animamacau.org\/pt-pt\/wp-json\/wp\/v2\/posts\/41080","targetHints":{"allow":["GET"]}}],"collection":[{"href":"https:\/\/www.animamacau.org\/pt-pt\/wp-json\/wp\/v2\/posts"}],"about":[{"href":"https:\/\/www.animamacau.org\/pt-pt\/wp-json\/wp\/v2\/types\/post"}],"author":[{"embeddable":true,"href":"https:\/\/www.animamacau.org\/pt-pt\/wp-json\/wp\/v2\/users\/10"}],"replies":[{"embeddable":true,"href":"https:\/\/www.animamacau.org\/pt-pt\/wp-json\/wp\/v2\/comments?post=41080"}],"version-history":[{"count":2,"href":"https:\/\/www.animamacau.org\/pt-pt\/wp-json\/wp\/v2\/posts\/41080\/revisions"}],"predecessor-version":[{"id":41082,"href":"https:\/\/www.animamacau.org\/pt-pt\/wp-json\/wp\/v2\/posts\/41080\/revisions\/41082"}],"wp:featuredmedia":[{"embeddable":true,"href":"https:\/\/www.animamacau.org\/pt-pt\/wp-json\/wp\/v2\/media\/40784"}],"wp:attachment":[{"href":"https:\/\/www.animamacau.org\/pt-pt\/wp-json\/wp\/v2\/media?parent=41080"}],"wp:term":[{"taxonomy":"category","embeddable":true,"href":"https:\/\/www.animamacau.org\/pt-pt\/wp-json\/wp\/v2\/categories?post=41080"},{"taxonomy":"post_tag","embeddable":true,"href":"https:\/\/www.animamacau.org\/pt-pt\/wp-json\/wp\/v2\/tags?post=41080"}],"curies":[{"name":"wp","href":"https:\/\/api.w.org\/{rel}","templated":true}]}}