{"id":41885,"date":"2016-10-06T03:19:17","date_gmt":"2016-10-06T03:19:17","guid":{"rendered":"http:\/\/animamacau.org\/\/sem-categoria\/cooperation-anima-iacm-spp1767-1798-2\/"},"modified":"2016-10-10T01:24:55","modified_gmt":"2016-10-10T01:24:55","slug":"cooperation-anima-iacm-spp1767-1798","status":"publish","type":"post","link":"https:\/\/www.animamacau.org\/pt-pt\/cooperation-anima-iacm-spp1767-1798\/","title":{"rendered":"Coopera\u00e7\u00e3o Anima-IACM (SPP1767, 1798)!"},"content":{"rendered":"<p><strong>&lt;06\/10\/2016&gt;<br \/>\nComo estavam e como est\u00e3o!<\/strong><\/p>\n<p>SPP1767-Senika (F), com cerca de sete anos de idade, estava sob o nosso Programa de Protec\u00e7\u00e3o Especial (PPE) desde que fora resgatada pela Anima no dia 9 de Agosto de 2016, depois de uma chamada de um trabalhador da constru\u00e7\u00e3o informando que um c\u00e3o estava deitado no ch\u00e3o incapaz de se mover.<br \/>\nA sua barriga estava inchada e ela estava cheia de pulgas.<br \/>\nSenika foi enviada a uma cl\u00ednica para cirurgia e ficou l\u00e1 para observa\u00e7\u00e3o.<\/p>\n<p>1798-Juven (M), com cerca de dois anos de idade, foi resgatado pela Anima no dia 5 de Setembro de 2016, depois de uma chamada da Sra. Paula, informando que um c\u00e3o andava de um lado para o outro junto \u00e0 Pousada da Juventude em Hac Sa.<br \/>\nJuven apresentava perda de p\u00ealo e urinava sangue.<br \/>\nFoi enviado a uma cl\u00ednica e ficou l\u00e1 uma noite em observa\u00e7\u00e3o.<\/p>\n<p>Ambos encontravam-se em\u00a0cl\u00ednicas \u00a0pois n\u00e3o t\u00ednhamos espa\u00e7o.<br \/>\nForam hoje enviados para o Canil de Macau e ser\u00e3o amanh\u00e3 transferidos para o canil de Coloane para ficarem dispon\u00edveis para adop\u00e7\u00e3o.<br \/>\nAmbos estar\u00e3o sob a responsabilidade da Anima.<br \/>\n<strong><em>Todos os animais no Canil de Coloane t\u00eam recreios pois este \u00e9 um dos nossos princ\u00edpios.<\/em><\/strong><br \/>\n<strong><em>Nenhum animal \u00e9 enjaulado e nenhum animal \u00e9 morto!<\/em><\/strong><br \/>\n<strong><em>O IACM e a Anima est\u00e3o a cooperar de modo a evitar a morte de animais!<\/em><\/strong><br \/>\n<strong><em>Esperemos que a nova Lei reduza o n\u00famero de animais abandonados!<\/em><\/strong><br \/>\n<strong><em>Por favor, ajude-nos a ajud\u00e1-los!<\/em><\/strong><\/p>\n<p>&nbsp;<\/p>\n<p>&nbsp;<br \/>\n<em>Por favor, ajude-nos doando para<\/em><br \/>\n<strong>ANIMA \u2013 Sociedade Protectora dos Animais de Macau<\/strong>,<br \/>\npara as seguintes contas banc\u00e1rias:<br \/>\n<strong>Banco Nacional Ultramarino<\/strong>, n\u00famero de conta 9003472840<br \/>\n<strong>Banco da China<\/strong>, MOP conta n\u00famero 01-01-20-794318<br \/>\n<strong>ICBC<\/strong>, MOP conta n\u00famero 0119100200000960934<br \/>\n(ICBC jetco, favor de n\u00e3o inserir os tr\u00eas primeiros d\u00edgitos)<br \/>\n<strong>Banco Tai Fung<\/strong>, MOP conta n\u00famero 201-1-10530-7<br \/>\n<strong>Banco Tai Fung<\/strong>, HKD conta n\u00famero 101-1-12983-3<br \/>\n<em>e informe-nos da sua doa\u00e7\u00e3o para anima@macau.ctm.net<\/em><\/p>\n\n\t\t<style type=\"text\/css\">\n\t\t\t#gallery-2 {\n\t\t\t\tmargin: auto;\n\t\t\t}\n\t\t\t#gallery-2 .gallery-item {\n\t\t\t\tfloat: left;\n\t\t\t\tmargin-top: 10px;\n\t\t\t\ttext-align: center;\n\t\t\t\twidth: 33%;\n\t\t\t}\n\t\t\t#gallery-2 img {\n\t\t\t\tborder: 2px solid #cfcfcf;\n\t\t\t}\n\t\t\t#gallery-2 .gallery-caption {\n\t\t\t\tmargin-left: 0;\n\t\t\t}\n\t\t\t\/* see gallery_shortcode() in wp-includes\/media.php *\/\n\t\t<\/style>\n\t\t<div id='gallery-2' class='gallery galleryid-41885 gallery-columns-3 gallery-size-thumbnail'><dl class='gallery-item'>\n\t\t\t<dt class='gallery-icon landscape'>\n\t\t\t\t<a href='https:\/\/www.animamacau.org\/pt-pt\/cooperation-anima-iacm-spp1767-1798\/spp1767-senika-6-3\/'><img loading=\"lazy\" decoding=\"async\" width=\"150\" height=\"150\" src=\"https:\/\/www.animamacau.org\/wp-content\/uploads\/2016\/10\/SPP1767-Senika-150x150.jpg\" class=\"attachment-thumbnail size-thumbnail\" alt=\"\" \/><\/a>\n\t\t\t<\/dt><\/dl><dl class='gallery-item'>\n\t\t\t<dt class='gallery-icon landscape'>\n\t\t\t\t<a href='https:\/\/www.animamacau.org\/pt-pt\/cooperation-anima-iacm-spp1767-1798\/spp1767-senika-2-3-3\/'><img loading=\"lazy\" decoding=\"async\" width=\"150\" height=\"150\" src=\"https:\/\/www.animamacau.org\/wp-content\/uploads\/2016\/10\/SPP1767-Senika-2-150x150.jpg\" class=\"attachment-thumbnail size-thumbnail\" alt=\"\" \/><\/a>\n\t\t\t<\/dt><\/dl><dl class='gallery-item'>\n\t\t\t<dt class='gallery-icon landscape'>\n\t\t\t\t<a href='https:\/\/www.animamacau.org\/pt-pt\/august-rescue-and-new-spp-dog-spp1767-senika\/spp1767-senika-5\/'><img loading=\"lazy\" decoding=\"async\" width=\"150\" height=\"150\" src=\"https:\/\/www.animamacau.org\/wp-content\/uploads\/2016\/08\/SPP1767-Senika1-150x150.jpeg\" class=\"attachment-thumbnail size-thumbnail\" alt=\"\" \/><\/a>\n\t\t\t<\/dt><\/dl><br style=\"clear: both\" \/><dl class='gallery-item'>\n\t\t\t<dt class='gallery-icon landscape'>\n\t\t\t\t<a href='https:\/\/www.animamacau.org\/pt-pt\/august-rescue-and-new-spp-dog-spp1767-senika\/spp1767-senika-2-2-3\/'><img loading=\"lazy\" decoding=\"async\" width=\"150\" height=\"150\" src=\"https:\/\/www.animamacau.org\/wp-content\/uploads\/2016\/08\/SPP1767-Senika-2-150x150.jpeg\" class=\"attachment-thumbnail size-thumbnail\" alt=\"\" \/><\/a>\n\t\t\t<\/dt><\/dl><dl class='gallery-item'>\n\t\t\t<dt class='gallery-icon landscape'>\n\t\t\t\t<a href='https:\/\/www.animamacau.org\/pt-pt\/cooperation-anima-iacm-spp1767-1798\/spp1798-juven-3\/'><img loading=\"lazy\" decoding=\"async\" width=\"150\" height=\"150\" src=\"https:\/\/www.animamacau.org\/wp-content\/uploads\/2016\/10\/SPP1798-Juven-150x150.jpg\" class=\"attachment-thumbnail size-thumbnail\" alt=\"\" \/><\/a>\n\t\t\t<\/dt><\/dl><dl class='gallery-item'>\n\t\t\t<dt class='gallery-icon landscape'>\n\t\t\t\t<a href='https:\/\/www.animamacau.org\/pt-pt\/anima-september-rescue-1798-juven\/1798-juven-4\/'><img loading=\"lazy\" decoding=\"async\" width=\"150\" height=\"150\" src=\"https:\/\/www.animamacau.org\/wp-content\/uploads\/2016\/09\/1798-Juven-150x150.jpeg\" class=\"attachment-thumbnail size-thumbnail\" alt=\"\" \/><\/a>\n\t\t\t<\/dt><\/dl><br style=\"clear: both\" \/><dl class='gallery-item'>\n\t\t\t<dt class='gallery-icon landscape'>\n\t\t\t\t<a href='https:\/\/www.animamacau.org\/pt-pt\/anima-september-rescue-1798-juven\/1798-juven-2-3\/'><img loading=\"lazy\" decoding=\"async\" width=\"150\" height=\"150\" src=\"https:\/\/www.animamacau.org\/wp-content\/uploads\/2016\/09\/1798-Juven-2-150x150.jpeg\" class=\"attachment-thumbnail size-thumbnail\" alt=\"\" \/><\/a>\n\t\t\t<\/dt><\/dl><dl class='gallery-item'>\n\t\t\t<dt class='gallery-icon landscape'>\n\t\t\t\t<a href='https:\/\/www.animamacau.org\/pt-pt\/cooperation-anima-iacm-spp1767-1798\/spp1767-senika-and-1798-juven-in-coloane-kennel-3\/'><img loading=\"lazy\" decoding=\"async\" width=\"150\" height=\"150\" src=\"https:\/\/www.animamacau.org\/wp-content\/uploads\/2016\/10\/SPP1767-Senika-and-1798-Juven-in-Coloane-kennel-150x150.jpg\" class=\"attachment-thumbnail size-thumbnail\" alt=\"\" \/><\/a>\n\t\t\t<\/dt><\/dl><dl class='gallery-item'>\n\t\t\t<dt class='gallery-icon landscape'>\n\t\t\t\t<a href='https:\/\/www.animamacau.org\/pt-pt\/cooperation-anima-iacm-spp1767-1798\/spp1767-senika-in-coloane-kennel-3\/'><img loading=\"lazy\" decoding=\"async\" width=\"150\" height=\"150\" src=\"https:\/\/www.animamacau.org\/wp-content\/uploads\/2016\/10\/SPP1767-Senika-in-Coloane-kennel-150x150.jpg\" class=\"attachment-thumbnail size-thumbnail\" alt=\"\" \/><\/a>\n\t\t\t<\/dt><\/dl><br style=\"clear: both\" \/>\n\t\t<\/div>\n\n","protected":false},"excerpt":{"rendered":"<p>&lt;06\/10\/2016&gt; Como estavam e como est\u00e3o! SPP1767-Senika (F), com cerca de sete anos de idade, estava sob o nosso Programa de Protec\u00e7\u00e3o Especial (PPE) desde que fora resgatada pela Anima no dia 9 de Agosto de 2016, depois de uma chamada de um trabalhador da constru\u00e7\u00e3o informando que um c\u00e3o estava deitado no ch\u00e3o incapaz de se mover. A sua barriga estava inchada e ela estava cheia de pulgas. Senika foi enviada a uma cl\u00ednica para cirurgia e ficou l\u00e1 para observa\u00e7\u00e3o. 1798-Juven (M), com cerca de dois anos de idade, foi resgatado pela Anima no dia 5 de Setembro de 2016, depois de uma chamada da Sra. Paula, informando que um c\u00e3o andava de um lado para o outro junto \u00e0 Pousada da Juventude em Hac Sa. Juven apresentava perda de p\u00ealo e urinava sangue. Foi enviado a uma cl\u00ednica e ficou l\u00e1 uma&#8230;<\/p>\n","protected":false},"author":10,"featured_media":41814,"comment_status":"closed","ping_status":"open","sticky":false,"template":"","format":"gallery","meta":{"_acf_changed":false,"footnotes":""},"categories":[274,271],"tags":[],"class_list":["post-41885","post","type-post","status-publish","format-gallery","has-post-thumbnail","hentry","category-adopte-canil-coloane","category-noticias","post_format-post-format-gallery"],"acf":[],"_links":{"self":[{"href":"https:\/\/www.animamacau.org\/pt-pt\/wp-json\/wp\/v2\/posts\/41885","targetHints":{"allow":["GET"]}}],"collection":[{"href":"https:\/\/www.animamacau.org\/pt-pt\/wp-json\/wp\/v2\/posts"}],"about":[{"href":"https:\/\/www.animamacau.org\/pt-pt\/wp-json\/wp\/v2\/types\/post"}],"author":[{"embeddable":true,"href":"https:\/\/www.animamacau.org\/pt-pt\/wp-json\/wp\/v2\/users\/10"}],"replies":[{"embeddable":true,"href":"https:\/\/www.animamacau.org\/pt-pt\/wp-json\/wp\/v2\/comments?post=41885"}],"version-history":[{"count":2,"href":"https:\/\/www.animamacau.org\/pt-pt\/wp-json\/wp\/v2\/posts\/41885\/revisions"}],"predecessor-version":[{"id":41887,"href":"https:\/\/www.animamacau.org\/pt-pt\/wp-json\/wp\/v2\/posts\/41885\/revisions\/41887"}],"wp:featuredmedia":[{"embeddable":true,"href":"https:\/\/www.animamacau.org\/pt-pt\/wp-json\/wp\/v2\/media\/41814"}],"wp:attachment":[{"href":"https:\/\/www.animamacau.org\/pt-pt\/wp-json\/wp\/v2\/media?parent=41885"}],"wp:term":[{"taxonomy":"category","embeddable":true,"href":"https:\/\/www.animamacau.org\/pt-pt\/wp-json\/wp\/v2\/categories?post=41885"},{"taxonomy":"post_tag","embeddable":true,"href":"https:\/\/www.animamacau.org\/pt-pt\/wp-json\/wp\/v2\/tags?post=41885"}],"curies":[{"name":"wp","href":"https:\/\/api.w.org\/{rel}","templated":true}]}}