{"id":42792,"date":"2016-10-24T04:09:12","date_gmt":"2016-10-24T04:09:12","guid":{"rendered":"http:\/\/animamacau.org\/\/sem-categoria\/anima-rescue-and-return-spp1059-shar-pei-chai-2\/"},"modified":"2016-11-01T06:01:58","modified_gmt":"2016-11-01T06:01:58","slug":"anima-rescue-and-return-spp1059-shar-pei-chai","status":"publish","type":"post","link":"https:\/\/www.animamacau.org\/pt-pt\/anima-rescue-and-return-spp1059-shar-pei-chai\/","title":{"rendered":"Anima-Resgate e Devolu\u00e7\u00e3o (SPP1059-Shar Pei Chai)!"},"content":{"rendered":"<p><strong>&lt;24-10-2016&gt;<\/strong><br \/>\nSPP1059-Shar Pei Chai (M), com idade estimada de seis anos, estava sob o nosso Programa de Protec\u00e7\u00e3o Especial (PPE) desde 31 de Agosto de 2015, ap\u00f3s uma chamada feita pela Sra. Gina, informando ter encontrado um c\u00e3o doente algures Taipa.<br \/>\nSPP1059-Shar Pei Chai foi logo enviado para uma cl\u00ednica para ser visto, tendo-lhe sido diagnosticado febre da carra\u00e7a.<br \/>\nRecuperou e voltou para o seu local no dia 25 de Setembro de 2015.<br \/>\nFoi de novo enviado \u00e0 Anima no dia 24 de Agosto de 2016, pois tinha uma hemorragia no nariz.<br \/>\nDepois de ser medicado pelo nosso veterin\u00e1rio regressou de novo ao seu local onde o Sr. Yao \u00e9 o respons\u00e1vel.<br \/>\nFomos hoje informados que Shar Pei Chai parecia ter febre e estava de novo magro.<br \/>\nFoi de novo enviado a uma cl\u00ednica e de novo tinha febre da carra\u00e7a.<br \/>\nRegressou de novo ao seu local depois de ser medicado.<br \/>\nVir\u00e1 para consulta daqui a duas semanas.<br \/>\nShar Pei Chai ser\u00e1 monitorizado de perto pela nossa equipa de resgate.<br \/>\n<strong><em>Obrigado Sr. Yao!<\/em><\/strong><br \/>\n<strong><em>Por favor ajude-nos a ajud\u00e1-los!<\/em><\/strong><br \/>\n<strong><em>Nunca abandone o seu animal de estima\u00e7\u00e3o! O abandono de um animal de estima\u00e7\u00e3o devia ser fortemente punido<\/em><\/strong>!<\/p>\n<p>&nbsp;<\/p>\n<p>&nbsp;<br \/>\n<em>Ajude-nos doando para:<\/em><br \/>\n<strong>ANIMA \u2013 Sociedade Protectora dos Animais de Macau<\/strong><br \/>\npara as seguintes contas:<br \/>\n<strong>Banco Nacional Ultramarino<\/strong>, MOP conta n\u00famero 9003472840<br \/>\n<strong>Banco da China,<\/strong> MOP conta n\u00famero 01-01-20-794318<br \/>\n<strong>ICBC<\/strong>, MOP conta n\u00famero 0119100200000960934<br \/>\n(ICBC jetco, favor de n\u00e3o inserir os tr\u00eas primeiros d\u00edgitos)<br \/>\n<strong>Banco Tai Fung<\/strong>, MOP conta n\u00famero 201-1-10530-7<br \/>\n<strong>Banco Tai Fung<\/strong>, HKD conta n\u00famero 101-1-12983-3<br \/>\n<em>e informe-nos da sua doa\u00e7\u00e3o para anima@macau.ctm.net<\/em><\/p>\n\n\t\t<style type=\"text\/css\">\n\t\t\t#gallery-2 {\n\t\t\t\tmargin: auto;\n\t\t\t}\n\t\t\t#gallery-2 .gallery-item {\n\t\t\t\tfloat: left;\n\t\t\t\tmargin-top: 10px;\n\t\t\t\ttext-align: center;\n\t\t\t\twidth: 33%;\n\t\t\t}\n\t\t\t#gallery-2 img {\n\t\t\t\tborder: 2px solid #cfcfcf;\n\t\t\t}\n\t\t\t#gallery-2 .gallery-caption {\n\t\t\t\tmargin-left: 0;\n\t\t\t}\n\t\t\t\/* see gallery_shortcode() in wp-includes\/media.php *\/\n\t\t<\/style>\n\t\t<div id='gallery-2' class='gallery galleryid-42792 gallery-columns-3 gallery-size-thumbnail'><dl class='gallery-item'>\n\t\t\t<dt class='gallery-icon landscape'>\n\t\t\t\t<a href='https:\/\/www.animamacau.org\/pt-pt\/anima-rescue-and-return-spp1059-shar-pei-chai\/spp1059-shar-pei-chai-4-3\/'><img loading=\"lazy\" decoding=\"async\" width=\"150\" height=\"150\" src=\"https:\/\/www.animamacau.org\/wp-content\/uploads\/2016\/10\/SPP1059-Shar-Pei-Chai-150x150.jpg\" class=\"attachment-thumbnail size-thumbnail\" alt=\"\" \/><\/a>\n\t\t\t<\/dt><\/dl><dl class='gallery-item'>\n\t\t\t<dt class='gallery-icon landscape'>\n\t\t\t\t<a href='https:\/\/www.animamacau.org\/pt-pt\/anima-august-rescue-and-return-spp1059-shar-pei-chai\/spp1059-shar-pei-chai-returned-to-the-former-place-3\/'><img loading=\"lazy\" decoding=\"async\" width=\"150\" height=\"150\" src=\"https:\/\/www.animamacau.org\/wp-content\/uploads\/2016\/08\/SPP1059-Shar-Pei-Chai-returned-to-the-former-place-150x150.jpg\" class=\"attachment-thumbnail size-thumbnail\" alt=\"\" \/><\/a>\n\t\t\t<\/dt><\/dl><dl class='gallery-item'>\n\t\t\t<dt class='gallery-icon landscape'>\n\t\t\t\t<a href='https:\/\/www.animamacau.org\/pt-pt\/anima-august-rescue-and-return-spp1059-shar-pei-chai\/spp1059-shar-pei-chai-3\/'><img loading=\"lazy\" decoding=\"async\" width=\"150\" height=\"150\" src=\"https:\/\/www.animamacau.org\/wp-content\/uploads\/2015\/09\/SPP1059-Shar-Pei-Chai-150x150.jpg\" class=\"attachment-thumbnail size-thumbnail\" alt=\"\" \/><\/a>\n\t\t\t<\/dt><\/dl><br style=\"clear: both\" \/><dl class='gallery-item'>\n\t\t\t<dt class='gallery-icon landscape'>\n\t\t\t\t<a href='https:\/\/www.animamacau.org\/pt-pt\/adoption\/1460-tasha\/spp1059-shar-pei-chai-returned-to-mr-yao\/'><img loading=\"lazy\" decoding=\"async\" width=\"150\" height=\"150\" src=\"https:\/\/www.animamacau.org\/wp-content\/uploads\/2015\/09\/SPP1059-Shar-Pei-Chai-returned-to-Mr.-Yao-150x150.jpg\" class=\"attachment-thumbnail size-thumbnail\" alt=\"\" \/><\/a>\n\t\t\t<\/dt><\/dl>\n\t\t\t<br style='clear: both' \/>\n\t\t<\/div>\n\n","protected":false},"excerpt":{"rendered":"<p>&lt;24-10-2016&gt; SPP1059-Shar Pei Chai (M), com idade estimada de seis anos, estava sob o nosso Programa de Protec\u00e7\u00e3o Especial (PPE) desde 31 de Agosto de 2015, ap\u00f3s uma chamada feita pela Sra. Gina, informando ter encontrado um c\u00e3o doente algures Taipa. SPP1059-Shar Pei Chai foi logo enviado para uma cl\u00ednica para ser visto, tendo-lhe sido diagnosticado febre da carra\u00e7a. Recuperou e voltou para o seu local no dia 25 de Setembro de 2015. Foi de novo enviado \u00e0 Anima no dia 24 de Agosto de 2016, pois tinha uma hemorragia no nariz. Depois de ser medicado pelo nosso veterin\u00e1rio regressou de novo ao seu local onde o Sr. Yao \u00e9 o respons\u00e1vel. Fomos hoje informados que Shar Pei Chai parecia ter febre e estava de novo magro. Foi de novo enviado a uma cl\u00ednica e de novo tinha febre da carra\u00e7a. Regressou de novo ao&#8230;<\/p>\n","protected":false},"author":10,"featured_media":42638,"comment_status":"closed","ping_status":"open","sticky":false,"template":"","format":"gallery","meta":{"_acf_changed":false,"footnotes":""},"categories":[299,295,271],"tags":[],"class_list":["post-42792","post","type-post","status-publish","format-gallery","has-post-thumbnail","hentry","category-animais-ppe-devolvidos","category-animais-resgatados","category-noticias","post_format-post-format-gallery"],"acf":[],"_links":{"self":[{"href":"https:\/\/www.animamacau.org\/pt-pt\/wp-json\/wp\/v2\/posts\/42792","targetHints":{"allow":["GET"]}}],"collection":[{"href":"https:\/\/www.animamacau.org\/pt-pt\/wp-json\/wp\/v2\/posts"}],"about":[{"href":"https:\/\/www.animamacau.org\/pt-pt\/wp-json\/wp\/v2\/types\/post"}],"author":[{"embeddable":true,"href":"https:\/\/www.animamacau.org\/pt-pt\/wp-json\/wp\/v2\/users\/10"}],"replies":[{"embeddable":true,"href":"https:\/\/www.animamacau.org\/pt-pt\/wp-json\/wp\/v2\/comments?post=42792"}],"version-history":[{"count":2,"href":"https:\/\/www.animamacau.org\/pt-pt\/wp-json\/wp\/v2\/posts\/42792\/revisions"}],"predecessor-version":[{"id":42795,"href":"https:\/\/www.animamacau.org\/pt-pt\/wp-json\/wp\/v2\/posts\/42792\/revisions\/42795"}],"wp:featuredmedia":[{"embeddable":true,"href":"https:\/\/www.animamacau.org\/pt-pt\/wp-json\/wp\/v2\/media\/42638"}],"wp:attachment":[{"href":"https:\/\/www.animamacau.org\/pt-pt\/wp-json\/wp\/v2\/media?parent=42792"}],"wp:term":[{"taxonomy":"category","embeddable":true,"href":"https:\/\/www.animamacau.org\/pt-pt\/wp-json\/wp\/v2\/categories?post=42792"},{"taxonomy":"post_tag","embeddable":true,"href":"https:\/\/www.animamacau.org\/pt-pt\/wp-json\/wp\/v2\/tags?post=42792"}],"curies":[{"name":"wp","href":"https:\/\/api.w.org\/{rel}","templated":true}]}}