{"id":44502,"date":"2016-11-21T08:41:23","date_gmt":"2016-11-21T08:41:23","guid":{"rendered":"http:\/\/animamacau.org\/\/sem-categoria\/anima-dog-under-spp-returned-spp1739-ria-2\/"},"modified":"2016-11-29T03:00:01","modified_gmt":"2016-11-29T03:00:01","slug":"anima-dog-under-spp-returned-spp1739-ria","status":"publish","type":"post","link":"https:\/\/www.animamacau.org\/pt-pt\/anima-dog-under-spp-returned-spp1739-ria\/","title":{"rendered":"C\u00e3o em PPE devolvido em Novembro (SPP1739-Ria)!"},"content":{"rendered":"<p><strong>&lt;21-11-2016&gt; <\/strong><br \/>\n<em><strong>Ria foi libertada no dia 21 de Novembro de 2016!<\/strong><\/em><\/p>\n<p>Duas cadelas, SPP1738-Ressie e SPP1739-Ria, e um c\u00e3o macho, SPP1740-Reko, todos \u00e0 volta de dois anos de idade, e cinco cachorros, com cerca de 1,5 meses de idade, SPP1741-Reva, SPP1742-Rilla, SPP1743-Rita, SPP1744-Ren e SPP1745-Renzo, filhos da Ressie, ficaram sob o nosso Programa de Protec\u00e7\u00e3o Especial (PPE) no dia 16 de Junho de 2016, depois de uma chamada da Sra. Catarina informando-nos da situa\u00e7\u00e3o desses cachorros algures em Coloane.<br \/>\nTodos estavam sob a responsabilidade do Sr. Ieong nesse local.<br \/>\nA Anima providenciou esteriliza\u00e7\u00e3o, comida e tudo o que necessitassem, incluindo apoio veterin\u00e1rio.<br \/>\nSPP1739-Ria e SPP1740-Reko foram resgatados pela Anima no dia 19 de Novembro, depois de uma chamada do Sr. Ieong informando-nos que precisavam de serem esterilizados!<br \/>\nForam levados a uma cl\u00ednica para esteriliza\u00e7\u00e3o.<br \/>\nHoje Ria foi libertada.<br \/>\n<em><strong>Obrigado Sr. Ieong!<\/strong><\/em><br \/>\n<em><strong>Por favor ajude-nos a ajud\u00e1-los!<\/strong><\/em><br \/>\n<em><strong>Nunca abandone o seu animal de estima\u00e7\u00e3o! Abandonar um animal de estima\u00e7\u00e3o \u00e9 crueldade!<\/strong><\/em><\/p>\n<p>&nbsp;<\/p>\n<p>&nbsp;<\/p>\n<p>&nbsp;<br \/>\n<em>Por favor, ajude-nos doando para<\/em><br \/>\n<strong>ANIMA \u2013 Sociedade Protectora dos Animais de Macau<\/strong>,<br \/>\npara as seguintes contas banc\u00e1rias:<br \/>\n<strong>Banco Nacional Ultramarino<\/strong>, n\u00famero de conta 9003472840<br \/>\n<strong>Banco da China<\/strong>, MOP conta n\u00famero 01-01-20-794318<br \/>\n<strong>ICBC<\/strong>, MOP conta n\u00famero 0119100200000960934<br \/>\n(ICBC jetco, favor de n\u00e3o inserir os tr\u00eas primeiros d\u00edgitos)<br \/>\n<strong>Banco Tai Fung<\/strong>, MOP conta n\u00famero 201-1-10530-7<br \/>\n<strong>Banco Tai Fung<\/strong>, HKD conta n\u00famero 101-1-12983-3<br \/>\n<em>e informe-nos da sua doa\u00e7\u00e3o para anima@macau.ctm.net<\/em><\/p>\n\n\t\t<style type=\"text\/css\">\n\t\t\t#gallery-2 {\n\t\t\t\tmargin: auto;\n\t\t\t}\n\t\t\t#gallery-2 .gallery-item {\n\t\t\t\tfloat: left;\n\t\t\t\tmargin-top: 10px;\n\t\t\t\ttext-align: center;\n\t\t\t\twidth: 33%;\n\t\t\t}\n\t\t\t#gallery-2 img {\n\t\t\t\tborder: 2px solid #cfcfcf;\n\t\t\t}\n\t\t\t#gallery-2 .gallery-caption {\n\t\t\t\tmargin-left: 0;\n\t\t\t}\n\t\t\t\/* see gallery_shortcode() in wp-includes\/media.php *\/\n\t\t<\/style>\n\t\t<div id='gallery-2' class='gallery galleryid-44502 gallery-columns-3 gallery-size-thumbnail'><dl class='gallery-item'>\n\t\t\t<dt class='gallery-icon landscape'>\n\t\t\t\t<a href='https:\/\/www.animamacau.org\/pt-pt\/anima-dog-under-spp-returned-spp1739-ria\/spp1739-ria-returned-to-former-place-3-3\/'><img loading=\"lazy\" decoding=\"async\" width=\"150\" height=\"150\" src=\"https:\/\/www.animamacau.org\/wp-content\/uploads\/2016\/11\/SPP1739-Ria-returned-to-former-place-3-150x150.jpg\" class=\"attachment-thumbnail size-thumbnail\" alt=\"\" \/><\/a>\n\t\t\t<\/dt><\/dl><dl class='gallery-item'>\n\t\t\t<dt class='gallery-icon landscape'>\n\t\t\t\t<a href='https:\/\/www.animamacau.org\/pt-pt\/anima-dog-under-spp-returned-spp1739-ria\/spp1739-ria-returned-to-former-place-2-3\/'><img loading=\"lazy\" decoding=\"async\" width=\"150\" height=\"150\" src=\"https:\/\/www.animamacau.org\/wp-content\/uploads\/2016\/11\/SPP1739-Ria-returned-to-former-place-2-150x150.jpg\" class=\"attachment-thumbnail size-thumbnail\" alt=\"\" \/><\/a>\n\t\t\t<\/dt><\/dl><dl class='gallery-item'>\n\t\t\t<dt class='gallery-icon landscape'>\n\t\t\t\t<a href='https:\/\/www.animamacau.org\/pt-pt\/anima-dog-under-spp-returned-spp1739-ria\/spp1739-ria-returned-to-former-place-5\/'><img loading=\"lazy\" decoding=\"async\" width=\"150\" height=\"150\" src=\"https:\/\/www.animamacau.org\/wp-content\/uploads\/2016\/11\/SPP1739-Ria-returned-to-former-place-150x150.jpg\" class=\"attachment-thumbnail size-thumbnail\" alt=\"\" \/><\/a>\n\t\t\t<\/dt><\/dl><br style=\"clear: both\" \/><dl class='gallery-item'>\n\t\t\t<dt class='gallery-icon landscape'>\n\t\t\t\t<a href='https:\/\/www.animamacau.org\/pt-pt\/anima-november-rescue-spp1739-spp1740\/spp1739-ria-2-2-3\/'><img loading=\"lazy\" decoding=\"async\" width=\"150\" height=\"150\" src=\"https:\/\/www.animamacau.org\/wp-content\/uploads\/2016\/11\/SPP1739-Ria-2-150x150.jpg\" class=\"attachment-thumbnail size-thumbnail\" alt=\"\" \/><\/a>\n\t\t\t<\/dt><\/dl><dl class='gallery-item'>\n\t\t\t<dt class='gallery-icon landscape'>\n\t\t\t\t<a href='https:\/\/www.animamacau.org\/pt-pt\/new-dogs-under-spp-spp1738-to-spp1745\/spp1739-ria-3\/'><img loading=\"lazy\" decoding=\"async\" width=\"150\" height=\"150\" src=\"https:\/\/www.animamacau.org\/wp-content\/uploads\/2016\/06\/SPP1739-Ria-150x150.jpg\" class=\"attachment-thumbnail size-thumbnail\" alt=\"\" \/><\/a>\n\t\t\t<\/dt><\/dl>\n\t\t\t<br style='clear: both' \/>\n\t\t<\/div>\n\n","protected":false},"excerpt":{"rendered":"<p>&lt;21-11-2016&gt; Ria foi libertada no dia 21 de Novembro de 2016! Duas cadelas, SPP1738-Ressie e SPP1739-Ria, e um c\u00e3o macho, SPP1740-Reko, todos \u00e0 volta de dois anos de idade, e cinco cachorros, com cerca de 1,5 meses de idade, SPP1741-Reva, SPP1742-Rilla, SPP1743-Rita, SPP1744-Ren e SPP1745-Renzo, filhos da Ressie, ficaram sob o nosso Programa de Protec\u00e7\u00e3o Especial (PPE) no dia 16 de Junho de 2016, depois de uma chamada da Sra. Catarina informando-nos da situa\u00e7\u00e3o desses cachorros algures em Coloane. Todos estavam sob a responsabilidade do Sr. Ieong nesse local. A Anima providenciou esteriliza\u00e7\u00e3o, comida e tudo o que necessitassem, incluindo apoio veterin\u00e1rio. SPP1739-Ria e SPP1740-Reko foram resgatados pela Anima no dia 19 de Novembro, depois de uma chamada do Sr. Ieong informando-nos que precisavam de serem esterilizados! Foram levados a uma cl\u00ednica para esteriliza\u00e7\u00e3o. Hoje Ria foi libertada. Obrigado Sr. Ieong! Por favor ajude-nos a&#8230;<\/p>\n","protected":false},"author":10,"featured_media":44064,"comment_status":"closed","ping_status":"open","sticky":false,"template":"","format":"gallery","meta":{"_acf_changed":false,"footnotes":""},"categories":[299,271],"tags":[],"class_list":["post-44502","post","type-post","status-publish","format-gallery","has-post-thumbnail","hentry","category-animais-ppe-devolvidos","category-noticias","post_format-post-format-gallery"],"acf":[],"_links":{"self":[{"href":"https:\/\/www.animamacau.org\/pt-pt\/wp-json\/wp\/v2\/posts\/44502","targetHints":{"allow":["GET"]}}],"collection":[{"href":"https:\/\/www.animamacau.org\/pt-pt\/wp-json\/wp\/v2\/posts"}],"about":[{"href":"https:\/\/www.animamacau.org\/pt-pt\/wp-json\/wp\/v2\/types\/post"}],"author":[{"embeddable":true,"href":"https:\/\/www.animamacau.org\/pt-pt\/wp-json\/wp\/v2\/users\/10"}],"replies":[{"embeddable":true,"href":"https:\/\/www.animamacau.org\/pt-pt\/wp-json\/wp\/v2\/comments?post=44502"}],"version-history":[{"count":2,"href":"https:\/\/www.animamacau.org\/pt-pt\/wp-json\/wp\/v2\/posts\/44502\/revisions"}],"predecessor-version":[{"id":44504,"href":"https:\/\/www.animamacau.org\/pt-pt\/wp-json\/wp\/v2\/posts\/44502\/revisions\/44504"}],"wp:featuredmedia":[{"embeddable":true,"href":"https:\/\/www.animamacau.org\/pt-pt\/wp-json\/wp\/v2\/media\/44064"}],"wp:attachment":[{"href":"https:\/\/www.animamacau.org\/pt-pt\/wp-json\/wp\/v2\/media?parent=44502"}],"wp:term":[{"taxonomy":"category","embeddable":true,"href":"https:\/\/www.animamacau.org\/pt-pt\/wp-json\/wp\/v2\/categories?post=44502"},{"taxonomy":"post_tag","embeddable":true,"href":"https:\/\/www.animamacau.org\/pt-pt\/wp-json\/wp\/v2\/tags?post=44502"}],"curies":[{"name":"wp","href":"https:\/\/api.w.org\/{rel}","templated":true}]}}