{"id":44786,"date":"2016-11-24T06:49:16","date_gmt":"2016-11-24T06:49:16","guid":{"rendered":"http:\/\/animamacau.org\/\/sem-categoria\/anima-in-jardim-infantil-da-caritas-2\/"},"modified":"2016-11-30T08:07:08","modified_gmt":"2016-11-30T08:07:08","slug":"anima-in-jardim-infantil-da-caritas","status":"publish","type":"post","link":"https:\/\/www.animamacau.org\/pt-pt\/anima-in-jardim-infantil-da-caritas\/","title":{"rendered":"Anima- Visit\u00e1mos o Jardim Infantil da Caritas!"},"content":{"rendered":"<p><strong>&lt;24-11-2016&gt;<\/strong><br \/>\n<em><strong>A Anima visitou o Jardim Infantil da Caritas.<\/strong><\/em><\/p>\n<p>O nosso Vice President Billy, acompanhado de um trabalhador da Anima e de dois c\u00e3es nossos, participaram na visita.<br \/>\nIntroduzimos a nossa associa\u00e7\u00e3o e o nosso trabalho di\u00e1rio e tent\u00e1mos incutir nos estudantes a mensagem de que os animais devem ser respeitados e de que se devem ser meigos para com todos os animais.<br \/>\nCerca de 55 estudantes e professores estiveram connosco!<br \/>\n<em><strong>A educa\u00e7\u00e3o \u00e9 a chave para a mudan\u00e7a do ambiente de crueldade contra os animais de estima\u00e7\u00e3o.<\/strong><\/em><br \/>\n<em><strong>Os animais de estima\u00e7\u00e3o s\u00e3o para toda a vida!<\/strong><\/em><\/p>\n<p>&nbsp;<\/p>\n<p>&nbsp;<\/p>\n<p>&nbsp;<\/p>\n<p><em>Ajude-nos doando para:<\/em><br \/>\n<strong>ANIMA \u2013 Sociedade Protectora dos Animais de Macau<\/strong><br \/>\npara as seguintes contas:<br \/>\n<strong>Banco Nacional Ultramarino<\/strong>, MOP conta n\u00famero 9003472840<br \/>\n<strong>Banco da China<\/strong>, MOP conta n\u00famero 01-01-20-794318<br \/>\n<strong>ICBC<\/strong>, MOP conta n\u00famero 0119100200000960934<br \/>\n(ICBC jetco, favor de n\u00e3o inserir os tr\u00eas primeiros d\u00edgitos)<br \/>\n<strong>Banco Tai Fung,<\/strong> MOP conta n\u00famero 201-1-10530-7<br \/>\n<strong>Banco Tai Fung<\/strong>, HKD conta n\u00famero 101-1-12983-3<br \/>\n<em>e informe-nos da sua doa\u00e7\u00e3o para anima@macau.ctm.net<\/em><\/p>\n\n\t\t<style type=\"text\/css\">\n\t\t\t#gallery-2 {\n\t\t\t\tmargin: auto;\n\t\t\t}\n\t\t\t#gallery-2 .gallery-item {\n\t\t\t\tfloat: left;\n\t\t\t\tmargin-top: 10px;\n\t\t\t\ttext-align: center;\n\t\t\t\twidth: 33%;\n\t\t\t}\n\t\t\t#gallery-2 img {\n\t\t\t\tborder: 2px solid #cfcfcf;\n\t\t\t}\n\t\t\t#gallery-2 .gallery-caption {\n\t\t\t\tmargin-left: 0;\n\t\t\t}\n\t\t\t\/* see gallery_shortcode() in wp-includes\/media.php *\/\n\t\t<\/style>\n\t\t<div id='gallery-2' class='gallery galleryid-44786 gallery-columns-3 gallery-size-thumbnail'><dl class='gallery-item'>\n\t\t\t<dt class='gallery-icon landscape'>\n\t\t\t\t<a href='https:\/\/www.animamacau.org\/pt-pt\/anima-in-jardim-infantil-da-caritas\/jic-24-11-2016-13\/'><img loading=\"lazy\" decoding=\"async\" width=\"150\" height=\"150\" src=\"https:\/\/www.animamacau.org\/wp-content\/uploads\/2016\/11\/JIC-24-11-2016-150x150.jpg\" class=\"attachment-thumbnail size-thumbnail\" alt=\"\" \/><\/a>\n\t\t\t<\/dt><\/dl><dl class='gallery-item'>\n\t\t\t<dt class='gallery-icon landscape'>\n\t\t\t\t<a href='https:\/\/www.animamacau.org\/pt-pt\/anima-in-jardim-infantil-da-caritas\/jic-24-11-2016-9-3\/'><img loading=\"lazy\" decoding=\"async\" width=\"150\" height=\"150\" src=\"https:\/\/www.animamacau.org\/wp-content\/uploads\/2016\/11\/JIC-24-11-2016-9-150x150.jpg\" class=\"attachment-thumbnail size-thumbnail\" alt=\"\" \/><\/a>\n\t\t\t<\/dt><\/dl><dl class='gallery-item'>\n\t\t\t<dt class='gallery-icon landscape'>\n\t\t\t\t<a href='https:\/\/www.animamacau.org\/pt-pt\/anima-in-jardim-infantil-da-caritas\/jic-24-11-2016-8-3\/'><img loading=\"lazy\" decoding=\"async\" width=\"150\" height=\"150\" src=\"https:\/\/www.animamacau.org\/wp-content\/uploads\/2016\/11\/JIC-24-11-2016-8-150x150.jpg\" class=\"attachment-thumbnail size-thumbnail\" alt=\"\" \/><\/a>\n\t\t\t<\/dt><\/dl><br style=\"clear: both\" \/><dl class='gallery-item'>\n\t\t\t<dt class='gallery-icon landscape'>\n\t\t\t\t<a href='https:\/\/www.animamacau.org\/pt-pt\/anima-in-jardim-infantil-da-caritas\/jic-24-11-2016-7-3\/'><img loading=\"lazy\" decoding=\"async\" width=\"150\" height=\"150\" src=\"https:\/\/www.animamacau.org\/wp-content\/uploads\/2016\/11\/JIC-24-11-2016-7-150x150.jpg\" class=\"attachment-thumbnail size-thumbnail\" alt=\"\" \/><\/a>\n\t\t\t<\/dt><\/dl><dl class='gallery-item'>\n\t\t\t<dt class='gallery-icon landscape'>\n\t\t\t\t<a href='https:\/\/www.animamacau.org\/pt-pt\/anima-in-jardim-infantil-da-caritas\/jic-24-11-2016-6-3\/'><img loading=\"lazy\" decoding=\"async\" width=\"150\" height=\"150\" src=\"https:\/\/www.animamacau.org\/wp-content\/uploads\/2016\/11\/JIC-24-11-2016-6-150x150.jpg\" class=\"attachment-thumbnail size-thumbnail\" alt=\"\" \/><\/a>\n\t\t\t<\/dt><\/dl><dl class='gallery-item'>\n\t\t\t<dt class='gallery-icon landscape'>\n\t\t\t\t<a href='https:\/\/www.animamacau.org\/pt-pt\/anima-in-jardim-infantil-da-caritas\/jic-24-11-2016-5-3\/'><img loading=\"lazy\" decoding=\"async\" width=\"150\" height=\"150\" src=\"https:\/\/www.animamacau.org\/wp-content\/uploads\/2016\/11\/JIC-24-11-2016-5-150x150.jpg\" class=\"attachment-thumbnail size-thumbnail\" alt=\"\" \/><\/a>\n\t\t\t<\/dt><\/dl><br style=\"clear: both\" \/><dl class='gallery-item'>\n\t\t\t<dt class='gallery-icon landscape'>\n\t\t\t\t<a href='https:\/\/www.animamacau.org\/pt-pt\/anima-in-jardim-infantil-da-caritas\/jic-24-11-2016-4-3\/'><img loading=\"lazy\" decoding=\"async\" width=\"150\" height=\"150\" src=\"https:\/\/www.animamacau.org\/wp-content\/uploads\/2016\/11\/JIC-24-11-2016-4-150x150.jpg\" class=\"attachment-thumbnail size-thumbnail\" alt=\"\" \/><\/a>\n\t\t\t<\/dt><\/dl><dl class='gallery-item'>\n\t\t\t<dt class='gallery-icon landscape'>\n\t\t\t\t<a href='https:\/\/www.animamacau.org\/pt-pt\/anima-in-jardim-infantil-da-caritas\/jic-24-11-2016-3-3\/'><img loading=\"lazy\" decoding=\"async\" width=\"150\" height=\"150\" src=\"https:\/\/www.animamacau.org\/wp-content\/uploads\/2016\/11\/JIC-24-11-2016-3-150x150.jpg\" class=\"attachment-thumbnail size-thumbnail\" alt=\"\" \/><\/a>\n\t\t\t<\/dt><\/dl><dl class='gallery-item'>\n\t\t\t<dt class='gallery-icon landscape'>\n\t\t\t\t<a href='https:\/\/www.animamacau.org\/pt-pt\/anima-in-jardim-infantil-da-caritas\/jic-24-11-2016-2-3\/'><img loading=\"lazy\" decoding=\"async\" width=\"150\" height=\"150\" src=\"https:\/\/www.animamacau.org\/wp-content\/uploads\/2016\/11\/JIC-24-11-2016-2-150x150.jpg\" class=\"attachment-thumbnail size-thumbnail\" alt=\"\" \/><\/a>\n\t\t\t<\/dt><\/dl><br style=\"clear: both\" \/><dl class='gallery-item'>\n\t\t\t<dt class='gallery-icon landscape'>\n\t\t\t\t<a href='https:\/\/www.animamacau.org\/pt-pt\/anima-in-jardim-infantil-da-caritas\/jic-24-11-2016-10-3\/'><img loading=\"lazy\" decoding=\"async\" width=\"150\" height=\"150\" src=\"https:\/\/www.animamacau.org\/wp-content\/uploads\/2016\/11\/JIC-24-11-2016-10-150x150.jpg\" class=\"attachment-thumbnail size-thumbnail\" alt=\"\" \/><\/a>\n\t\t\t<\/dt><\/dl>\n\t\t\t<br style='clear: both' \/>\n\t\t<\/div>\n\n<p><a href=\"http:\/\/animamacau.org\/\/wp-content\/uploads\/2016\/11\/JIC-24-11-2016-11.jpg\"><img loading=\"lazy\" decoding=\"async\" class=\"alignnone size-large wp-image-44363\" src=\"http:\/\/animamacau.org\/\/wp-content\/uploads\/2016\/11\/JIC-24-11-2016-11-1024x576.jpg\" alt=\"jic-24-11-2016-11\" width=\"1024\" height=\"576\" srcset=\"https:\/\/www.animamacau.org\/wp-content\/uploads\/2016\/11\/JIC-24-11-2016-11-1024x576.jpg 1024w, https:\/\/www.animamacau.org\/wp-content\/uploads\/2016\/11\/JIC-24-11-2016-11-300x169.jpg 300w\" sizes=\"auto, (max-width: 1024px) 100vw, 1024px\" \/><\/a><\/p>\n","protected":false},"excerpt":{"rendered":"<p>&lt;24-11-2016&gt; A Anima visitou o Jardim Infantil da Caritas. O nosso Vice President Billy, acompanhado de um trabalhador da Anima e de dois c\u00e3es nossos, participaram na visita. Introduzimos a nossa associa\u00e7\u00e3o e o nosso trabalho di\u00e1rio e tent\u00e1mos incutir nos estudantes a mensagem de que os animais devem ser respeitados e de que se devem ser meigos para com todos os animais. Cerca de 55 estudantes e professores estiveram connosco! A educa\u00e7\u00e3o \u00e9 a chave para a mudan\u00e7a do ambiente de crueldade contra os animais de estima\u00e7\u00e3o. Os animais de estima\u00e7\u00e3o s\u00e3o para toda a vida! &nbsp; &nbsp; &nbsp; Ajude-nos doando para: ANIMA \u2013 Sociedade Protectora dos Animais de Macau para as seguintes contas: Banco Nacional Ultramarino, MOP conta n\u00famero 9003472840 Banco da China, MOP conta n\u00famero 01-01-20-794318 ICBC, MOP conta n\u00famero 0119100200000960934 (ICBC jetco, favor de n\u00e3o inserir os tr\u00eas primeiros d\u00edgitos) Banco&#8230;<\/p>\n","protected":false},"author":10,"featured_media":44368,"comment_status":"closed","ping_status":"open","sticky":false,"template":"","format":"gallery","meta":{"_acf_changed":false,"footnotes":""},"categories":[294,271],"tags":[],"class_list":["post-44786","post","type-post","status-publish","format-gallery","has-post-thumbnail","hentry","category-nossas-visitas","category-noticias","post_format-post-format-gallery"],"acf":[],"_links":{"self":[{"href":"https:\/\/www.animamacau.org\/pt-pt\/wp-json\/wp\/v2\/posts\/44786","targetHints":{"allow":["GET"]}}],"collection":[{"href":"https:\/\/www.animamacau.org\/pt-pt\/wp-json\/wp\/v2\/posts"}],"about":[{"href":"https:\/\/www.animamacau.org\/pt-pt\/wp-json\/wp\/v2\/types\/post"}],"author":[{"embeddable":true,"href":"https:\/\/www.animamacau.org\/pt-pt\/wp-json\/wp\/v2\/users\/10"}],"replies":[{"embeddable":true,"href":"https:\/\/www.animamacau.org\/pt-pt\/wp-json\/wp\/v2\/comments?post=44786"}],"version-history":[{"count":2,"href":"https:\/\/www.animamacau.org\/pt-pt\/wp-json\/wp\/v2\/posts\/44786\/revisions"}],"predecessor-version":[{"id":44788,"href":"https:\/\/www.animamacau.org\/pt-pt\/wp-json\/wp\/v2\/posts\/44786\/revisions\/44788"}],"wp:featuredmedia":[{"embeddable":true,"href":"https:\/\/www.animamacau.org\/pt-pt\/wp-json\/wp\/v2\/media\/44368"}],"wp:attachment":[{"href":"https:\/\/www.animamacau.org\/pt-pt\/wp-json\/wp\/v2\/media?parent=44786"}],"wp:term":[{"taxonomy":"category","embeddable":true,"href":"https:\/\/www.animamacau.org\/pt-pt\/wp-json\/wp\/v2\/categories?post=44786"},{"taxonomy":"post_tag","embeddable":true,"href":"https:\/\/www.animamacau.org\/pt-pt\/wp-json\/wp\/v2\/tags?post=44786"}],"curies":[{"name":"wp","href":"https:\/\/api.w.org\/{rel}","templated":true}]}}