{"id":45453,"date":"2016-12-06T01:34:03","date_gmt":"2016-12-06T01:34:03","guid":{"rendered":"http:\/\/animamacau.org\/\/sem-categoria\/anima-december-sad-news-c1173-cheddar-2\/"},"modified":"2016-12-09T10:05:23","modified_gmt":"2016-12-09T10:05:23","slug":"anima-december-sad-news-c1173-cheddar","status":"publish","type":"post","link":"https:\/\/www.animamacau.org\/pt-pt\/anima-december-sad-news-c1173-cheddar\/","title":{"rendered":"Anima \u2013 Not\u00edcias Tristes de Dezembro (C1173-Cheddar)!"},"content":{"rendered":"<p><strong>&lt;06-12-2016&gt;<\/strong><br \/>\nC1173-Cheddar (F), foi resgatada pela Anima no dia 21 de Abril de 2016, com uma idade estimada de 10 meses, depois de uma chamada do Sr. Wai informando que a C1173-Cheddar ca\u00edra num um espa\u00e7o fechado entre edif\u00edcios junto ao edif. Jardim da Victoria (Bloco H).<br \/>\nA nossa equipa de resgate deslocou-se ao local e encontrou C1173-Cheddar encurralada numa zona fechada entre edif\u00edcios.<br \/>\nFoi recolhida, analisada e desparasitada.<br \/>\nCheddar estava desidratada, tinha febre e problemas de gengiva.<br \/>\nEsteve a soro e recuperou ficando connosco desde essa altura.<br \/>\nFoi depois diagnosicado com uma estomatite no dia 28 de Outubro de 2016.<br \/>\nRecusava comer e t\u00ednhamos de a for\u00e7ar a fazer isso nas \u00faltimas duas semanas, sem que deixasse de ficar cada vez mais magra.<br \/>\nOntem teve uma diarreia com sangue e foi enviada a uma cl\u00ednica para exames mais cuidados.<br \/>\nDe acordo com o veterin\u00e1rio tinha uma massa dura no abdomen, que deveria ser a causa da sua doen\u00e7a.<br \/>\nPodia ser efectuada uma cirurgia mas as possibilidades de sobreviver eram menos de 10 por cento porque Cheddar estava fraca e com uma severa anemia, podendo falecer com a anestesia.<br \/>\nDepois de se conversar com o veterin\u00e1rio e com a decis\u00e3o favor\u00e1vel de dois membros da Direc\u00e7\u00e3o da Anima, tom\u00e1mos a dif\u00edcil decis\u00e3o de a pormos a dormir.<br \/>\nA \u00faltima decis\u00e3o pertence ao nosso Presidente e n\u00e3o \u00e9 uma decis\u00e3o f\u00e1cil!<br \/>\nPor v\u00e1rias vezes recusou!<br \/>\n<em><strong>Descansa em paz meu amigo!<\/strong><\/em><br \/>\n<em><strong>Nunca abandone o seu animal de estima\u00e7\u00e3o! Abandonar um animal de estima\u00e7\u00e3o devia ser crime!<\/strong><\/em><\/p>\n<p>&nbsp;<\/p>\n<p>&nbsp;<\/p>\n<p>&nbsp;<\/p>\n<p><em>Ajude-nos doando para:<\/em><br \/>\n<strong>ANIMA \u2013 Sociedade Protectora dos Animais de Macau<\/strong><br \/>\npara as seguintes contas:<br \/>\n<strong>Banco Nacional Ultramarino<\/strong>, MOP conta n\u00famero 9003472840<br \/>\n<strong>Banco da China<\/strong>, MOP conta n\u00famero 01-01-20-794318<br \/>\n<strong>ICBC<\/strong>, MOP conta n\u00famero 0119100200000960934<br \/>\n(ICBC jetco, favor de n\u00e3o inserir os tr\u00eas primeiros d\u00edgitos)<br \/>\n<strong>Banco Tai Fung,<\/strong> MOP conta n\u00famero 201-1-10530-7<br \/>\n<strong>Banco Tai Fung<\/strong>, HKD conta n\u00famero 101-1-12983-3<br \/>\n<em>e informe-nos da sua doa\u00e7\u00e3o para anima@macau.ctm.net<\/em><\/p>\n\n\t\t<style type=\"text\/css\">\n\t\t\t#gallery-2 {\n\t\t\t\tmargin: auto;\n\t\t\t}\n\t\t\t#gallery-2 .gallery-item {\n\t\t\t\tfloat: left;\n\t\t\t\tmargin-top: 10px;\n\t\t\t\ttext-align: center;\n\t\t\t\twidth: 33%;\n\t\t\t}\n\t\t\t#gallery-2 img {\n\t\t\t\tborder: 2px solid #cfcfcf;\n\t\t\t}\n\t\t\t#gallery-2 .gallery-caption {\n\t\t\t\tmargin-left: 0;\n\t\t\t}\n\t\t\t\/* see gallery_shortcode() in wp-includes\/media.php *\/\n\t\t<\/style>\n\t\t<div id='gallery-2' class='gallery galleryid-45453 gallery-columns-3 gallery-size-thumbnail'><dl class='gallery-item'>\n\t\t\t<dt class='gallery-icon landscape'>\n\t\t\t\t<a href='https:\/\/www.animamacau.org\/pt-pt\/anima-december-sad-news-c1173-cheddar\/c1173-cheddar-5-3\/'><img loading=\"lazy\" decoding=\"async\" width=\"150\" height=\"150\" src=\"https:\/\/www.animamacau.org\/wp-content\/uploads\/2016\/12\/C1173-Cheddar-5-150x150.jpg\" class=\"attachment-thumbnail size-thumbnail\" alt=\"\" \/><\/a>\n\t\t\t<\/dt><\/dl><dl class='gallery-item'>\n\t\t\t<dt class='gallery-icon landscape'>\n\t\t\t\t<a href='https:\/\/www.animamacau.org\/pt-pt\/anima-december-sad-news-c1173-cheddar\/c1173-cheddar-4-5-3\/'><img loading=\"lazy\" decoding=\"async\" width=\"150\" height=\"150\" src=\"https:\/\/www.animamacau.org\/wp-content\/uploads\/2016\/12\/C1173-Cheddar-4-150x150.jpg\" class=\"attachment-thumbnail size-thumbnail\" alt=\"\" \/><\/a>\n\t\t\t<\/dt><\/dl><dl class='gallery-item'>\n\t\t\t<dt class='gallery-icon landscape'>\n\t\t\t\t<a href='https:\/\/www.animamacau.org\/pt-pt\/anima-april-rescue-c1173-cheddar\/c1173-cheddar-2-2-3\/'><img loading=\"lazy\" decoding=\"async\" width=\"150\" height=\"150\" src=\"https:\/\/www.animamacau.org\/wp-content\/uploads\/2016\/04\/C1173-Cheddar-2-150x150.jpg\" class=\"attachment-thumbnail size-thumbnail\" alt=\"\" \/><\/a>\n\t\t\t<\/dt><\/dl><br style=\"clear: both\" \/><dl class='gallery-item'>\n\t\t\t<dt class='gallery-icon landscape'>\n\t\t\t\t<a href='https:\/\/www.animamacau.org\/pt-pt\/anima-april-rescue-c1173-cheddar\/c1173-cheddar-3\/'><img loading=\"lazy\" decoding=\"async\" width=\"150\" height=\"150\" src=\"https:\/\/www.animamacau.org\/wp-content\/uploads\/2016\/04\/C1173-Cheddar-150x150.jpg\" class=\"attachment-thumbnail size-thumbnail\" alt=\"\" \/><\/a>\n\t\t\t<\/dt><\/dl>\n\t\t\t<br style='clear: both' \/>\n\t\t<\/div>\n\n","protected":false},"excerpt":{"rendered":"<p>&lt;06-12-2016&gt; C1173-Cheddar (F), foi resgatada pela Anima no dia 21 de Abril de 2016, com uma idade estimada de 10 meses, depois de uma chamada do Sr. Wai informando que a C1173-Cheddar ca\u00edra num um espa\u00e7o fechado entre edif\u00edcios junto ao edif. Jardim da Victoria (Bloco H). A nossa equipa de resgate deslocou-se ao local e encontrou C1173-Cheddar encurralada numa zona fechada entre edif\u00edcios. Foi recolhida, analisada e desparasitada. Cheddar estava desidratada, tinha febre e problemas de gengiva. Esteve a soro e recuperou ficando connosco desde essa altura. Foi depois diagnosicado com uma estomatite no dia 28 de Outubro de 2016. Recusava comer e t\u00ednhamos de a for\u00e7ar a fazer isso nas \u00faltimas duas semanas, sem que deixasse de ficar cada vez mais magra. Ontem teve uma diarreia com sangue e foi enviada a uma cl\u00ednica para exames mais cuidados. De acordo com o veterin\u00e1rio&#8230;<\/p>\n","protected":false},"author":10,"featured_media":45410,"comment_status":"closed","ping_status":"open","sticky":false,"template":"","format":"gallery","meta":{"_acf_changed":false,"footnotes":""},"categories":[280,271],"tags":[],"class_list":["post-45453","post","type-post","status-publish","format-gallery","has-post-thumbnail","hentry","category-falecidos","category-noticias","post_format-post-format-gallery"],"acf":[],"_links":{"self":[{"href":"https:\/\/www.animamacau.org\/pt-pt\/wp-json\/wp\/v2\/posts\/45453","targetHints":{"allow":["GET"]}}],"collection":[{"href":"https:\/\/www.animamacau.org\/pt-pt\/wp-json\/wp\/v2\/posts"}],"about":[{"href":"https:\/\/www.animamacau.org\/pt-pt\/wp-json\/wp\/v2\/types\/post"}],"author":[{"embeddable":true,"href":"https:\/\/www.animamacau.org\/pt-pt\/wp-json\/wp\/v2\/users\/10"}],"replies":[{"embeddable":true,"href":"https:\/\/www.animamacau.org\/pt-pt\/wp-json\/wp\/v2\/comments?post=45453"}],"version-history":[{"count":2,"href":"https:\/\/www.animamacau.org\/pt-pt\/wp-json\/wp\/v2\/posts\/45453\/revisions"}],"predecessor-version":[{"id":45455,"href":"https:\/\/www.animamacau.org\/pt-pt\/wp-json\/wp\/v2\/posts\/45453\/revisions\/45455"}],"wp:featuredmedia":[{"embeddable":true,"href":"https:\/\/www.animamacau.org\/pt-pt\/wp-json\/wp\/v2\/media\/45410"}],"wp:attachment":[{"href":"https:\/\/www.animamacau.org\/pt-pt\/wp-json\/wp\/v2\/media?parent=45453"}],"wp:term":[{"taxonomy":"category","embeddable":true,"href":"https:\/\/www.animamacau.org\/pt-pt\/wp-json\/wp\/v2\/categories?post=45453"},{"taxonomy":"post_tag","embeddable":true,"href":"https:\/\/www.animamacau.org\/pt-pt\/wp-json\/wp\/v2\/tags?post=45453"}],"curies":[{"name":"wp","href":"https:\/\/api.w.org\/{rel}","templated":true}]}}