{"id":47050,"date":"2017-01-02T07:19:20","date_gmt":"2017-01-02T07:19:20","guid":{"rendered":"http:\/\/animamacau.org\/\/sem-categoria\/anima-january-return-to-family-1625-wallace-2\/"},"modified":"2017-01-16T04:40:15","modified_gmt":"2017-01-16T04:40:15","slug":"anima-january-return-to-family-1625-wallace","status":"publish","type":"post","link":"https:\/\/www.animamacau.org\/pt-pt\/anima-january-return-to-family-1625-wallace\/","title":{"rendered":"Anima \u2013 Devolu\u00e7\u00e3o \u00e0 Fam\u00edlia em Janeiro (1625-Wallace)!"},"content":{"rendered":"<p><strong>&lt;02-01-2017&gt;<\/strong><br \/>\n<em><strong>Vejam o Wallace quando foi resgatado, hoje e quando foi adoptado!<\/strong><\/em><\/p>\n<p>1625-Wallace, regressou \u00e0 fam\u00edlia depois de ter estado alojado na Anima por 13 dias, desde 21 de Dezembro de 2016.<br \/>\nWallace foi adoptado pelo Sr. M\u00e1rio Rui no dia 13 de Fevereiro de 2016.<br \/>\n1625-Wallace, 1626-Walmond e 1627-Wardell, todos com duas semanas de idade, foram resgatados pela Anima a 6 de Janeiro de 2015, depois do telefonema do Sr. Billy, nosso vice-Presidente, dizendo que a Sra. Ian comentou com ele que haviam cachorrinhos s\u00f3zinhos, j\u00e1 que algumas m\u00e3es tinham sido apanhadas, numa zona de constru\u00e7\u00e3o, pelo IACM.<br \/>\nEstes c\u00e3ezinhos tinham de ir para a Anima j\u00e1 que a loja para onde iriam n\u00e3o os conseguia alimentar durante a noite!<br \/>\nSe adoptar um animal da Anima ter\u00e1 o privil\u00e9gio de o deixar connosco durante 15 dias no primeiro ano de adop\u00e7\u00e3o sem qualquer encargo para si, caso haja espa\u00e7o na Anima.<br \/>\n<em><strong>Obrigado Sr. M\u00e1rio!<\/strong><\/em><br \/>\n<em><strong>Por favor adopte e nunca Compre!<\/strong><\/em><br \/>\n<em><strong>Se voce Adoptar estar\u00e1 a ajudar-nos a salvar mais animais em perigo!<\/strong><\/em><\/p>\n<p>&nbsp;<\/p>\n<p>&nbsp;<\/p>\n<p><em>Ajude-nos doando para:<\/em><br \/>\n<strong>ANIMA \u2013 Sociedade Protectora dos Animais de Macau<\/strong><br \/>\npara as seguintes contas:<br \/>\n<strong>Banco Nacional Ultramarino<\/strong>, MOP conta n\u00famero 9003472840<br \/>\n<strong>Banco da China,<\/strong> MOP conta n\u00famero 01-01-20-794318<br \/>\n<strong>ICBC<\/strong>, MOP conta n\u00famero 0119100200000960934<br \/>\n(ICBC jetco, favor de n\u00e3o inserir os tr\u00eas primeiros d\u00edgitos)<br \/>\n<strong>Banco Tai Fung<\/strong>, MOP conta n\u00famero 201-1-10530-7<br \/>\n<strong>Banco Tai Fung<\/strong>, HKD conta n\u00famero 101-1-12983-3<br \/>\n<em>e informe-nos da sua doa\u00e7\u00e3o para anima@macau.ctm.net<\/em><\/p>\n\n\t\t<style type=\"text\/css\">\n\t\t\t#gallery-2 {\n\t\t\t\tmargin: auto;\n\t\t\t}\n\t\t\t#gallery-2 .gallery-item {\n\t\t\t\tfloat: left;\n\t\t\t\tmargin-top: 10px;\n\t\t\t\ttext-align: center;\n\t\t\t\twidth: 33%;\n\t\t\t}\n\t\t\t#gallery-2 img {\n\t\t\t\tborder: 2px solid #cfcfcf;\n\t\t\t}\n\t\t\t#gallery-2 .gallery-caption {\n\t\t\t\tmargin-left: 0;\n\t\t\t}\n\t\t\t\/* see gallery_shortcode() in wp-includes\/media.php *\/\n\t\t<\/style>\n\t\t<div id='gallery-2' class='gallery galleryid-47050 gallery-columns-3 gallery-size-thumbnail'><dl class='gallery-item'>\n\t\t\t<dt class='gallery-icon landscape'>\n\t\t\t\t<a href='https:\/\/www.animamacau.org\/pt-pt\/anima-january-return-to-family-1625-wallace\/1625-wallace-returned-from-accommodation-4-3\/'><img loading=\"lazy\" decoding=\"async\" width=\"150\" height=\"150\" src=\"https:\/\/www.animamacau.org\/wp-content\/uploads\/2017\/01\/1625-Wallace-returned-from-accommodation-150x150.jpg\" class=\"attachment-thumbnail size-thumbnail\" alt=\"\" \/><\/a>\n\t\t\t<\/dt><\/dl><dl class='gallery-item'>\n\t\t\t<dt class='gallery-icon landscape'>\n\t\t\t\t<a href='https:\/\/www.animamacau.org\/pt-pt\/anima-january-rescue-1625-to-1627\/1625-wallace-1626-walmond-and-1627-wardell-3\/'><img loading=\"lazy\" decoding=\"async\" width=\"150\" height=\"150\" src=\"https:\/\/www.animamacau.org\/wp-content\/uploads\/2016\/01\/1625-Wallace-1626-Walmond-and-1627-Wardell-150x150.jpg\" class=\"attachment-thumbnail size-thumbnail\" alt=\"\" \/><\/a>\n\t\t\t<\/dt><\/dl><dl class='gallery-item'>\n\t\t\t<dt class='gallery-icon landscape'>\n\t\t\t\t<a href='https:\/\/www.animamacau.org\/pt-pt\/anima-january-rescue-1625-to-1627\/1625-wallace-3\/'><img loading=\"lazy\" decoding=\"async\" width=\"150\" height=\"150\" src=\"https:\/\/www.animamacau.org\/wp-content\/uploads\/2016\/01\/1625-Wallace-150x150.jpg\" class=\"attachment-thumbnail size-thumbnail\" alt=\"\" \/><\/a>\n\t\t\t<\/dt><\/dl><br style=\"clear: both\" \/><dl class='gallery-item'>\n\t\t\t<dt class='gallery-icon landscape'>\n\t\t\t\t<a href='https:\/\/www.animamacau.org\/pt-pt\/adoption\/1460-tasha\/1625-wallace-with-the-adopter-3\/'><img loading=\"lazy\" decoding=\"async\" width=\"150\" height=\"150\" src=\"https:\/\/www.animamacau.org\/wp-content\/uploads\/2016\/02\/1625-Wallace-with-the-adopter-150x150.jpg\" class=\"attachment-thumbnail size-thumbnail\" alt=\"\" \/><\/a>\n\t\t\t<\/dt><\/dl><dl class='gallery-item'>\n\t\t\t<dt class='gallery-icon landscape'>\n\t\t\t\t<a href='https:\/\/www.animamacau.org\/pt-pt\/anima-temporary-accommodation-1625-wallace\/1625-wallace-temp-accommodation-3\/'><img loading=\"lazy\" decoding=\"async\" width=\"150\" height=\"150\" src=\"https:\/\/www.animamacau.org\/wp-content\/uploads\/2016\/12\/1625-Wallace-temp-accommodation-150x150.jpg\" class=\"attachment-thumbnail size-thumbnail\" alt=\"\" \/><\/a>\n\t\t\t<\/dt><\/dl><dl class='gallery-item'>\n\t\t\t<dt class='gallery-icon landscape'>\n\t\t\t\t<a href='https:\/\/www.animamacau.org\/pt-pt\/anima-august-return-to-family-1625-wallace\/1625-wallace-returned-from-accommodation-3\/'><img loading=\"lazy\" decoding=\"async\" width=\"150\" height=\"150\" src=\"https:\/\/www.animamacau.org\/wp-content\/uploads\/2016\/08\/1625-Wallace-returned-from-accommodation-150x150.jpg\" class=\"attachment-thumbnail size-thumbnail\" alt=\"\" \/><\/a>\n\t\t\t<\/dt><\/dl><br style=\"clear: both\" \/><dl class='gallery-item'>\n\t\t\t<dt class='gallery-icon landscape'>\n\t\t\t\t<a href='https:\/\/www.animamacau.org\/pt-pt\/anima-may-return-to-family-1625-wallace\/1625-wallace-returned-in-temp-accommodation-3\/'><img loading=\"lazy\" decoding=\"async\" width=\"150\" height=\"150\" src=\"https:\/\/www.animamacau.org\/wp-content\/uploads\/2016\/05\/1625-Wallace-returned-in-temp-accommodation-150x150.jpg\" class=\"attachment-thumbnail size-thumbnail\" alt=\"\" \/><\/a>\n\t\t\t<\/dt><\/dl><dl class='gallery-item'>\n\t\t\t<dt class='gallery-icon landscape'>\n\t\t\t\t<a href='https:\/\/www.animamacau.org\/pt-pt\/temporary-accommodation-1625-wallace\/1625-wallace-accomodated-in-anima-3\/'><img loading=\"lazy\" decoding=\"async\" width=\"150\" height=\"150\" src=\"https:\/\/www.animamacau.org\/wp-content\/uploads\/2016\/04\/1625-Wallace-accomodated-in-Anima-150x150.jpg\" class=\"attachment-thumbnail size-thumbnail\" alt=\"\" \/><\/a>\n\t\t\t<\/dt><\/dl>\n\t\t\t<br style='clear: both' \/>\n\t\t<\/div>\n\n","protected":false},"excerpt":{"rendered":"<p>&lt;02-01-2017&gt; Vejam o Wallace quando foi resgatado, hoje e quando foi adoptado! 1625-Wallace, regressou \u00e0 fam\u00edlia depois de ter estado alojado na Anima por 13 dias, desde 21 de Dezembro de 2016. Wallace foi adoptado pelo Sr. M\u00e1rio Rui no dia 13 de Fevereiro de 2016. 1625-Wallace, 1626-Walmond e 1627-Wardell, todos com duas semanas de idade, foram resgatados pela Anima a 6 de Janeiro de 2015, depois do telefonema do Sr. Billy, nosso vice-Presidente, dizendo que a Sra. Ian comentou com ele que haviam cachorrinhos s\u00f3zinhos, j\u00e1 que algumas m\u00e3es tinham sido apanhadas, numa zona de constru\u00e7\u00e3o, pelo IACM. Estes c\u00e3ezinhos tinham de ir para a Anima j\u00e1 que a loja para onde iriam n\u00e3o os conseguia alimentar durante a noite! Se adoptar um animal da Anima ter\u00e1 o privil\u00e9gio de o deixar connosco durante 15 dias no primeiro ano de adop\u00e7\u00e3o sem qualquer encargo&#8230;<\/p>\n","protected":false},"author":10,"featured_media":46882,"comment_status":"closed","ping_status":"open","sticky":false,"template":"","format":"gallery","meta":{"_acf_changed":false,"footnotes":""},"categories":[297,271],"tags":[],"class_list":["post-47050","post","type-post","status-publish","format-gallery","has-post-thumbnail","hentry","category-devolvidos-familia","category-noticias","post_format-post-format-gallery"],"acf":[],"_links":{"self":[{"href":"https:\/\/www.animamacau.org\/pt-pt\/wp-json\/wp\/v2\/posts\/47050","targetHints":{"allow":["GET"]}}],"collection":[{"href":"https:\/\/www.animamacau.org\/pt-pt\/wp-json\/wp\/v2\/posts"}],"about":[{"href":"https:\/\/www.animamacau.org\/pt-pt\/wp-json\/wp\/v2\/types\/post"}],"author":[{"embeddable":true,"href":"https:\/\/www.animamacau.org\/pt-pt\/wp-json\/wp\/v2\/users\/10"}],"replies":[{"embeddable":true,"href":"https:\/\/www.animamacau.org\/pt-pt\/wp-json\/wp\/v2\/comments?post=47050"}],"version-history":[{"count":2,"href":"https:\/\/www.animamacau.org\/pt-pt\/wp-json\/wp\/v2\/posts\/47050\/revisions"}],"predecessor-version":[{"id":47077,"href":"https:\/\/www.animamacau.org\/pt-pt\/wp-json\/wp\/v2\/posts\/47050\/revisions\/47077"}],"wp:featuredmedia":[{"embeddable":true,"href":"https:\/\/www.animamacau.org\/pt-pt\/wp-json\/wp\/v2\/media\/46882"}],"wp:attachment":[{"href":"https:\/\/www.animamacau.org\/pt-pt\/wp-json\/wp\/v2\/media?parent=47050"}],"wp:term":[{"taxonomy":"category","embeddable":true,"href":"https:\/\/www.animamacau.org\/pt-pt\/wp-json\/wp\/v2\/categories?post=47050"},{"taxonomy":"post_tag","embeddable":true,"href":"https:\/\/www.animamacau.org\/pt-pt\/wp-json\/wp\/v2\/tags?post=47050"}],"curies":[{"name":"wp","href":"https:\/\/api.w.org\/{rel}","templated":true}]}}