{"id":47662,"date":"2017-01-22T08:27:31","date_gmt":"2017-01-22T08:27:31","guid":{"rendered":"http:\/\/animamacau.org\/\/sem-categoria\/anima-january-adoption-c1374-caramel-ii-2\/"},"modified":"2017-01-27T03:23:11","modified_gmt":"2017-01-27T03:23:11","slug":"anima-january-adoption-c1374-caramel-ii","status":"publish","type":"post","link":"https:\/\/www.animamacau.org\/pt-pt\/anima-january-adoption-c1374-caramel-ii\/","title":{"rendered":"Anima\u2013Adop\u00e7\u00e3o de Janeiro (C1374-Caramel II)!"},"content":{"rendered":"<p><em><strong>&lt;22-01-2017&gt;<\/strong><\/em><br \/>\n<em><strong>Caramel II foi adoptado pela Sra. Filipa no dia 22 de Janeiro de 2017!<\/strong><\/em><\/p>\n<p>C1374-Caramel II (M), foi resgatado pela Anima no dia 3 de Janeiro de 2017, com uma idade estimada de cinco anos, depois de uma chamada do Sra. Filipa, informando que ela resgatara um gato h\u00e1 ano e meio em Cheoc Van, mas que n\u00e3o podia mant\u00ea-lo agora.<br \/>\nSegundo disse, o gato era agressivo e selvagem, destruindo tudo e atacando a sua filha.<br \/>\nFora esterilizado mas o seu comportamento n\u00e3o melhorara.<br \/>\nCaramel II esteve connosco mas a Sra. Filipa resolveu ficar de novo com ele pois o animal entrara em stress e adoecera.<br \/>\n<em><strong>Obrigado Sra. Filipa.<\/strong><\/em><br \/>\n<em><strong>Por favor adopte e nunca compre!<\/strong><\/em><br \/>\n<em><strong>Se adoptar est\u00e1 a ajudar animais em risco!<\/strong><\/em><\/p>\n<p>&nbsp;<\/p>\n<p>&nbsp;<\/p>\n<p>&nbsp;<\/p>\n<p><em>Ajude-nos doando para:<\/em><br \/>\n<strong>ANIMA \u2013 Sociedade Protectora dos Animais de Macau<\/strong><br \/>\npara as seguintes contas:<br \/>\n<strong>Banco Nacional Ultramarino<\/strong>, MOP conta n\u00famero 9003472840<br \/>\n<strong>Banco da China<\/strong>, MOP conta n\u00famero 01-01-20-794318<br \/>\n<strong>ICBC<\/strong>, MOP conta n\u00famero 0119100200000960934<br \/>\n(ICBC jetco, favor de n\u00e3o inserir os tr\u00eas primeiros d\u00edgitos)<br \/>\n<strong>Banco Tai Fung,<\/strong> MOP conta n\u00famero 201-1-10530-7<br \/>\n<strong>Banco Tai Fung<\/strong>, HKD conta n\u00famero 101-1-12983-3<br \/>\n<em>e informe-nos da sua doa\u00e7\u00e3o para anima@macau.ctm.net<\/em><\/p>\n\n\t\t<style type=\"text\/css\">\n\t\t\t#gallery-2 {\n\t\t\t\tmargin: auto;\n\t\t\t}\n\t\t\t#gallery-2 .gallery-item {\n\t\t\t\tfloat: left;\n\t\t\t\tmargin-top: 10px;\n\t\t\t\ttext-align: center;\n\t\t\t\twidth: 33%;\n\t\t\t}\n\t\t\t#gallery-2 img {\n\t\t\t\tborder: 2px solid #cfcfcf;\n\t\t\t}\n\t\t\t#gallery-2 .gallery-caption {\n\t\t\t\tmargin-left: 0;\n\t\t\t}\n\t\t\t\/* see gallery_shortcode() in wp-includes\/media.php *\/\n\t\t<\/style>\n\t\t<div id='gallery-2' class='gallery galleryid-47662 gallery-columns-3 gallery-size-thumbnail'><dl class='gallery-item'>\n\t\t\t<dt class='gallery-icon landscape'>\n\t\t\t\t<a href='https:\/\/www.animamacau.org\/pt-pt\/anima-january-adoption-c1374-caramel-ii\/c1374-caramel-ii-with-the-adopter-3\/'><img loading=\"lazy\" decoding=\"async\" width=\"150\" height=\"150\" src=\"https:\/\/www.animamacau.org\/wp-content\/uploads\/2017\/01\/C1374-Caramel-II-with-the-adopter-150x150.jpg\" class=\"attachment-thumbnail size-thumbnail\" alt=\"\" \/><\/a>\n\t\t\t<\/dt><\/dl><dl class='gallery-item'>\n\t\t\t<dt class='gallery-icon landscape'>\n\t\t\t\t<a href='https:\/\/www.animamacau.org\/pt-pt\/anima-january-rescue-c1374-caramel-ii\/c1374-caramel-ii-3\/'><img loading=\"lazy\" decoding=\"async\" width=\"150\" height=\"150\" src=\"https:\/\/www.animamacau.org\/wp-content\/uploads\/2017\/01\/C1374-Caramel-II-150x150.jpeg\" class=\"attachment-thumbnail size-thumbnail\" alt=\"\" \/><\/a>\n\t\t\t<\/dt><\/dl>\n\t\t\t<br style='clear: both' \/>\n\t\t<\/div>\n\n","protected":false},"excerpt":{"rendered":"<p>&lt;22-01-2017&gt; Caramel II foi adoptado pela Sra. Filipa no dia 22 de Janeiro de 2017! C1374-Caramel II (M), foi resgatado pela Anima no dia 3 de Janeiro de 2017, com uma idade estimada de cinco anos, depois de uma chamada do Sra. Filipa, informando que ela resgatara um gato h\u00e1 ano e meio em Cheoc Van, mas que n\u00e3o podia mant\u00ea-lo agora. Segundo disse, o gato era agressivo e selvagem, destruindo tudo e atacando a sua filha. Fora esterilizado mas o seu comportamento n\u00e3o melhorara. Caramel II esteve connosco mas a Sra. Filipa resolveu ficar de novo com ele pois o animal entrara em stress e adoecera. Obrigado Sra. Filipa. Por favor adopte e nunca compre! Se adoptar est\u00e1 a ajudar animais em risco! &nbsp; &nbsp; &nbsp; Ajude-nos doando para: ANIMA \u2013 Sociedade Protectora dos Animais de Macau para as seguintes contas: Banco Nacional Ultramarino,&#8230;<\/p>\n","protected":false},"author":10,"featured_media":47494,"comment_status":"closed","ping_status":"open","sticky":false,"template":"","format":"gallery","meta":{"_acf_changed":false,"footnotes":""},"categories":[284,271],"tags":[],"class_list":["post-47662","post","type-post","status-publish","format-gallery","has-post-thumbnail","hentry","category-finais-felizes","category-noticias","post_format-post-format-gallery"],"acf":[],"_links":{"self":[{"href":"https:\/\/www.animamacau.org\/pt-pt\/wp-json\/wp\/v2\/posts\/47662","targetHints":{"allow":["GET"]}}],"collection":[{"href":"https:\/\/www.animamacau.org\/pt-pt\/wp-json\/wp\/v2\/posts"}],"about":[{"href":"https:\/\/www.animamacau.org\/pt-pt\/wp-json\/wp\/v2\/types\/post"}],"author":[{"embeddable":true,"href":"https:\/\/www.animamacau.org\/pt-pt\/wp-json\/wp\/v2\/users\/10"}],"replies":[{"embeddable":true,"href":"https:\/\/www.animamacau.org\/pt-pt\/wp-json\/wp\/v2\/comments?post=47662"}],"version-history":[{"count":2,"href":"https:\/\/www.animamacau.org\/pt-pt\/wp-json\/wp\/v2\/posts\/47662\/revisions"}],"predecessor-version":[{"id":47664,"href":"https:\/\/www.animamacau.org\/pt-pt\/wp-json\/wp\/v2\/posts\/47662\/revisions\/47664"}],"wp:featuredmedia":[{"embeddable":true,"href":"https:\/\/www.animamacau.org\/pt-pt\/wp-json\/wp\/v2\/media\/47494"}],"wp:attachment":[{"href":"https:\/\/www.animamacau.org\/pt-pt\/wp-json\/wp\/v2\/media?parent=47662"}],"wp:term":[{"taxonomy":"category","embeddable":true,"href":"https:\/\/www.animamacau.org\/pt-pt\/wp-json\/wp\/v2\/categories?post=47662"},{"taxonomy":"post_tag","embeddable":true,"href":"https:\/\/www.animamacau.org\/pt-pt\/wp-json\/wp\/v2\/tags?post=47662"}],"curies":[{"name":"wp","href":"https:\/\/api.w.org\/{rel}","templated":true}]}}