{"id":48540,"date":"2017-02-08T09:52:15","date_gmt":"2017-02-08T09:52:15","guid":{"rendered":"http:\/\/animamacau.org\/\/sem-categoria\/anima-abandonment-and-return-sppc1254-carrick-2\/"},"modified":"2017-02-18T09:51:45","modified_gmt":"2017-02-18T09:51:45","slug":"anima-abandonment-and-return-sppc1254-carrick","status":"publish","type":"post","link":"https:\/\/www.animamacau.org\/pt-pt\/anima-abandonment-and-return-sppc1254-carrick\/","title":{"rendered":"Abandono e Devolu\u00e7\u00e3o de Fevereiro (SPPC1254-Carrick)!"},"content":{"rendered":"<p><strong>&lt;08-02-2017&gt;<\/strong><br \/>\n<span style=\"color: #ff0000\">SPPC1254-Carrick (M), com cerca de dois meses de idade, foi resgatado pela Anima por interm\u00e9dio da Michele no dia 5 de Agosto de 2016, algures na Taipa.<\/span><br \/>\n<span style=\"color: #ff0000\">Carrick foi trazido para a Anima e examinado pelo nosso veterin\u00e1rio. <\/span><br \/>\n<span style=\"color: #ff0000\">A sua vista direita lacrimejava e tinha ringworm espalhado por todo o corpo.<\/span><br \/>\n<span style=\"color: #ff0000\">Ficou temporariamente com a nossa supervisora de gatos Sra. Apeng para tomar a medicamenta\u00e7\u00e3o e para ser vigiado. <\/span><br \/>\n<span style=\"color: #ff0000\">Regressou depois ao local onde vivia no dia 6 de Agosto de 2016 e de novo para a Anima no dia 23 de Agosto para se candidatar a adop\u00e7\u00e3o.<\/span><br \/>\n<span style=\"color: #008000\">Carrick foi adoptado no dia 18 de Setembro de 2016.<\/span><br \/>\n<span style=\"color: #008000\">O adoptante desculpou-se agora, dizendo que tinha os pais doentes e que necessitava de deixar Macau por um ano e n\u00e3o tinha com quem o deixar.<\/span><br \/>\n<span style=\"color: #008000\">Carrick est\u00e1 j\u00e1 connosco.<\/span><br \/>\n<span style=\"color: #008000\">O acto de adop\u00e7\u00e3o constitui uma decis\u00e3o s\u00e9ria! Fa\u00e7a isso com sentido de responsabilidade!<\/span><br \/>\n<span style=\"color: #008000\">Nunca abandone o seu animal de estima\u00e7\u00e3o! Abandonar um animal de estima\u00e7\u00e3o devia ser crime!<\/span><br \/>\n<span style=\"color: #008000\">Por favor Adopte e nunca compre! <\/span><br \/>\n<span style=\"color: #008000\">Doutra forma n\u00e3o conseguiremos ajudar outros animais!<\/span><\/p>\n<p>&nbsp;<\/p>\n<p>&nbsp;<\/p>\n<p>&nbsp;<\/p>\n<p><em>Ajude-nos doando para:<\/em><br \/>\n<span style=\"color: #ff0000\"><strong>ANIMA \u2013 Sociedade Protectora dos Animais de Macau<\/strong><\/span><br \/>\npara as seguintes contas:<br \/>\n<strong><span style=\"color: #0000ff\">Banco Nacional Ultramarino<\/span><\/strong>, MOP conta n\u00famero 9003472840<br \/>\n<strong><span style=\"color: #0000ff\">Banco da China<\/span><\/strong>, MOP conta n\u00famero 01-01-20-794318<br \/>\n<strong><span style=\"color: #0000ff\">ICBC<\/span><\/strong>, MOP conta n\u00famero 0119100200000960934<br \/>\n(ICBC jetco, favor de n\u00e3o inserir os tr\u00eas primeiros d\u00edgitos)<br \/>\n<span style=\"color: #0000ff\"><strong>Banco Tai Fung<\/strong><\/span>, MOP conta n\u00famero 201-1-10530-7<br \/>\n<span style=\"color: #0000ff\"><strong>Banco Tai Fung<\/strong><\/span>, HKD conta n\u00famero 101-1-12983-3<br \/>\n<em>e informe-nos da sua doa\u00e7\u00e3o para anima@macau.ctm.net<\/em><\/p>\n<p><strong><em>\u00a0<\/em><\/strong><\/p>\n<p><strong>\u00a0<\/strong><\/p>\n<p><strong>\u00a0<\/strong><\/p>\n\n\t\t<style type=\"text\/css\">\n\t\t\t#gallery-2 {\n\t\t\t\tmargin: auto;\n\t\t\t}\n\t\t\t#gallery-2 .gallery-item {\n\t\t\t\tfloat: left;\n\t\t\t\tmargin-top: 10px;\n\t\t\t\ttext-align: center;\n\t\t\t\twidth: 33%;\n\t\t\t}\n\t\t\t#gallery-2 img {\n\t\t\t\tborder: 2px solid #cfcfcf;\n\t\t\t}\n\t\t\t#gallery-2 .gallery-caption {\n\t\t\t\tmargin-left: 0;\n\t\t\t}\n\t\t\t\/* see gallery_shortcode() in wp-includes\/media.php *\/\n\t\t<\/style>\n\t\t<div id='gallery-2' class='gallery galleryid-48540 gallery-columns-3 gallery-size-thumbnail'><dl class='gallery-item'>\n\t\t\t<dt class='gallery-icon landscape'>\n\t\t\t\t<a href='https:\/\/www.animamacau.org\/pt-pt\/anima-abandonment-and-return-sppc1254-carrick\/sppc1254-carrik-returned-from-adopter-3\/'><img loading=\"lazy\" decoding=\"async\" width=\"150\" height=\"150\" src=\"https:\/\/www.animamacau.org\/wp-content\/uploads\/2017\/02\/SPPC1254-Carrik-returned-from-adopter-150x150.jpeg\" class=\"attachment-thumbnail size-thumbnail\" alt=\"\" \/><\/a>\n\t\t\t<\/dt><\/dl><dl class='gallery-item'>\n\t\t\t<dt class='gallery-icon landscape'>\n\t\t\t\t<a href='https:\/\/www.animamacau.org\/pt-pt\/temporary-accommodation-sppc1249-sppc1254\/sppc1254-carrik-temp-accommodation-3\/'><img loading=\"lazy\" decoding=\"async\" width=\"150\" height=\"150\" src=\"https:\/\/www.animamacau.org\/wp-content\/uploads\/2016\/08\/SPPC1254-Carrik-temp-accommodation-150x150.jpg\" class=\"attachment-thumbnail size-thumbnail\" alt=\"\" \/><\/a>\n\t\t\t<\/dt><\/dl><dl class='gallery-item'>\n\t\t\t<dt class='gallery-icon landscape'>\n\t\t\t\t<a href='https:\/\/www.animamacau.org\/pt-pt\/anima-august-rescue-and-new-spp-sppc1254-carrick\/sppc1254-carrick-3\/'><img loading=\"lazy\" decoding=\"async\" width=\"150\" height=\"150\" src=\"https:\/\/www.animamacau.org\/wp-content\/uploads\/2016\/08\/SPPC1254-Carrick-150x150.jpg\" class=\"attachment-thumbnail size-thumbnail\" alt=\"\" \/><\/a>\n\t\t\t<\/dt><\/dl><br style=\"clear: both\" \/>\n\t\t<\/div>\n\n","protected":false},"excerpt":{"rendered":"<p>&lt;08-02-2017&gt; SPPC1254-Carrick (M), com cerca de dois meses de idade, foi resgatado pela Anima por interm\u00e9dio da Michele no dia 5 de Agosto de 2016, algures na Taipa. Carrick foi trazido para a Anima e examinado pelo nosso veterin\u00e1rio. A sua vista direita lacrimejava e tinha ringworm espalhado por todo o corpo. Ficou temporariamente com a nossa supervisora de gatos Sra. Apeng para tomar a medicamenta\u00e7\u00e3o e para ser vigiado. Regressou depois ao local onde vivia no dia 6 de Agosto de 2016 e de novo para a Anima no dia 23 de Agosto para se candidatar a adop\u00e7\u00e3o. Carrick foi adoptado no dia 18 de Setembro de 2016. O adoptante desculpou-se agora, dizendo que tinha os pais doentes e que necessitava de deixar Macau por um ano e n\u00e3o tinha com quem o deixar. Carrick est\u00e1 j\u00e1 connosco. O acto de adop\u00e7\u00e3o constitui uma&#8230;<\/p>\n","protected":false},"author":10,"featured_media":48309,"comment_status":"closed","ping_status":"open","sticky":false,"template":"","format":"gallery","meta":{"_acf_changed":false,"footnotes":""},"categories":[272,296,271],"tags":[],"class_list":["post-48540","post","type-post","status-publish","format-gallery","has-post-thumbnail","hentry","category-abandonados","category-animais-devolvidos","category-noticias","post_format-post-format-gallery"],"acf":[],"_links":{"self":[{"href":"https:\/\/www.animamacau.org\/pt-pt\/wp-json\/wp\/v2\/posts\/48540","targetHints":{"allow":["GET"]}}],"collection":[{"href":"https:\/\/www.animamacau.org\/pt-pt\/wp-json\/wp\/v2\/posts"}],"about":[{"href":"https:\/\/www.animamacau.org\/pt-pt\/wp-json\/wp\/v2\/types\/post"}],"author":[{"embeddable":true,"href":"https:\/\/www.animamacau.org\/pt-pt\/wp-json\/wp\/v2\/users\/10"}],"replies":[{"embeddable":true,"href":"https:\/\/www.animamacau.org\/pt-pt\/wp-json\/wp\/v2\/comments?post=48540"}],"version-history":[{"count":2,"href":"https:\/\/www.animamacau.org\/pt-pt\/wp-json\/wp\/v2\/posts\/48540\/revisions"}],"predecessor-version":[{"id":48542,"href":"https:\/\/www.animamacau.org\/pt-pt\/wp-json\/wp\/v2\/posts\/48540\/revisions\/48542"}],"wp:featuredmedia":[{"embeddable":true,"href":"https:\/\/www.animamacau.org\/pt-pt\/wp-json\/wp\/v2\/media\/48309"}],"wp:attachment":[{"href":"https:\/\/www.animamacau.org\/pt-pt\/wp-json\/wp\/v2\/media?parent=48540"}],"wp:term":[{"taxonomy":"category","embeddable":true,"href":"https:\/\/www.animamacau.org\/pt-pt\/wp-json\/wp\/v2\/categories?post=48540"},{"taxonomy":"post_tag","embeddable":true,"href":"https:\/\/www.animamacau.org\/pt-pt\/wp-json\/wp\/v2\/tags?post=48540"}],"curies":[{"name":"wp","href":"https:\/\/api.w.org\/{rel}","templated":true}]}}