{"id":48611,"date":"2017-02-19T06:11:43","date_gmt":"2017-02-19T06:11:43","guid":{"rendered":"http:\/\/animamacau.org\/\/sem-categoria\/ludwigs-fund-2017-fundraising-for-homeless-animals-2\/"},"modified":"2017-02-20T06:36:03","modified_gmt":"2017-02-20T06:36:03","slug":"ludwigs-fund-2017-fundraising-for-homeless-animals","status":"publish","type":"post","link":"https:\/\/www.animamacau.org\/pt-pt\/ludwigs-fund-2017-fundraising-for-homeless-animals\/","title":{"rendered":"Ludwig\u2019s Fund-Angaria\u00e7\u00e3o de fundos p\/animais de rua!"},"content":{"rendered":"\n\t\t<style type=\"text\/css\">\n\t\t\t#gallery-2 {\n\t\t\t\tmargin: auto;\n\t\t\t}\n\t\t\t#gallery-2 .gallery-item {\n\t\t\t\tfloat: left;\n\t\t\t\tmargin-top: 10px;\n\t\t\t\ttext-align: center;\n\t\t\t\twidth: 33%;\n\t\t\t}\n\t\t\t#gallery-2 img {\n\t\t\t\tborder: 2px solid #cfcfcf;\n\t\t\t}\n\t\t\t#gallery-2 .gallery-caption {\n\t\t\t\tmargin-left: 0;\n\t\t\t}\n\t\t\t\/* see gallery_shortcode() in wp-includes\/media.php *\/\n\t\t<\/style>\n\t\t<div id='gallery-2' class='gallery galleryid-48611 gallery-columns-3 gallery-size-thumbnail'><dl class='gallery-item'>\n\t\t\t<dt class='gallery-icon landscape'>\n\t\t\t\t<a href='https:\/\/www.animamacau.org\/pt-pt\/ludwigs-fund-2017-fundraising-for-homeless-animals\/2017-fundraising-for-homeless-animals-poster-1-3\/'><img loading=\"lazy\" decoding=\"async\" width=\"150\" height=\"150\" src=\"https:\/\/www.animamacau.org\/wp-content\/uploads\/2017\/02\/2017-Fundraising-for-homeless-animals-poster-1-150x150.png\" class=\"attachment-thumbnail size-thumbnail\" alt=\"\" \/><\/a>\n\t\t\t<\/dt><\/dl><dl class='gallery-item'>\n\t\t\t<dt class='gallery-icon landscape'>\n\t\t\t\t<a href='https:\/\/www.animamacau.org\/pt-pt\/ludwigs-fund-2017-fundraising-for-homeless-animals\/2017-fundraising-for-homeless-animals-pt-1\/'><img loading=\"lazy\" decoding=\"async\" width=\"150\" height=\"150\" src=\"https:\/\/www.animamacau.org\/wp-content\/uploads\/2017\/02\/2017-Fundraising-for-homeless-animals-PT-1-150x150.png\" class=\"attachment-thumbnail size-thumbnail\" alt=\"\" \/><\/a>\n\t\t\t<\/dt><\/dl><dl class='gallery-item'>\n\t\t\t<dt class='gallery-icon landscape'>\n\t\t\t\t<a href='https:\/\/www.animamacau.org\/pt-pt\/ludwigs-fund-2017-fundraising-for-homeless-animals\/2017-fundraising-for-homeless-animals-pt-2\/'><img loading=\"lazy\" decoding=\"async\" width=\"150\" height=\"150\" src=\"https:\/\/www.animamacau.org\/wp-content\/uploads\/2017\/02\/2017-Fundraising-for-homeless-animals-PT-2-150x150.png\" class=\"attachment-thumbnail size-thumbnail\" alt=\"\" \/><\/a>\n\t\t\t<\/dt><\/dl><br style=\"clear: both\" \/>\n\t\t<\/div>\n\n<p><em><strong>Quanto mais der\u2026 mais podemos ajudar!<\/strong><\/em><br \/>\n(breve apresenta\u00e7\u00e3o)<\/p>\n<p><span style=\"color: #ff0000\"><strong>A Comiss\u00e3o da Anima para o Programa de Protec\u00e7\u00e3o Especial (Special Protection Programme \u2013 SPP) realizar\u00e1 a sua \u201cangaria\u00e7\u00e3o anual de fundos para os animais de rua\u201d &#8211; Ludwig\u2019s Fund &#8211; de 8 de Janeiro a 19 de Maio de 2017.<\/strong><\/span><\/p>\n<p><span style=\"color: #0000ff\"><strong>Esta \u00e9 a nossa 10\u00aa edi\u00e7\u00e3o e esperamos poder contar com muitas mais!<\/strong><\/span><\/p>\n<p>O nosso objectivo \u00e9 angariar Fundos a fim de apoiar e aliviar o sofrimento dos que mais precisam. Os servi\u00e7os oferecidos s\u00e3o a Esteriliza\u00e7\u00e3o, Cuidados Veterin\u00e1rios e Oferta de Alimentos! Para tanto\u2026 contamos com a vossa generosidade \u2013 AJUDE-NOS A AJUDAR!<\/p>\n<p>O n\u00famero de Animais Abandonados aumenta de dia para dia, devido a v\u00e1rios factores nomeadamente o sem n\u00famero de locais de constru\u00e7\u00e3o onde h\u00e1 procria\u00e7\u00e3o descontrolada dos c\u00e3es (supostamente para guardar as obras, mas na realidade\u2026 para consumo dos trabalhadores); todos os que n\u00e3o s\u00e3o comidos \u2013 os \u201crestos\u201d \u2013 s\u00e3o pura e simplesmente deixados nos locais assim que as obras acabam! Uma outra raz\u00e3o \u00e9 o ABANDONO! Ter um c\u00e3o \u00e9 s\u00edmbolo de status social! Mas quando, por qualquer raz\u00e3o ou sem raz\u00e3o alguma, se fartam dessas Vidas Indefesas\u2026 estas s\u00e3o DESCARTADAS como lixo, independentemente do dinheiro gasto! Nunca se viu tanto animal abandonado, seja C\u00e3o, Gato, Coelho, Tartaruga, P\u00e1ssaro, etc\u2026 de qualquer esp\u00e9cie, tamanho ou idade!<\/p>\n<p>O PRINCIPAL CULPADO &#8211; as EMPRESAS DE CONSTRU\u00c7\u00c3O! TODOS OS ANIMAIS NOS TERRENOS DEVEM SER ESTERILIZADOS \/ CASTRADOS &amp; DADOS OS CUIDADOS ADEQUADOS (Alimenta\u00e7\u00e3o, Cuidados M\u00e9dicos, Abrigo, Licen\u00e7as, etc &#8230;) e para isso &#8230; a Lei de Prote\u00e7\u00e3o Animal pode ser a Solu\u00e7\u00e3o e Deve Ser Aplicada Sem Quaisquer Reservas! Sempre que &#8220;Veja Algo &#8230; Fa\u00e7a Algo!&#8221;<\/p>\n<p>Temos de mostrar aos pseudo-racionais de duas pernas \u2013 os ignorantes e os sem cora\u00e7\u00e3o -que Somos A Voz dos Sem Voz!<br \/>\nTenha em mente &#8230; n\u00e3o importa a esp\u00e9cie &#8230; eles tamb\u00e9m s\u00e3o criaturas sens\u00edveis!<\/p>\n<p>Embora a Lei de Prote\u00e7\u00e3o Animal seja um progresso na dire\u00e7\u00e3o certa, ainda h\u00e1 um longo caminho a percorrer. Esta Lei&#8230; em muitos aspectos&#8230; assemelha-se mais a uma Lei para a Prote\u00e7\u00e3o dos t\u00e3o proclamados animais racionais, mais conhecidos como Humanos. A Educa\u00e7\u00e3o C\u00edvica adequada \u00e9 INDISPENS\u00c1VEL!<\/p>\n<p>\u201cUm homem s\u00f3 \u00e9 verdadeiramente \u00e9tico, se obedecer \u00e0 obriga\u00e7\u00e3o de ajudar toda e qualquer vida e evitar ferir tudo o que tenha vida.\u201d (Albert Schweitzer, Pr\u00e9mio Nobel da Paz 1952)<\/p>\n<p>alivie o nosso sofrimento\u2026<\/p>\n<p>sentimos tamb\u00e9m fome e d\u00f4r\u2026<br \/>\n<span style=\"color: #0000ff\"><strong>PROTEJA \/ SOCORRA \/ ACOLHA \/ ADOPTE\u2026<\/strong><\/span><\/p>\n<p><span style=\"color: #0000ff\"><strong>SALVE UMA VIDA PRECIOSA!<\/strong><\/span><\/p>\n<p><em>com gratid\u00e3o,<\/em><br \/>\n<em>Gina Rangel<\/em><br \/>\n<em>Coordenadora <\/em><br \/>\n<em>Comiss\u00e3o para o PPE\/ SPP<\/em><br \/>\n<em>Macau, aos 8 de Janeiro de 2017<\/em><\/p>\n\n\t\t<style type=\"text\/css\">\n\t\t\t#gallery-4 {\n\t\t\t\tmargin: auto;\n\t\t\t}\n\t\t\t#gallery-4 .gallery-item {\n\t\t\t\tfloat: left;\n\t\t\t\tmargin-top: 10px;\n\t\t\t\ttext-align: center;\n\t\t\t\twidth: 33%;\n\t\t\t}\n\t\t\t#gallery-4 img {\n\t\t\t\tborder: 2px solid #cfcfcf;\n\t\t\t}\n\t\t\t#gallery-4 .gallery-caption {\n\t\t\t\tmargin-left: 0;\n\t\t\t}\n\t\t\t\/* see gallery_shortcode() in wp-includes\/media.php *\/\n\t\t<\/style>\n\t\t<div id='gallery-4' class='gallery galleryid-48611 gallery-columns-3 gallery-size-thumbnail'><dl class='gallery-item'>\n\t\t\t<dt class='gallery-icon landscape'>\n\t\t\t\t<a href='https:\/\/www.animamacau.org\/pt-pt\/ludwigs-fund-2017-fundraising-for-homeless-animals\/2017-fundraising-for-homeless-animals-en-1-3\/'><img loading=\"lazy\" decoding=\"async\" width=\"150\" height=\"150\" src=\"https:\/\/www.animamacau.org\/wp-content\/uploads\/2017\/02\/2017-Fundraising-for-homeless-animals-EN-1-150x150.png\" class=\"attachment-thumbnail size-thumbnail\" alt=\"\" \/><\/a>\n\t\t\t<\/dt><\/dl><dl class='gallery-item'>\n\t\t\t<dt class='gallery-icon landscape'>\n\t\t\t\t<a href='https:\/\/www.animamacau.org\/pt-pt\/ludwigs-fund-2017-fundraising-for-homeless-animals\/2017-fundraising-for-homeless-animals-en-2-3\/'><img loading=\"lazy\" decoding=\"async\" width=\"150\" height=\"150\" src=\"https:\/\/www.animamacau.org\/wp-content\/uploads\/2017\/02\/2017-Fundraising-for-homeless-animals-EN-2-150x150.png\" class=\"attachment-thumbnail size-thumbnail\" alt=\"\" \/><\/a>\n\t\t\t<\/dt><\/dl><dl class='gallery-item'>\n\t\t\t<dt class='gallery-icon landscape'>\n\t\t\t\t<a href='https:\/\/www.animamacau.org\/pt-pt\/ludwigs-fund-2017-fundraising-for-homeless-animals\/2017-fundraising-for-homeless-animals-poster-1-3\/'><img loading=\"lazy\" decoding=\"async\" width=\"150\" height=\"150\" src=\"https:\/\/www.animamacau.org\/wp-content\/uploads\/2017\/02\/2017-Fundraising-for-homeless-animals-poster-1-150x150.png\" class=\"attachment-thumbnail size-thumbnail\" alt=\"\" \/><\/a>\n\t\t\t<\/dt><\/dl><br style=\"clear: both\" \/>\n\t\t<\/div>\n\n<p><a href=\"http:\/\/animamacau.org\/\/wp-content\/uploads\/2017\/02\/2017-Fundraising-for-homeless-animals-poster.png\"><img loading=\"lazy\" decoding=\"async\" class=\"alignnone size-full wp-image-48606\" src=\"http:\/\/animamacau.org\/\/wp-content\/uploads\/2017\/02\/2017-Fundraising-for-homeless-animals-poster.png\" alt=\"2017 Fundraising for homeless animals-poster\" width=\"680\" height=\"792\" srcset=\"https:\/\/www.animamacau.org\/wp-content\/uploads\/2017\/02\/2017-Fundraising-for-homeless-animals-poster.png 680w, https:\/\/www.animamacau.org\/wp-content\/uploads\/2017\/02\/2017-Fundraising-for-homeless-animals-poster-258x300.png 258w\" sizes=\"auto, (max-width: 680px) 100vw, 680px\" \/><\/a><\/p>\n","protected":false},"excerpt":{"rendered":"<p>Quanto mais der\u2026 mais podemos ajudar! (breve apresenta\u00e7\u00e3o) A Comiss\u00e3o da Anima para o Programa de Protec\u00e7\u00e3o Especial (Special Protection Programme \u2013 SPP) realizar\u00e1 a sua \u201cangaria\u00e7\u00e3o anual de fundos para os animais de rua\u201d &#8211; Ludwig\u2019s Fund &#8211; de 8 de Janeiro a 19 de Maio de 2017. Esta \u00e9 a nossa 10\u00aa edi\u00e7\u00e3o e esperamos poder contar com muitas mais! O nosso objectivo \u00e9 angariar Fundos a fim de apoiar e aliviar o sofrimento dos que mais precisam. Os servi\u00e7os oferecidos s\u00e3o a Esteriliza\u00e7\u00e3o, Cuidados Veterin\u00e1rios e Oferta de Alimentos! Para tanto\u2026 contamos com a vossa generosidade \u2013 AJUDE-NOS A AJUDAR! O n\u00famero de Animais Abandonados aumenta de dia para dia, devido a v\u00e1rios factores nomeadamente o sem n\u00famero de locais de constru\u00e7\u00e3o onde h\u00e1 procria\u00e7\u00e3o descontrolada dos c\u00e3es (supostamente para guardar as obras, mas na realidade\u2026 para consumo dos trabalhadores); todos os&#8230;<\/p>\n","protected":false},"author":14,"featured_media":48599,"comment_status":"closed","ping_status":"open","sticky":false,"template":"","format":"gallery","meta":{"_acf_changed":false,"footnotes":""},"categories":[267,276,265],"tags":[],"class_list":["post-48611","post","type-post","status-publish","format-gallery","has-post-thumbnail","hentry","category-campanhas","category-campanhas-anima","category-eventos","post_format-post-format-gallery"],"acf":[],"_links":{"self":[{"href":"https:\/\/www.animamacau.org\/pt-pt\/wp-json\/wp\/v2\/posts\/48611","targetHints":{"allow":["GET"]}}],"collection":[{"href":"https:\/\/www.animamacau.org\/pt-pt\/wp-json\/wp\/v2\/posts"}],"about":[{"href":"https:\/\/www.animamacau.org\/pt-pt\/wp-json\/wp\/v2\/types\/post"}],"author":[{"embeddable":true,"href":"https:\/\/www.animamacau.org\/pt-pt\/wp-json\/wp\/v2\/users\/14"}],"replies":[{"embeddable":true,"href":"https:\/\/www.animamacau.org\/pt-pt\/wp-json\/wp\/v2\/comments?post=48611"}],"version-history":[{"count":4,"href":"https:\/\/www.animamacau.org\/pt-pt\/wp-json\/wp\/v2\/posts\/48611\/revisions"}],"predecessor-version":[{"id":48768,"href":"https:\/\/www.animamacau.org\/pt-pt\/wp-json\/wp\/v2\/posts\/48611\/revisions\/48768"}],"wp:featuredmedia":[{"embeddable":true,"href":"https:\/\/www.animamacau.org\/pt-pt\/wp-json\/wp\/v2\/media\/48599"}],"wp:attachment":[{"href":"https:\/\/www.animamacau.org\/pt-pt\/wp-json\/wp\/v2\/media?parent=48611"}],"wp:term":[{"taxonomy":"category","embeddable":true,"href":"https:\/\/www.animamacau.org\/pt-pt\/wp-json\/wp\/v2\/categories?post=48611"},{"taxonomy":"post_tag","embeddable":true,"href":"https:\/\/www.animamacau.org\/pt-pt\/wp-json\/wp\/v2\/tags?post=48611"}],"curies":[{"name":"wp","href":"https:\/\/api.w.org\/{rel}","templated":true}]}}