{"id":49591,"date":"2017-02-18T03:34:53","date_gmt":"2017-02-18T03:34:53","guid":{"rendered":"http:\/\/animamacau.org\/\/sem-categoria\/anima-february-sad-news-982-zima-2\/"},"modified":"2017-03-04T07:59:40","modified_gmt":"2017-03-04T07:59:40","slug":"anima-february-sad-news-982-zima","status":"publish","type":"post","link":"https:\/\/www.animamacau.org\/pt-pt\/anima-february-sad-news-982-zima\/","title":{"rendered":"Anima \u2013 Not\u00edcias Tristes de Fevereiro (982-Zima)!"},"content":{"rendered":"<p><strong>&lt;18-02-2017&gt;<\/strong><br \/>\n<span style=\"color: #ff0000\">982-Zima (F), foi resgatada pela Anima no dia 14 de Fevereiro de 2013, com uma idade estimada de 4,5 anos de idade, depois de uma chamada da Sra. Eszter, informando que um c\u00e3o fora encontrado em Ka-Ho.<\/span><br \/>\n<span style=\"color: #ff0000\">Zima estava a emagrecer desde h\u00e1 algumas semanas. <\/span><br \/>\n<span style=\"color: #ff0000\">Foi-lhe diagnosticada uma fal\u00eancia renal.<\/span><br \/>\n<span style=\"color: #ff0000\">Estava muito fraca, desidratada e magra.<\/span><br \/>\n<span style=\"color: #ff0000\">Vomitava e tinha diarreia com sangue desde h\u00e1 dois dias.<\/span><br \/>\n<span style=\"color: #ff0000\">Estava em sofrimento j\u00e1!<\/span><br \/>\n<span style=\"color: #ff0000\">Como \u00e9 habitual, o veterin\u00e1rio foi consultado primeiro, aconselhou a eutan\u00e1sia porque nada se conseguia fazer para que ela deixasse de sofrer, e dois membros da Direc\u00e7\u00e3o da Anima aprovaram p\u00f4-la a dormir.<\/span><br \/>\n<span style=\"color: #ff0000\">A \u00faltima decis\u00e3o pertence sempre ao Presidente da Anima e nunca \u00e9 uma decis\u00e3o f\u00e1cil de tomar.<\/span><\/p>\n<p><span style=\"color: #000000\"><em><strong>Descansa em paz minha amiga!<\/strong><\/em><\/span><br \/>\n<span style=\"color: #000000\"><em><strong>Nunca abandone o seu animal de estima\u00e7\u00e3o! Abandonar um animal de estima\u00e7\u00e3o devia ser crime!<\/strong><\/em><\/span><\/p>\n<p>&nbsp;<\/p>\n<p>&nbsp;<br \/>\n<span style=\"color: #ff0000\"><em>Ajude-nos doando para:<\/em> <\/span><br \/>\n<span style=\"color: #ff0000\"><strong>ANIMA \u2013 Sociedade Protectora dos Animais de Macau<\/strong><\/span><br \/>\n<span style=\"color: #ff0000\">para as seguintes contas:<\/span><br \/>\n<span style=\"color: #ff0000\"><strong><span style=\"color: #0000ff\">Banco Nacional Ultramarino<\/span><\/strong>, MOP conta n\u00famero 9003472840<\/span><br \/>\n<span style=\"color: #ff0000\"><span style=\"color: #0000ff\"><strong>Banco da China,<\/strong><\/span> MOP conta n\u00famero 01-01-20-794318<\/span><br \/>\n<span style=\"color: #ff0000\"><span style=\"color: #0000ff\"><strong>ICBC<\/strong><\/span>, MOP conta n\u00famero 0119100200000960934<\/span><br \/>\n<span style=\"color: #ff0000\">(ICBC jetco, favor de n\u00e3o inserir os tr\u00eas primeiros d\u00edgitos)<\/span><br \/>\n<span style=\"color: #ff0000\"><span style=\"color: #0000ff\"><strong>Banco Tai Fung<\/strong><\/span>, MOP conta n\u00famero 201-1-10530-7<\/span><br \/>\n<span style=\"color: #ff0000\"><span style=\"color: #0000ff\"><strong>Banco Tai Fung<\/strong><\/span>, HKD conta n\u00famero 101-1-12983-3<\/span><br \/>\n<em><span style=\"color: #ff0000\">e informe-nos da sua doa\u00e7\u00e3o para anima@macau.ctm.net<\/span><\/em><\/p>\n","protected":false},"excerpt":{"rendered":"<p>&lt;18-02-2017&gt; 982-Zima (F), foi resgatada pela Anima no dia 14 de Fevereiro de 2013, com uma idade estimada de 4,5 anos de idade, depois de uma chamada da Sra. Eszter, informando que um c\u00e3o fora encontrado em Ka-Ho. Zima estava a emagrecer desde h\u00e1 algumas semanas. Foi-lhe diagnosticada uma fal\u00eancia renal. Estava muito fraca, desidratada e magra. Vomitava e tinha diarreia com sangue desde h\u00e1 dois dias. Estava em sofrimento j\u00e1! Como \u00e9 habitual, o veterin\u00e1rio foi consultado primeiro, aconselhou a eutan\u00e1sia porque nada se conseguia fazer para que ela deixasse de sofrer, e dois membros da Direc\u00e7\u00e3o da Anima aprovaram p\u00f4-la a dormir. A \u00faltima decis\u00e3o pertence sempre ao Presidente da Anima e nunca \u00e9 uma decis\u00e3o f\u00e1cil de tomar. Descansa em paz minha amiga! Nunca abandone o seu animal de estima\u00e7\u00e3o! Abandonar um animal de estima\u00e7\u00e3o devia ser crime! &nbsp; &nbsp; Ajude-nos doando&#8230;<\/p>\n","protected":false},"author":10,"featured_media":49183,"comment_status":"closed","ping_status":"open","sticky":false,"template":"","format":"standard","meta":{"_acf_changed":false,"footnotes":""},"categories":[280,271],"tags":[],"class_list":["post-49591","post","type-post","status-publish","format-standard","has-post-thumbnail","hentry","category-falecidos","category-noticias"],"acf":[],"_links":{"self":[{"href":"https:\/\/www.animamacau.org\/pt-pt\/wp-json\/wp\/v2\/posts\/49591","targetHints":{"allow":["GET"]}}],"collection":[{"href":"https:\/\/www.animamacau.org\/pt-pt\/wp-json\/wp\/v2\/posts"}],"about":[{"href":"https:\/\/www.animamacau.org\/pt-pt\/wp-json\/wp\/v2\/types\/post"}],"author":[{"embeddable":true,"href":"https:\/\/www.animamacau.org\/pt-pt\/wp-json\/wp\/v2\/users\/10"}],"replies":[{"embeddable":true,"href":"https:\/\/www.animamacau.org\/pt-pt\/wp-json\/wp\/v2\/comments?post=49591"}],"version-history":[{"count":2,"href":"https:\/\/www.animamacau.org\/pt-pt\/wp-json\/wp\/v2\/posts\/49591\/revisions"}],"predecessor-version":[{"id":49593,"href":"https:\/\/www.animamacau.org\/pt-pt\/wp-json\/wp\/v2\/posts\/49591\/revisions\/49593"}],"wp:featuredmedia":[{"embeddable":true,"href":"https:\/\/www.animamacau.org\/pt-pt\/wp-json\/wp\/v2\/media\/49183"}],"wp:attachment":[{"href":"https:\/\/www.animamacau.org\/pt-pt\/wp-json\/wp\/v2\/media?parent=49591"}],"wp:term":[{"taxonomy":"category","embeddable":true,"href":"https:\/\/www.animamacau.org\/pt-pt\/wp-json\/wp\/v2\/categories?post=49591"},{"taxonomy":"post_tag","embeddable":true,"href":"https:\/\/www.animamacau.org\/pt-pt\/wp-json\/wp\/v2\/tags?post=49591"}],"curies":[{"name":"wp","href":"https:\/\/api.w.org\/{rel}","templated":true}]}}