{"id":51931,"date":"2017-04-16T13:27:02","date_gmt":"2017-04-16T13:27:02","guid":{"rendered":"http:\/\/animamacau.org\/\/sem-categoria\/anima-april-rescue-1872-porche-2\/"},"modified":"2017-04-17T02:00:47","modified_gmt":"2017-04-17T02:00:47","slug":"anima-april-rescue-1872-porche","status":"publish","type":"post","link":"https:\/\/www.animamacau.org\/pt-pt\/anima-april-rescue-1872-porche\/","title":{"rendered":"Anima\u2013Resgate de Abril (1872-Porche)!"},"content":{"rendered":"<p><strong>&lt;16-04-2017&gt;<\/strong><\/p>\n<p><span style=\"color: #0000ff\"><em><strong>Veja como estava Porche e como est\u00e1 agora depois de um bando e de um corte total de p\u00ealo!<\/strong><\/em><\/span><\/p>\n<p><strong><em><span style=\"color: #ff0000\"><span style=\"color: #0000ff\">1872-Porche (M), com cerca de dois anos de idade, foi resgatado pela Anima, no dia 16 de Abril de 2017, depois de uma chamada da Sra. Leong informando que um c\u00e3o pastor ingl\u00eas fora encontrado no Parque Industrial da Conc\u00f3rdia.<\/span> <\/span><\/em><\/strong><br \/>\n<span style=\"color: #ff0000\">Tinha um colar vermelho, n\u00e3o tinha microchip, estava muito sujo e todo encharcado e o p\u00ealo estava todo emaranhado. <\/span><br \/>\n<span style=\"color: #ff0000\">Foi verificado pelo nosso veterin\u00e1rio e desparasitado.<\/span><br \/>\n<span style=\"color: #ff0000\">Est\u00e1 agora no abrigo G-1 da Anima.<\/span><br \/>\n<span style=\"color: #0000ff\"><em><strong>Obrigado Sra. Leong!<\/strong><\/em><\/span><br \/>\n<span style=\"color: #000000\"><em><strong><br \/>\nPor favor ajude-nos a ajud\u00e1-los! <\/strong><\/em><\/span><br \/>\n<span style=\"color: #000000\"><em><strong>Nunca abandone o seu animal de estima\u00e7\u00e3o! Abandonar um animal de estima\u00e7\u00e3o \u00e9 abandonar um membro da fam\u00edlia!<\/strong><\/em><\/span><\/p>\n<p>&nbsp;<\/p>\n<p>&nbsp;<\/p>\n<p>&nbsp;<br \/>\n<span style=\"color: #ff0000\"><em>Ajude-nos doando para:<\/em> <\/span><br \/>\n<strong><span style=\"color: #ff0000\">ANIMA \u2013 Sociedade Protectora dos Animais de Macau<\/span><\/strong><br \/>\n<span style=\"color: #ff0000\">para as seguintes contas:<\/span><br \/>\n<span style=\"color: #ff0000\"><span style=\"color: #0000ff\"><strong>Banco Nacional Ultramarino,<\/strong><\/span> MOP conta n\u00famero 9003472840<\/span><br \/>\n<span style=\"color: #ff0000\"><span style=\"color: #0000ff\"><strong>Banco da China<\/strong><\/span>, MOP conta n\u00famero 01-01-20-794318<\/span><br \/>\n<span style=\"color: #ff0000\"><span style=\"color: #0000ff\"><strong>ICBC<\/strong><\/span>, MOP conta n\u00famero 0119100200000960934<\/span><br \/>\n<span style=\"color: #ff0000\">(ICBC jetco, favor de n\u00e3o inserir os tr\u00eas primeiros d\u00edgitos)<\/span><br \/>\n<span style=\"color: #ff0000\"><span style=\"color: #0000ff\"><strong>Banco Tai Fung<\/strong><\/span>, MOP conta n\u00famero 201-1-10530-7<\/span><br \/>\n<span style=\"color: #ff0000\"><span style=\"color: #0000ff\"><strong>Banco Tai Fung,<\/strong><\/span> HKD conta n\u00famero 101-1-12983-3<\/span><br \/>\n<em><span style=\"color: #ff0000\">e informe-nos da sua doa\u00e7\u00e3o para anima@macau.ctm.net<\/span><\/em><\/p>\n\n\t\t<style type=\"text\/css\">\n\t\t\t#gallery-2 {\n\t\t\t\tmargin: auto;\n\t\t\t}\n\t\t\t#gallery-2 .gallery-item {\n\t\t\t\tfloat: left;\n\t\t\t\tmargin-top: 10px;\n\t\t\t\ttext-align: center;\n\t\t\t\twidth: 33%;\n\t\t\t}\n\t\t\t#gallery-2 img {\n\t\t\t\tborder: 2px solid #cfcfcf;\n\t\t\t}\n\t\t\t#gallery-2 .gallery-caption {\n\t\t\t\tmargin-left: 0;\n\t\t\t}\n\t\t\t\/* see gallery_shortcode() in wp-includes\/media.php *\/\n\t\t<\/style>\n\t\t<div id='gallery-2' class='gallery galleryid-51931 gallery-columns-3 gallery-size-thumbnail'><dl class='gallery-item'>\n\t\t\t<dt class='gallery-icon landscape'>\n\t\t\t\t<a href='https:\/\/www.animamacau.org\/pt-pt\/anima-april-rescue-1872-porche\/1872-porsche-2-3\/'><img loading=\"lazy\" decoding=\"async\" width=\"150\" height=\"150\" src=\"https:\/\/www.animamacau.org\/wp-content\/uploads\/2017\/04\/1872-Porsche-2-150x150.jpg\" class=\"attachment-thumbnail size-thumbnail\" alt=\"\" \/><\/a>\n\t\t\t<\/dt><\/dl><dl class='gallery-item'>\n\t\t\t<dt class='gallery-icon landscape'>\n\t\t\t\t<a href='https:\/\/www.animamacau.org\/pt-pt\/anima-april-rescue-1872-porche\/1872-porche-4-3\/'><img loading=\"lazy\" decoding=\"async\" width=\"150\" height=\"150\" src=\"https:\/\/www.animamacau.org\/wp-content\/uploads\/2017\/04\/1872-Porche-4-150x150.jpeg\" class=\"attachment-thumbnail size-thumbnail\" alt=\"\" \/><\/a>\n\t\t\t<\/dt><\/dl><dl class='gallery-item'>\n\t\t\t<dt class='gallery-icon landscape'>\n\t\t\t\t<a href='https:\/\/www.animamacau.org\/pt-pt\/anima-april-rescue-1872-porche\/1872-porsche-4\/'><img loading=\"lazy\" decoding=\"async\" width=\"150\" height=\"150\" src=\"https:\/\/www.animamacau.org\/wp-content\/uploads\/2017\/04\/1872-Porsche-150x150.jpg\" class=\"attachment-thumbnail size-thumbnail\" alt=\"\" \/><\/a>\n\t\t\t<\/dt><\/dl><br style=\"clear: both\" \/><dl class='gallery-item'>\n\t\t\t<dt class='gallery-icon landscape'>\n\t\t\t\t<a href='https:\/\/www.animamacau.org\/pt-pt\/anima-april-rescue-1872-porche\/1872-porsche-3-2-3\/'><img loading=\"lazy\" decoding=\"async\" width=\"150\" height=\"150\" src=\"https:\/\/www.animamacau.org\/wp-content\/uploads\/2017\/04\/1872-Porsche-3-150x150.jpg\" class=\"attachment-thumbnail size-thumbnail\" alt=\"\" \/><\/a>\n\t\t\t<\/dt><\/dl>\n\t\t\t<br style='clear: both' \/>\n\t\t<\/div>\n\n","protected":false},"excerpt":{"rendered":"<p>&lt;16-04-2017&gt; Veja como estava Porche e como est\u00e1 agora depois de um bando e de um corte total de p\u00ealo! 1872-Porche (M), com cerca de dois anos de idade, foi resgatado pela Anima, no dia 16 de Abril de 2017, depois de uma chamada da Sra. Leong informando que um c\u00e3o pastor ingl\u00eas fora encontrado no Parque Industrial da Conc\u00f3rdia. Tinha um colar vermelho, n\u00e3o tinha microchip, estava muito sujo e todo encharcado e o p\u00ealo estava todo emaranhado. Foi verificado pelo nosso veterin\u00e1rio e desparasitado. Est\u00e1 agora no abrigo G-1 da Anima. Obrigado Sra. Leong! Por favor ajude-nos a ajud\u00e1-los! Nunca abandone o seu animal de estima\u00e7\u00e3o! Abandonar um animal de estima\u00e7\u00e3o \u00e9 abandonar um membro da fam\u00edlia! &nbsp; &nbsp; &nbsp; Ajude-nos doando para: ANIMA \u2013 Sociedade Protectora dos Animais de Macau para as seguintes contas: Banco Nacional Ultramarino, MOP conta n\u00famero 9003472840 Banco&#8230;<\/p>\n","protected":false},"author":14,"featured_media":51884,"comment_status":"closed","ping_status":"open","sticky":false,"template":"","format":"gallery","meta":{"_acf_changed":false,"footnotes":""},"categories":[295,271],"tags":[],"class_list":["post-51931","post","type-post","status-publish","format-gallery","has-post-thumbnail","hentry","category-animais-resgatados","category-noticias","post_format-post-format-gallery"],"acf":[],"_links":{"self":[{"href":"https:\/\/www.animamacau.org\/pt-pt\/wp-json\/wp\/v2\/posts\/51931","targetHints":{"allow":["GET"]}}],"collection":[{"href":"https:\/\/www.animamacau.org\/pt-pt\/wp-json\/wp\/v2\/posts"}],"about":[{"href":"https:\/\/www.animamacau.org\/pt-pt\/wp-json\/wp\/v2\/types\/post"}],"author":[{"embeddable":true,"href":"https:\/\/www.animamacau.org\/pt-pt\/wp-json\/wp\/v2\/users\/14"}],"replies":[{"embeddable":true,"href":"https:\/\/www.animamacau.org\/pt-pt\/wp-json\/wp\/v2\/comments?post=51931"}],"version-history":[{"count":2,"href":"https:\/\/www.animamacau.org\/pt-pt\/wp-json\/wp\/v2\/posts\/51931\/revisions"}],"predecessor-version":[{"id":51933,"href":"https:\/\/www.animamacau.org\/pt-pt\/wp-json\/wp\/v2\/posts\/51931\/revisions\/51933"}],"wp:featuredmedia":[{"embeddable":true,"href":"https:\/\/www.animamacau.org\/pt-pt\/wp-json\/wp\/v2\/media\/51884"}],"wp:attachment":[{"href":"https:\/\/www.animamacau.org\/pt-pt\/wp-json\/wp\/v2\/media?parent=51931"}],"wp:term":[{"taxonomy":"category","embeddable":true,"href":"https:\/\/www.animamacau.org\/pt-pt\/wp-json\/wp\/v2\/categories?post=51931"},{"taxonomy":"post_tag","embeddable":true,"href":"https:\/\/www.animamacau.org\/pt-pt\/wp-json\/wp\/v2\/tags?post=51931"}],"curies":[{"name":"wp","href":"https:\/\/api.w.org\/{rel}","templated":true}]}}