{"id":52810,"date":"2017-04-28T01:31:10","date_gmt":"2017-04-28T01:31:10","guid":{"rendered":"http:\/\/animamacau.org\/\/sem-categoria\/anima-april-rescue-sppc1497-and-sppc1498-2\/"},"modified":"2017-04-30T06:06:44","modified_gmt":"2017-04-30T06:06:44","slug":"anima-april-rescue-sppc1497-and-sppc1498","status":"publish","type":"post","link":"https:\/\/www.animamacau.org\/pt-pt\/anima-april-rescue-sppc1497-and-sppc1498\/","title":{"rendered":"Anima \u2013 Resgate de Abril (SPPC1497 e SPPC1498)!"},"content":{"rendered":"<p><strong>&lt;28-04-2017&gt;<\/strong><br \/>\n<span style=\"color: #0000ff\"><em><strong>SPPC1497-MJ (F) e SPPC1498-Bub (M) , todos com cerca de um m\u00eas e meio de idade, estavam sob o nosso Programa de Protec\u00e7\u00e3o Especial (PPE), depois de terem sido resgatados pela Anima atrav\u00e9s da Michele no dia 17 de Abril de 2017.<\/strong><\/em><\/span><br \/>\n<span style=\"color: #ff0000\">Foram examinados pelo nosso veterin\u00e1rio e desparasitados.<\/span><br \/>\n<span style=\"color: #ff0000\">Bub tinha uma infec\u00e7\u00e3o na vista.<\/span><br \/>\n<span style=\"color: #ff0000\">Depois de terem sido medicados, regressaram \u00e0 origem e ficaram em fam\u00edlia de acolhimento com a Michele.<\/span><br \/>\n<span style=\"color: #0000ff\"><em><strong>No dia 28 de Abril de 2017, vieram para consulta e ficaram connosco no Para\u00edso dos Gatos para adop\u00e7\u00e3o.<\/strong><\/em><\/span><br \/>\n<span style=\"color: #0000ff\"><em><strong>Obrigado Michele!<\/strong><\/em><\/span><br \/>\n<em><strong><span style=\"color: #ff0000\"><br \/>\n<span style=\"color: #000000\">Por favor ajude-nos a ajud\u00e1-los!<\/span><\/span><\/strong><\/em><br \/>\n<span style=\"color: #000000\"><em><strong>N\u00e3o seja cruel para com os animais! A crueldade devia ser fortemente punida!<\/strong><\/em><\/span><\/p>\n<p>&nbsp;<\/p>\n<p>&nbsp;<\/p>\n<p>&nbsp;<\/p>\n<p><span style=\"color: #ff0000\"><em>Ajude-nos doando para:<\/em> <\/span><br \/>\n<strong><span style=\"color: #ff0000\">ANIMA \u2013 Sociedade Protectora dos Animais de Macau<\/span><\/strong><br \/>\n<span style=\"color: #ff0000\">para as seguintes contas:<\/span><br \/>\n<span style=\"color: #ff0000\"><span style=\"color: #0000ff\"><strong>Banco Nacional Ultramarino<\/strong><\/span>, MOP conta n\u00famero 9003472840<\/span><br \/>\n<span style=\"color: #ff0000\"><span style=\"color: #0000ff\"><strong>Banco da China<\/strong><\/span>, MOP conta n\u00famero 01-01-20-794318<\/span><br \/>\n<span style=\"color: #ff0000\"><span style=\"color: #0000ff\"><strong>ICBC,<\/strong> <\/span>MOP conta n\u00famero 0119100200000960934<\/span><br \/>\n<span style=\"color: #ff0000\">(ICBC jetco, favor de n\u00e3o inserir os tr\u00eas primeiros d\u00edgitos)<\/span><br \/>\n<span style=\"color: #ff0000\"><span style=\"color: #0000ff\"><strong>Banco Tai Fung<\/strong><\/span>, MOP conta n\u00famero 201-1-10530-7<\/span><br \/>\n<span style=\"color: #ff0000\"><span style=\"color: #0000ff\"><strong>Banco Tai Fung<\/strong><\/span>, HKD conta n\u00famero 101-1-12983-3<\/span><br \/>\n<em><span style=\"color: #ff0000\">e informe-nos da sua doa\u00e7\u00e3o para anima@macau.ctm.net ou info@animamacau.org<\/span><\/em><\/p>\n<p>&nbsp;<\/p>\n<p>&nbsp;<\/p>\n\n\t\t<style type=\"text\/css\">\n\t\t\t#gallery-2 {\n\t\t\t\tmargin: auto;\n\t\t\t}\n\t\t\t#gallery-2 .gallery-item {\n\t\t\t\tfloat: left;\n\t\t\t\tmargin-top: 10px;\n\t\t\t\ttext-align: center;\n\t\t\t\twidth: 33%;\n\t\t\t}\n\t\t\t#gallery-2 img {\n\t\t\t\tborder: 2px solid #cfcfcf;\n\t\t\t}\n\t\t\t#gallery-2 .gallery-caption {\n\t\t\t\tmargin-left: 0;\n\t\t\t}\n\t\t\t\/* see gallery_shortcode() in wp-includes\/media.php *\/\n\t\t<\/style>\n\t\t<div id='gallery-2' class='gallery galleryid-52810 gallery-columns-3 gallery-size-thumbnail'><dl class='gallery-item'>\n\t\t\t<dt class='gallery-icon landscape'>\n\t\t\t\t<a href='https:\/\/www.animamacau.org\/pt-pt\/april-rescue-and-new-cats-under-spp-sppc1497-sppc1498\/sppc1497-mj-and-sppc1498-bub-3\/'><img loading=\"lazy\" decoding=\"async\" width=\"150\" height=\"150\" src=\"https:\/\/www.animamacau.org\/wp-content\/uploads\/2017\/04\/SPPC1497-MJ-and-SPPC1498-Bub-150x150.jpg\" class=\"attachment-thumbnail size-thumbnail\" alt=\"\" \/><\/a>\n\t\t\t<\/dt><\/dl><dl class='gallery-item'>\n\t\t\t<dt class='gallery-icon landscape'>\n\t\t\t\t<a href='https:\/\/www.animamacau.org\/pt-pt\/anima-april-rescue-sppc1497-and-sppc1498\/sppc1497-mj-and-sppc1498-bub-2-2-3\/'><img loading=\"lazy\" decoding=\"async\" width=\"150\" height=\"150\" src=\"https:\/\/www.animamacau.org\/wp-content\/uploads\/2017\/04\/SPPC1497-MJ-and-SPPC1498-Bub-2-150x150.jpg\" class=\"attachment-thumbnail size-thumbnail\" alt=\"\" \/><\/a>\n\t\t\t<\/dt><\/dl>\n\t\t\t<br style='clear: both' \/>\n\t\t<\/div>\n\n<p><a href=\"http:\/\/animamacau.org\/\/wp-content\/uploads\/2017\/04\/SPPC1497-MJ-and-SPPC1498-Bub-11.jpg\"><img loading=\"lazy\" decoding=\"async\" class=\"alignnone size-full wp-image-52746\" src=\"http:\/\/animamacau.org\/\/wp-content\/uploads\/2017\/04\/SPPC1497-MJ-and-SPPC1498-Bub-11.jpg\" alt=\"SPPC1497-MJ and SPPC1498-Bub (11)\" width=\"768\" height=\"1024\" srcset=\"https:\/\/www.animamacau.org\/wp-content\/uploads\/2017\/04\/SPPC1497-MJ-and-SPPC1498-Bub-11.jpg 768w, https:\/\/www.animamacau.org\/wp-content\/uploads\/2017\/04\/SPPC1497-MJ-and-SPPC1498-Bub-11-225x300.jpg 225w\" sizes=\"auto, (max-width: 768px) 100vw, 768px\" \/><\/a><\/p>\n","protected":false},"excerpt":{"rendered":"<p>&lt;28-04-2017&gt; SPPC1497-MJ (F) e SPPC1498-Bub (M) , todos com cerca de um m\u00eas e meio de idade, estavam sob o nosso Programa de Protec\u00e7\u00e3o Especial (PPE), depois de terem sido resgatados pela Anima atrav\u00e9s da Michele no dia 17 de Abril de 2017. Foram examinados pelo nosso veterin\u00e1rio e desparasitados. Bub tinha uma infec\u00e7\u00e3o na vista. Depois de terem sido medicados, regressaram \u00e0 origem e ficaram em fam\u00edlia de acolhimento com a Michele. No dia 28 de Abril de 2017, vieram para consulta e ficaram connosco no Para\u00edso dos Gatos para adop\u00e7\u00e3o. Obrigado Michele! Por favor ajude-nos a ajud\u00e1-los! N\u00e3o seja cruel para com os animais! A crueldade devia ser fortemente punida! &nbsp; &nbsp; &nbsp; Ajude-nos doando para: ANIMA \u2013 Sociedade Protectora dos Animais de Macau para as seguintes contas: Banco Nacional Ultramarino, MOP conta n\u00famero 9003472840 Banco da China, MOP conta n\u00famero 01-01-20-794318 ICBC,&#8230;<\/p>\n","protected":false},"author":14,"featured_media":52751,"comment_status":"closed","ping_status":"open","sticky":false,"template":"","format":"gallery","meta":{"_acf_changed":false,"footnotes":""},"categories":[295,271],"tags":[],"class_list":["post-52810","post","type-post","status-publish","format-gallery","has-post-thumbnail","hentry","category-animais-resgatados","category-noticias","post_format-post-format-gallery"],"acf":[],"_links":{"self":[{"href":"https:\/\/www.animamacau.org\/pt-pt\/wp-json\/wp\/v2\/posts\/52810","targetHints":{"allow":["GET"]}}],"collection":[{"href":"https:\/\/www.animamacau.org\/pt-pt\/wp-json\/wp\/v2\/posts"}],"about":[{"href":"https:\/\/www.animamacau.org\/pt-pt\/wp-json\/wp\/v2\/types\/post"}],"author":[{"embeddable":true,"href":"https:\/\/www.animamacau.org\/pt-pt\/wp-json\/wp\/v2\/users\/14"}],"replies":[{"embeddable":true,"href":"https:\/\/www.animamacau.org\/pt-pt\/wp-json\/wp\/v2\/comments?post=52810"}],"version-history":[{"count":2,"href":"https:\/\/www.animamacau.org\/pt-pt\/wp-json\/wp\/v2\/posts\/52810\/revisions"}],"predecessor-version":[{"id":52812,"href":"https:\/\/www.animamacau.org\/pt-pt\/wp-json\/wp\/v2\/posts\/52810\/revisions\/52812"}],"wp:featuredmedia":[{"embeddable":true,"href":"https:\/\/www.animamacau.org\/pt-pt\/wp-json\/wp\/v2\/media\/52751"}],"wp:attachment":[{"href":"https:\/\/www.animamacau.org\/pt-pt\/wp-json\/wp\/v2\/media?parent=52810"}],"wp:term":[{"taxonomy":"category","embeddable":true,"href":"https:\/\/www.animamacau.org\/pt-pt\/wp-json\/wp\/v2\/categories?post=52810"},{"taxonomy":"post_tag","embeddable":true,"href":"https:\/\/www.animamacau.org\/pt-pt\/wp-json\/wp\/v2\/tags?post=52810"}],"curies":[{"name":"wp","href":"https:\/\/api.w.org\/{rel}","templated":true}]}}