{"id":59000,"date":"2017-08-01T09:10:51","date_gmt":"2017-08-01T09:10:51","guid":{"rendered":"http:\/\/animamacau.org\/\/sem-categoria\/anima-august-sad-news-sppc1024-syd-2\/"},"modified":"2017-08-16T18:00:24","modified_gmt":"2017-08-16T18:00:24","slug":"anima-august-sad-news-sppc1024-syd","status":"publish","type":"post","link":"https:\/\/www.animamacau.org\/pt-pt\/anima-august-sad-news-sppc1024-syd\/","title":{"rendered":"Anima \u2013 Not\u00edcias Tristes de Agosto (SPPC1024-Syd)!"},"content":{"rendered":"<p><strong>&lt;01-08-2017&gt;<\/strong><br \/>\n<span style=\"color: #0000ff\"><em><strong>SPPC1024-Syd (M), estava sob o nosso Programa de Protec\u00e7\u00e3o Especial (PPE), desde 19 de Agosto de 2015, quando foi resgatado pela Anima com uma idade estimada de 1,5 anos, depois de uma chamada da Michele, informando que um gato havia sido encontrado na Taipa.<\/strong><\/em><\/span><br \/>\n<span style=\"color: #ff0000\">Syd foi de novo resgatado no dia 30 de Janeiro de 2017, pois a sua pata dianteira esquerda havia sido mordida por outros gatos e estava magoado.<\/span><br \/>\n<span style=\"color: #ff0000\">Esteve connosco sob tratamento at\u00e9 ficar recuperado.<\/span><br \/>\n<span style=\"color: #ff0000\">SPPC1024-Syd foi encontrado parado e com dificuldades em respirar alguns dias atr\u00e1s.<\/span><br \/>\n<span style=\"color: #ff0000\">Estava muito fraco e suspeit\u00e1mos que tivesse FIP \/PIF.<\/span><br \/>\n<span style=\"color: #0000ff\"><em><strong>Entrou em sofrimento e de acordo com as regras da Anima, depois de um parecer favor\u00e1vel de um veterin\u00e1rio e da aprova\u00e7\u00e3o de dois membros da Direc\u00e7\u00e3o, um dos quais o Presidente, que tem a \u00faltima decis\u00e3o, Syd foi posto a dormir.<\/strong><\/em><\/span><br \/>\n<em><strong><span style=\"color: #0000ff\">Descansa em Paz meu amigo!<\/span><\/strong><\/em><br \/>\n<span style=\"color: #000000\"><em><strong><br \/>\nPor favor ajude-nos a ajud\u00e1-los!<\/strong><\/em><\/span><br \/>\n<span style=\"color: #000000\"><em><strong>Nunca abandone o seu animal de estima\u00e7\u00e3o! Abandonar um animal de estima\u00e7\u00e3o \u00e9 abandonar um membro da fam\u00edlia!<\/strong><\/em><\/span><\/p>\n<p><span style=\"color: #ff0000\"><\/p>\n<p><em>Ajude-nos doando para:<\/em> <\/span><br \/>\n<strong><span style=\"color: #ff0000\">ANIMA \u2013 Sociedade Protectora dos Animais de Macau<\/span><\/strong><br \/>\n<span style=\"color: #ff0000\">para as seguintes contas:<\/span><br \/>\n<span style=\"color: #ff0000\"><span style=\"color: #0000ff\"><strong>Banco Nacional Ultramarino,<\/strong> <\/span>MOP conta n\u00famero 9003472840<\/span><br \/>\n<span style=\"color: #ff0000\"><strong><span style=\"color: #0000ff\">Banco da China<\/span><\/strong>, MOP conta n\u00famero 01-01-20-794318<\/span><br \/>\n<span style=\"color: #ff0000\"><span style=\"color: #0000ff\"><strong>ICBC,<\/strong><\/span> MOP conta n\u00famero 0119100200000960934<\/span><br \/>\n<span style=\"color: #ff0000\">(ICBC jetco, favor de n\u00e3o inserir os tr\u00eas primeiros d\u00edgitos)<\/span><br \/>\n<span style=\"color: #ff0000\"><span style=\"color: #0000ff\"><strong>Banco Tai Fung<\/strong><\/span>, MOP conta n\u00famero 201-1-10530-7<\/span><br \/>\n<span style=\"color: #ff0000\"><span style=\"color: #0000ff\"><strong>Banco Tai Fung<\/strong><\/span>, HKD conta n\u00famero 101-1-12983-3<\/span><br \/>\n<em><span style=\"color: #ff0000\">e informe-nos da sua doa\u00e7\u00e3o para anima@macau.ctm.net ou \u00a0<\/span><\/em><em><span style=\"color: #ff0000\">info@animamacau.org<\/span><\/em><\/p>\n","protected":false},"excerpt":{"rendered":"<p>&lt;01-08-2017&gt; SPPC1024-Syd (M), estava sob o nosso Programa de Protec\u00e7\u00e3o Especial (PPE), desde 19 de Agosto de 2015, quando foi resgatado pela Anima com uma idade estimada de 1,5 anos, depois de uma chamada da Michele, informando que um gato havia sido encontrado na Taipa. Syd foi de novo resgatado no dia 30 de Janeiro de 2017, pois a sua pata dianteira esquerda havia sido mordida por outros gatos e estava magoado. Esteve connosco sob tratamento at\u00e9 ficar recuperado. SPPC1024-Syd foi encontrado parado e com dificuldades em respirar alguns dias atr\u00e1s. Estava muito fraco e suspeit\u00e1mos que tivesse FIP \/PIF. Entrou em sofrimento e de acordo com as regras da Anima, depois de um parecer favor\u00e1vel de um veterin\u00e1rio e da aprova\u00e7\u00e3o de dois membros da Direc\u00e7\u00e3o, um dos quais o Presidente, que tem a \u00faltima decis\u00e3o, Syd foi posto a dormir. Descansa em Paz&#8230;<\/p>\n","protected":false},"author":10,"featured_media":48185,"comment_status":"closed","ping_status":"open","sticky":false,"template":"","format":"standard","meta":{"_acf_changed":false,"footnotes":""},"categories":[280,271],"tags":[],"class_list":["post-59000","post","type-post","status-publish","format-standard","has-post-thumbnail","hentry","category-falecidos","category-noticias"],"acf":[],"_links":{"self":[{"href":"https:\/\/www.animamacau.org\/pt-pt\/wp-json\/wp\/v2\/posts\/59000","targetHints":{"allow":["GET"]}}],"collection":[{"href":"https:\/\/www.animamacau.org\/pt-pt\/wp-json\/wp\/v2\/posts"}],"about":[{"href":"https:\/\/www.animamacau.org\/pt-pt\/wp-json\/wp\/v2\/types\/post"}],"author":[{"embeddable":true,"href":"https:\/\/www.animamacau.org\/pt-pt\/wp-json\/wp\/v2\/users\/10"}],"replies":[{"embeddable":true,"href":"https:\/\/www.animamacau.org\/pt-pt\/wp-json\/wp\/v2\/comments?post=59000"}],"version-history":[{"count":2,"href":"https:\/\/www.animamacau.org\/pt-pt\/wp-json\/wp\/v2\/posts\/59000\/revisions"}],"predecessor-version":[{"id":59002,"href":"https:\/\/www.animamacau.org\/pt-pt\/wp-json\/wp\/v2\/posts\/59000\/revisions\/59002"}],"wp:featuredmedia":[{"embeddable":true,"href":"https:\/\/www.animamacau.org\/pt-pt\/wp-json\/wp\/v2\/media\/48185"}],"wp:attachment":[{"href":"https:\/\/www.animamacau.org\/pt-pt\/wp-json\/wp\/v2\/media?parent=59000"}],"wp:term":[{"taxonomy":"category","embeddable":true,"href":"https:\/\/www.animamacau.org\/pt-pt\/wp-json\/wp\/v2\/categories?post=59000"},{"taxonomy":"post_tag","embeddable":true,"href":"https:\/\/www.animamacau.org\/pt-pt\/wp-json\/wp\/v2\/tags?post=59000"}],"curies":[{"name":"wp","href":"https:\/\/api.w.org\/{rel}","templated":true}]}}