{"id":59076,"date":"2017-08-04T03:06:15","date_gmt":"2017-08-04T03:06:15","guid":{"rendered":"http:\/\/animamacau.org\/\/sem-categoria\/anima-august-sad-news-c1532-judo-2\/"},"modified":"2017-08-18T10:21:02","modified_gmt":"2017-08-18T10:21:02","slug":"anima-august-sad-news-c1532-judo","status":"publish","type":"post","link":"https:\/\/www.animamacau.org\/pt-pt\/anima-august-sad-news-c1532-judo\/","title":{"rendered":"Anima\u2013Not\u00edcias Tristes de Agosto (C1532-Judo)!"},"content":{"rendered":"<p><strong>&lt;04-08-2017&gt;<\/strong><br \/>\n<span style=\"color: #0000ff\"><em><strong>C1532-Judo (M), com cerca de dois meses de idade, foi resgatado pela Anima no dia 10 de Maio de 2017, depois de uma chamada da Sra. Chou, informando que tinha encontrado Judo s\u00f3zinho na Cal\u00e7ada da Igreja de S\u00e3o L\u00e1zaro e precisava da nossa ajuda.<\/strong><\/em><\/span><br \/>\n<span style=\"color: #ff0000\">Judo foi examinado pelo nosso veterin\u00e1rio e tinha uma infec\u00e7\u00e3o respirat\u00f3ria.<\/span><br \/>\n<span style=\"color: #ff0000\">Foi desparasitado e trazido para o nosso Para\u00edso dos Gatos onde viveu at\u00e9 ser transferido para a nossa cl\u00ednica no dia 21 de Julho de 2017. <\/span><br \/>\n<span style=\"color: #ff0000\">Tinha tonturas, febre alta e uma infec\u00e7\u00e3o respirat\u00f3ria.<\/span><br \/>\n<span style=\"color: #ff0000\">Ficou sob observa\u00e7\u00e3o e medicamenta\u00e7\u00e3o desde essa data.<\/span><br \/>\n<span style=\"color: #ff0000\">Infelizmente que n\u00e3o sobreviveu.<\/span><br \/>\n<span style=\"color: #0000ff\"><em><strong>Descansa em Paz meu Amigo!<\/strong><\/em><\/span><br \/>\n<span style=\"color: #000000\"><em><strong>Por favor ajude-nos a ajud\u00e1-los!<\/strong><\/em><\/span><br \/>\n<span style=\"color: #000000\"><em><strong>Nunca abandone o seu animal de estima\u00e7\u00e3o! Abandonar um animal de estima\u00e7\u00e3o devia ser crime!<\/strong><\/em><\/span><\/p>\n<p>&nbsp;<\/p>\n<p>&nbsp;<\/p>\n<p>&nbsp;<\/p>\n<p><span style=\"color: #ff0000\"><em>Ajude-nos doando para:<\/em> <\/span><br \/>\n<strong><span style=\"color: #ff0000\">ANIMA \u2013 Sociedade Protectora dos Animais de Macau<\/span><\/strong><br \/>\n<span style=\"color: #ff0000\">para as seguintes contas:<\/span><br \/>\n<span style=\"color: #ff0000\"><span style=\"color: #0000ff\"><strong>Banco Nacional Ultramarino<\/strong><\/span>, MOP conta n\u00famero 9003472840<\/span><br \/>\n<span style=\"color: #ff0000\"><span style=\"color: #0000ff\"><strong>Banco da China,<\/strong><\/span> MOP conta n\u00famero 01-01-20-794318<\/span><br \/>\n<span style=\"color: #ff0000\"><span style=\"color: #0000ff\"><strong>ICBC<\/strong><\/span>, MOP conta n\u00famero 0119100200000960934<\/span><br \/>\n<span style=\"color: #ff0000\">(ICBC jetco, favor de n\u00e3o inserir os tr\u00eas primeiros d\u00edgitos)<\/span><br \/>\n<span style=\"color: #ff0000\"><span style=\"color: #0000ff\"><strong>Banco Tai Fung<\/strong><\/span>, MOP conta n\u00famero 201-1-10530-7<\/span><br \/>\n<span style=\"color: #ff0000\"><span style=\"color: #0000ff\"><strong>Banco Tai Fung,<\/strong><\/span> HKD conta n\u00famero 101-1-12983-3<\/span><br \/>\n<em><span style=\"color: #ff0000\">e informe-nos da sua doa\u00e7\u00e3o para anima@macau.ctm.net ou <\/span><span style=\"color: #ff0000\">info@animamacau.org<\/span><\/em><\/p>\n","protected":false},"excerpt":{"rendered":"<p>&lt;04-08-2017&gt; C1532-Judo (M), com cerca de dois meses de idade, foi resgatado pela Anima no dia 10 de Maio de 2017, depois de uma chamada da Sra. Chou, informando que tinha encontrado Judo s\u00f3zinho na Cal\u00e7ada da Igreja de S\u00e3o L\u00e1zaro e precisava da nossa ajuda. Judo foi examinado pelo nosso veterin\u00e1rio e tinha uma infec\u00e7\u00e3o respirat\u00f3ria. Foi desparasitado e trazido para o nosso Para\u00edso dos Gatos onde viveu at\u00e9 ser transferido para a nossa cl\u00ednica no dia 21 de Julho de 2017. Tinha tonturas, febre alta e uma infec\u00e7\u00e3o respirat\u00f3ria. Ficou sob observa\u00e7\u00e3o e medicamenta\u00e7\u00e3o desde essa data. Infelizmente que n\u00e3o sobreviveu. Descansa em Paz meu Amigo! Por favor ajude-nos a ajud\u00e1-los! Nunca abandone o seu animal de estima\u00e7\u00e3o! Abandonar um animal de estima\u00e7\u00e3o devia ser crime! &nbsp; &nbsp; &nbsp; Ajude-nos doando para: ANIMA \u2013 Sociedade Protectora dos Animais de Macau para as seguintes&#8230;<\/p>\n","protected":false},"author":10,"featured_media":53313,"comment_status":"closed","ping_status":"open","sticky":false,"template":"","format":"standard","meta":{"_acf_changed":false,"footnotes":""},"categories":[280,271],"tags":[],"class_list":["post-59076","post","type-post","status-publish","format-standard","has-post-thumbnail","hentry","category-falecidos","category-noticias"],"acf":[],"_links":{"self":[{"href":"https:\/\/www.animamacau.org\/pt-pt\/wp-json\/wp\/v2\/posts\/59076","targetHints":{"allow":["GET"]}}],"collection":[{"href":"https:\/\/www.animamacau.org\/pt-pt\/wp-json\/wp\/v2\/posts"}],"about":[{"href":"https:\/\/www.animamacau.org\/pt-pt\/wp-json\/wp\/v2\/types\/post"}],"author":[{"embeddable":true,"href":"https:\/\/www.animamacau.org\/pt-pt\/wp-json\/wp\/v2\/users\/10"}],"replies":[{"embeddable":true,"href":"https:\/\/www.animamacau.org\/pt-pt\/wp-json\/wp\/v2\/comments?post=59076"}],"version-history":[{"count":2,"href":"https:\/\/www.animamacau.org\/pt-pt\/wp-json\/wp\/v2\/posts\/59076\/revisions"}],"predecessor-version":[{"id":59078,"href":"https:\/\/www.animamacau.org\/pt-pt\/wp-json\/wp\/v2\/posts\/59076\/revisions\/59078"}],"wp:featuredmedia":[{"embeddable":true,"href":"https:\/\/www.animamacau.org\/pt-pt\/wp-json\/wp\/v2\/media\/53313"}],"wp:attachment":[{"href":"https:\/\/www.animamacau.org\/pt-pt\/wp-json\/wp\/v2\/media?parent=59076"}],"wp:term":[{"taxonomy":"category","embeddable":true,"href":"https:\/\/www.animamacau.org\/pt-pt\/wp-json\/wp\/v2\/categories?post=59076"},{"taxonomy":"post_tag","embeddable":true,"href":"https:\/\/www.animamacau.org\/pt-pt\/wp-json\/wp\/v2\/tags?post=59076"}],"curies":[{"name":"wp","href":"https:\/\/api.w.org\/{rel}","templated":true}]}}