{"id":59097,"date":"2017-08-05T04:18:05","date_gmt":"2017-08-05T04:18:05","guid":{"rendered":"http:\/\/animamacau.org\/\/sem-categoria\/anima-august-sad-news-c1639-troy-2\/"},"modified":"2017-08-19T14:22:17","modified_gmt":"2017-08-19T14:22:17","slug":"anima-august-sad-news-c1639-troy","status":"publish","type":"post","link":"https:\/\/www.animamacau.org\/pt-pt\/anima-august-sad-news-c1639-troy\/","title":{"rendered":"Anima\u2013Not\u00edcias Tristes de Agosto (C1639-Troy)!"},"content":{"rendered":"<p><strong>&lt;05-08-2017&gt;<\/strong><br \/>\n<span style=\"color: #0000ff\"><em><strong>C1639-Troy (M), com cerca de um ano de idade, foi resgatado pela Anima no dia 5 de Agosto de 2017, depois de uma chamada do Sr. Si, informando que havia resgatado um gato h\u00e1 um m\u00eas e um amigo seu estava a tratar dele temporariamente.<\/strong><\/em><\/span><br \/>\n<span style=\"color: #ff0000\">Pediu-nos ajuda pois, segundo ele, o seu amigo n\u00e3o tinha condi\u00e7\u00f5es para o manter.<\/span><br \/>\n<span style=\"color: #ff0000\">Troy foi examinado pelo nosso veterin\u00e1rio e deparasitado.<\/span><br \/>\n<span style=\"color: #ff0000\">Tinha uma gengivite, febre e ficou em quarentena no nosso Para\u00edso dos Gatos.<\/span><br \/>\n<span style=\"color: #0000ff\"><em><strong>Mais tarde verific\u00e1mos que tinha um incha\u00e7o junto \u00e0 dentadura inferior recusando-se a comer.<\/strong><\/em><\/span><br \/>\n<span style=\"color: #ff0000\">Foi tratado mas infelizmente n\u00e3o sobreviveu.<\/span><br \/>\n<span style=\"color: #000000\"><em><strong>Descansa em Paz meu Amigo!<\/strong><\/em><\/span><br \/>\n<span style=\"color: #000000\"><em><strong>Por favor ajude-nos a ajud\u00e1-los!<\/strong><\/em><\/span><br \/>\n<span style=\"color: #000000\"><em><strong>Nunca abandone o seu animal de estima\u00e7\u00e3o! Abandonar um animal de estima\u00e7\u00e3o devia ser crime!<\/strong><\/em><\/span><\/p>\n<p>&nbsp;<\/p>\n<p>&nbsp;<\/p>\n<p>&nbsp;<\/p>\n<p><span style=\"color: #ff0000\"><em>Ajude-nos doando para:<\/em> <\/span><br \/>\n<strong><span style=\"color: #ff0000\">ANIMA \u2013 Sociedade Protectora dos Animais de Macau<\/span><\/strong><br \/>\n<span style=\"color: #ff0000\">para as seguintes contas:<\/span><br \/>\n<span style=\"color: #ff0000\"><span style=\"color: #0000ff\"><strong>Banco Nacional Ultramarino<\/strong><\/span>, MOP conta n\u00famero 9003472840<\/span><br \/>\n<span style=\"color: #ff0000\"><span style=\"color: #0000ff\"><strong>Banco da China<\/strong><\/span>, MOP conta n\u00famero 01-01-20-794318<\/span><br \/>\n<span style=\"color: #ff0000\"><span style=\"color: #0000ff\"><strong>ICBC,<\/strong> <\/span>MOP conta n\u00famero 0119100200000960934<\/span><br \/>\n<span style=\"color: #ff0000\">(ICBC jetco, favor de n\u00e3o inserir os tr\u00eas primeiros d\u00edgitos)<\/span><br \/>\n<span style=\"color: #ff0000\"><span style=\"color: #0000ff\"><strong>Banco Tai Fung,<\/strong><\/span> MOP conta n\u00famero 201-1-10530-7<\/span><br \/>\n<span style=\"color: #ff0000\"><span style=\"color: #0000ff\"><strong>Banco Tai Fung<\/strong><\/span>, HKD conta n\u00famero 101-1-12983-3<\/span><br \/>\n<em><span style=\"color: #ff0000\">e informe-nos da sua doa\u00e7\u00e3o para anima@macau.ctm.net ou <\/span><span style=\"color: #ff0000\">info@animamacau.org<\/span><\/em><\/p>\n\n\t\t<style type=\"text\/css\">\n\t\t\t#gallery-2 {\n\t\t\t\tmargin: auto;\n\t\t\t}\n\t\t\t#gallery-2 .gallery-item {\n\t\t\t\tfloat: left;\n\t\t\t\tmargin-top: 10px;\n\t\t\t\ttext-align: center;\n\t\t\t\twidth: 33%;\n\t\t\t}\n\t\t\t#gallery-2 img {\n\t\t\t\tborder: 2px solid #cfcfcf;\n\t\t\t}\n\t\t\t#gallery-2 .gallery-caption {\n\t\t\t\tmargin-left: 0;\n\t\t\t}\n\t\t\t\/* see gallery_shortcode() in wp-includes\/media.php *\/\n\t\t<\/style>\n\t\t<div id='gallery-2' class='gallery galleryid-59097 gallery-columns-3 gallery-size-thumbnail'><dl class='gallery-item'>\n\t\t\t<dt class='gallery-icon landscape'>\n\t\t\t\t<a href='https:\/\/www.animamacau.org\/pt-pt\/anima-july-rescue-c1639-troy\/c1639-troy-3-3\/'><img loading=\"lazy\" decoding=\"async\" width=\"150\" height=\"150\" src=\"https:\/\/www.animamacau.org\/wp-content\/uploads\/2017\/07\/C1639-Troy-3-150x150.jpeg\" class=\"attachment-thumbnail size-thumbnail\" alt=\"\" \/><\/a>\n\t\t\t<\/dt><\/dl><dl class='gallery-item'>\n\t\t\t<dt class='gallery-icon landscape'>\n\t\t\t\t<a href='https:\/\/www.animamacau.org\/pt-pt\/anima-july-rescue-c1639-troy\/c1639-troy-4\/'><img loading=\"lazy\" decoding=\"async\" width=\"150\" height=\"150\" src=\"https:\/\/www.animamacau.org\/wp-content\/uploads\/2017\/07\/C1639-Troy-150x150.jpeg\" class=\"attachment-thumbnail size-thumbnail\" alt=\"\" \/><\/a>\n\t\t\t<\/dt><\/dl>\n\t\t\t<br style='clear: both' \/>\n\t\t<\/div>\n\n","protected":false},"excerpt":{"rendered":"<p>&lt;05-08-2017&gt; C1639-Troy (M), com cerca de um ano de idade, foi resgatado pela Anima no dia 5 de Agosto de 2017, depois de uma chamada do Sr. Si, informando que havia resgatado um gato h\u00e1 um m\u00eas e um amigo seu estava a tratar dele temporariamente. Pediu-nos ajuda pois, segundo ele, o seu amigo n\u00e3o tinha condi\u00e7\u00f5es para o manter. Troy foi examinado pelo nosso veterin\u00e1rio e deparasitado. Tinha uma gengivite, febre e ficou em quarentena no nosso Para\u00edso dos Gatos. Mais tarde verific\u00e1mos que tinha um incha\u00e7o junto \u00e0 dentadura inferior recusando-se a comer. Foi tratado mas infelizmente n\u00e3o sobreviveu. Descansa em Paz meu Amigo! Por favor ajude-nos a ajud\u00e1-los! Nunca abandone o seu animal de estima\u00e7\u00e3o! Abandonar um animal de estima\u00e7\u00e3o devia ser crime! &nbsp; &nbsp; &nbsp; Ajude-nos doando para: ANIMA \u2013 Sociedade Protectora dos Animais de Macau para as seguintes contas: Banco&#8230;<\/p>\n","protected":false},"author":10,"featured_media":56809,"comment_status":"closed","ping_status":"open","sticky":false,"template":"","format":"gallery","meta":{"_acf_changed":false,"footnotes":""},"categories":[280,271],"tags":[],"class_list":["post-59097","post","type-post","status-publish","format-gallery","has-post-thumbnail","hentry","category-falecidos","category-noticias","post_format-post-format-gallery"],"acf":[],"_links":{"self":[{"href":"https:\/\/www.animamacau.org\/pt-pt\/wp-json\/wp\/v2\/posts\/59097","targetHints":{"allow":["GET"]}}],"collection":[{"href":"https:\/\/www.animamacau.org\/pt-pt\/wp-json\/wp\/v2\/posts"}],"about":[{"href":"https:\/\/www.animamacau.org\/pt-pt\/wp-json\/wp\/v2\/types\/post"}],"author":[{"embeddable":true,"href":"https:\/\/www.animamacau.org\/pt-pt\/wp-json\/wp\/v2\/users\/10"}],"replies":[{"embeddable":true,"href":"https:\/\/www.animamacau.org\/pt-pt\/wp-json\/wp\/v2\/comments?post=59097"}],"version-history":[{"count":2,"href":"https:\/\/www.animamacau.org\/pt-pt\/wp-json\/wp\/v2\/posts\/59097\/revisions"}],"predecessor-version":[{"id":59099,"href":"https:\/\/www.animamacau.org\/pt-pt\/wp-json\/wp\/v2\/posts\/59097\/revisions\/59099"}],"wp:featuredmedia":[{"embeddable":true,"href":"https:\/\/www.animamacau.org\/pt-pt\/wp-json\/wp\/v2\/media\/56809"}],"wp:attachment":[{"href":"https:\/\/www.animamacau.org\/pt-pt\/wp-json\/wp\/v2\/media?parent=59097"}],"wp:term":[{"taxonomy":"category","embeddable":true,"href":"https:\/\/www.animamacau.org\/pt-pt\/wp-json\/wp\/v2\/categories?post=59097"},{"taxonomy":"post_tag","embeddable":true,"href":"https:\/\/www.animamacau.org\/pt-pt\/wp-json\/wp\/v2\/tags?post=59097"}],"curies":[{"name":"wp","href":"https:\/\/api.w.org\/{rel}","templated":true}]}}