{"id":59249,"date":"2017-08-09T01:55:01","date_gmt":"2017-08-09T01:55:01","guid":{"rendered":"http:\/\/animamacau.org\/\/sem-categoria\/anima-august-adoption-sppc1497-mj-2\/"},"modified":"2017-08-21T13:21:42","modified_gmt":"2017-08-21T13:21:42","slug":"anima-august-adoption-sppc1497-mj","status":"publish","type":"post","link":"https:\/\/www.animamacau.org\/pt-pt\/anima-august-adoption-sppc1497-mj\/","title":{"rendered":"Anima \u2013 Adop\u00e7\u00e3o de Agosto (SPPC1497-MJ)!"},"content":{"rendered":"<p><span style=\"color: #000000\"><strong>&lt;09-08-2017&gt;<\/strong><\/span><br \/>\n<span style=\"color: #0000ff\"><em><strong>MJ foi adoptada pelo Sr. Evans no dia 9 de Agosto de 2017!<\/strong><\/em><\/span><br \/>\n<span style=\"color: #ff0000\"><br \/>\nSPPC1497-MJ (F) e SPPC1498-Bub (M), todos com cerca de um m\u00eas e meio de idade, estavam sob o nosso Programa de Protec\u00e7\u00e3o Especial (PPE), depois de terem sido resgatados pela Anima, atrav\u00e9s da Michele, no dia 17 de Abril de 2017.<\/span><br \/>\n<span style=\"color: #ff0000\">Foram examinados pelo nosso veterin\u00e1rio e desparasitados.<\/span><br \/>\n<span style=\"color: #ff0000\">Bub tinha uma infec\u00e7\u00e3o na vista.<\/span><br \/>\n<span style=\"color: #ff0000\">Depois de terem sido medicados, regressaram \u00e0 origem e ficaram em fam\u00edlia de acolhimento com a Michele.<\/span><br \/>\n<span style=\"color: #ff0000\">No dia 28 de Abril de 2017, vieram para consulta e ficaram connosco no Para\u00edso dos Gatos para adop\u00e7\u00e3o.<\/span><br \/>\n<span style=\"color: #ff0000\">MJ foi agora adoptado.<\/span><br \/>\n<span style=\"color: #0000ff\"><strong><em>Obrigado Sr. Evans!<\/em><\/strong><\/span><br \/>\n<span style=\"color: #000000\"><em><strong><br \/>\nPor favor adopte e nunca compre!<\/strong><\/em><\/span><br \/>\n<span style=\"color: #000000\"><em><strong>Se adoptar est\u00e1 a ajudar-nos a salvar animais em risco!<\/strong><\/em><\/span><\/p>\n<p>&nbsp;<\/p>\n<p>&nbsp;<\/p>\n<p>&nbsp;<\/p>\n<p><span style=\"color: #ff0000\"><em>Ajude-nos doando para:<\/em> <\/span><br \/>\n<strong><span style=\"color: #ff0000\">ANIMA \u2013 Sociedade Protectora dos Animais de Macau<\/span><\/strong><br \/>\n<span style=\"color: #ff0000\">para as seguintes contas:<\/span><br \/>\n<span style=\"color: #ff0000\"><span style=\"color: #0000ff\"><strong>Banco Nacional Ultramarino<\/strong><\/span>, MOP conta n\u00famero 9003472840<\/span><br \/>\n<span style=\"color: #ff0000\"><strong><span style=\"color: #0000ff\">Banco da China<\/span><\/strong>, MOP conta n\u00famero 01-01-20-794318<\/span><br \/>\n<span style=\"color: #ff0000\"><span style=\"color: #0000ff\"><strong>ICBC<\/strong><\/span>, MOP conta n\u00famero 0119100200000960934<\/span><br \/>\n<span style=\"color: #ff0000\">(ICBC jetco, favor de n\u00e3o inserir os tr\u00eas primeiros d\u00edgitos)<\/span><br \/>\n<span style=\"color: #ff0000\"><span style=\"color: #0000ff\"><strong>Banco Tai Fung<\/strong><\/span>, MOP conta n\u00famero 201-1-10530-7<\/span><br \/>\n<span style=\"color: #ff0000\"><span style=\"color: #0000ff\"><strong>Banco Tai Fung<\/strong><\/span>, HKD conta n\u00famero 101-1-12983-3<\/span><br \/>\n<em><span style=\"color: #ff0000\">e informe-nos da sua doa\u00e7\u00e3o para anima@macau.ctm.net ou info@animamacau.org<\/span><\/em><\/p>\n","protected":false},"excerpt":{"rendered":"<p>&lt;09-08-2017&gt; MJ foi adoptada pelo Sr. Evans no dia 9 de Agosto de 2017! SPPC1497-MJ (F) e SPPC1498-Bub (M), todos com cerca de um m\u00eas e meio de idade, estavam sob o nosso Programa de Protec\u00e7\u00e3o Especial (PPE), depois de terem sido resgatados pela Anima, atrav\u00e9s da Michele, no dia 17 de Abril de 2017. Foram examinados pelo nosso veterin\u00e1rio e desparasitados. Bub tinha uma infec\u00e7\u00e3o na vista. Depois de terem sido medicados, regressaram \u00e0 origem e ficaram em fam\u00edlia de acolhimento com a Michele. No dia 28 de Abril de 2017, vieram para consulta e ficaram connosco no Para\u00edso dos Gatos para adop\u00e7\u00e3o. MJ foi agora adoptado. Obrigado Sr. Evans! Por favor adopte e nunca compre! Se adoptar est\u00e1 a ajudar-nos a salvar animais em risco! &nbsp; &nbsp; &nbsp; Ajude-nos doando para: ANIMA \u2013 Sociedade Protectora dos Animais de Macau para as seguintes contas:&#8230;<\/p>\n","protected":false},"author":10,"featured_media":58628,"comment_status":"closed","ping_status":"open","sticky":false,"template":"","format":"standard","meta":{"_acf_changed":false,"footnotes":""},"categories":[284,271],"tags":[],"class_list":["post-59249","post","type-post","status-publish","format-standard","has-post-thumbnail","hentry","category-finais-felizes","category-noticias"],"acf":[],"_links":{"self":[{"href":"https:\/\/www.animamacau.org\/pt-pt\/wp-json\/wp\/v2\/posts\/59249","targetHints":{"allow":["GET"]}}],"collection":[{"href":"https:\/\/www.animamacau.org\/pt-pt\/wp-json\/wp\/v2\/posts"}],"about":[{"href":"https:\/\/www.animamacau.org\/pt-pt\/wp-json\/wp\/v2\/types\/post"}],"author":[{"embeddable":true,"href":"https:\/\/www.animamacau.org\/pt-pt\/wp-json\/wp\/v2\/users\/10"}],"replies":[{"embeddable":true,"href":"https:\/\/www.animamacau.org\/pt-pt\/wp-json\/wp\/v2\/comments?post=59249"}],"version-history":[{"count":2,"href":"https:\/\/www.animamacau.org\/pt-pt\/wp-json\/wp\/v2\/posts\/59249\/revisions"}],"predecessor-version":[{"id":59251,"href":"https:\/\/www.animamacau.org\/pt-pt\/wp-json\/wp\/v2\/posts\/59249\/revisions\/59251"}],"wp:featuredmedia":[{"embeddable":true,"href":"https:\/\/www.animamacau.org\/pt-pt\/wp-json\/wp\/v2\/media\/58628"}],"wp:attachment":[{"href":"https:\/\/www.animamacau.org\/pt-pt\/wp-json\/wp\/v2\/media?parent=59249"}],"wp:term":[{"taxonomy":"category","embeddable":true,"href":"https:\/\/www.animamacau.org\/pt-pt\/wp-json\/wp\/v2\/categories?post=59249"},{"taxonomy":"post_tag","embeddable":true,"href":"https:\/\/www.animamacau.org\/pt-pt\/wp-json\/wp\/v2\/tags?post=59249"}],"curies":[{"name":"wp","href":"https:\/\/api.w.org\/{rel}","templated":true}]}}