{"id":59420,"date":"2017-06-17T04:09:33","date_gmt":"2017-06-17T04:09:33","guid":{"rendered":"http:\/\/animamacau.org\/\/sem-categoria\/anima-june-foster-sppc1474-janice-2\/"},"modified":"2017-08-24T13:29:17","modified_gmt":"2017-08-24T13:29:17","slug":"anima-june-foster-sppc1474-janice","status":"publish","type":"post","link":"https:\/\/www.animamacau.org\/pt-pt\/anima-june-foster-sppc1474-janice\/","title":{"rendered":"Fam\u00edlia de Acolhimento de Junho (SPPC1474-Janice)!"},"content":{"rendered":"<p><strong>&lt;17-06-2017&gt;<\/strong><\/p>\n<p><span style=\"color: #0000ff\"><em><strong>Janice ficou em fam\u00edlia de acolhimento tempor\u00e1rio com a Sra. Carla no dia 17 de Junho de 2017!<\/strong><\/em><\/span><\/p>\n<p><span style=\"color: #0000ff\"><em><strong>SPPC1474-Janice (F), foi resgatada pela Anima por interm\u00e9dio da Michele no dia 31 de Mar\u00e7o de 2017, com uma idade estimada de dois anos e estava gr\u00e1vida.<\/strong><\/em><\/span><br \/>\n<span style=\"color: #ff0000\">Depois de ter regressado ao seu local, teve os filhos e regressou \u00e0 Anima no dia 25 de Maio de 2017, para exame geral e vacina\u00e7\u00e3o.<\/span><br \/>\n<span style=\"color: #ff0000\">Os dois filhotes, SPPC1545-Jina e SPPC1546-Jessa, foram trazidos igualmente para vacina\u00e7\u00e3o e desparasita\u00e7\u00e3o.<\/span><br \/>\n<span style=\"color: #ff0000\">A outra vacina foi dada no dia 8 de Junho. <\/span><br \/>\n<span style=\"color: #ff0000\">Estiveram em quarentena na casa da Michele e foram todos trazidos ao Para\u00edso dos Gatos para adop\u00e7\u00e3o no dia 25 de Maio de 2017.<\/span><br \/>\n<span style=\"color: #ff0000\">Jina fora adoptada pela Sra. Carla no dia 10 de Junho mas esta achou que ela estava triste.<\/span><br \/>\n<span style=\"color: #ff0000\">Da\u00ed ter decidido receber temporariamente Janice, a m\u00e3e, por uns tempos at\u00e9 que a Jina melhorasse e a sua felicidade fosse notada.<\/span><br \/>\n<span style=\"color: #ff0000\">Pela informa\u00e7\u00e3o recebida parece que m\u00e3e e filha est\u00e3o felizes!<\/span><br \/>\n<span style=\"color: #0000ff\"><em><strong>Obrigado Sra. Carla!<\/strong><\/em><\/span><br \/>\n<span style=\"color: #000000\"><em><strong><br \/>\nPor favor ajude-nos a ajud\u00e1-los!<\/strong><\/em><\/span><br \/>\n<span style=\"color: #000000\"><em><strong>Seja uma fam\u00edlia de acolhimento! Pelo menos por algum tempo!<\/strong><\/em><\/span><\/p>\n<p>&nbsp;<\/p>\n<p>&nbsp;<\/p>\n<p>&nbsp;<\/p>\n<p><em><span style=\"color: #ff0000\">Ajude-nos doando para: <\/span><\/em><br \/>\n<strong><span style=\"color: #ff0000\">ANIMA \u2013 Sociedade Protectora dos Animais de Macau<\/span><\/strong><br \/>\n<span style=\"color: #ff0000\">para as seguintes contas:<\/span><br \/>\n<span style=\"color: #ff0000\"><span style=\"color: #0000ff\"><strong>Banco Nacional Ultramarino<\/strong><\/span>, MOP conta n\u00famero 9003472840<\/span><br \/>\n<span style=\"color: #ff0000\"><span style=\"color: #0000ff\"><strong>Banco da China,<\/strong> <\/span>MOP conta n\u00famero 01-01-20-794318<\/span><br \/>\n<span style=\"color: #ff0000\"><span style=\"color: #0000ff\"><strong>ICBC<\/strong><\/span>, MOP conta n\u00famero 0119100200000960934<\/span><br \/>\n<span style=\"color: #ff0000\">(ICBC jetco, favor de n\u00e3o inserir os tr\u00eas primeiros d\u00edgitos)<\/span><br \/>\n<span style=\"color: #ff0000\"><span style=\"color: #0000ff\"><strong>Banco Tai Fung,<\/strong><\/span> MOP conta n\u00famero 201-1-10530-7<\/span><br \/>\n<span style=\"color: #ff0000\"><span style=\"color: #0000ff\"><strong>Banco Tai Fung<\/strong><\/span>, HKD conta n\u00famero 101-1-12983-3<\/span><br \/>\n<em><span style=\"color: #ff0000\">e informe-nos da sua doa\u00e7\u00e3o para anima@macau.ctm.net ou info@animamacau.org<\/span><\/em><\/p>\n\n\t\t<style type=\"text\/css\">\n\t\t\t#gallery-2 {\n\t\t\t\tmargin: auto;\n\t\t\t}\n\t\t\t#gallery-2 .gallery-item {\n\t\t\t\tfloat: left;\n\t\t\t\tmargin-top: 10px;\n\t\t\t\ttext-align: center;\n\t\t\t\twidth: 33%;\n\t\t\t}\n\t\t\t#gallery-2 img {\n\t\t\t\tborder: 2px solid #cfcfcf;\n\t\t\t}\n\t\t\t#gallery-2 .gallery-caption {\n\t\t\t\tmargin-left: 0;\n\t\t\t}\n\t\t\t\/* see gallery_shortcode() in wp-includes\/media.php *\/\n\t\t<\/style>\n\t\t<div id='gallery-2' class='gallery galleryid-59420 gallery-columns-3 gallery-size-thumbnail'><dl class='gallery-item'>\n\t\t\t<dt class='gallery-icon landscape'>\n\t\t\t\t<a href='https:\/\/www.animamacau.org\/pt-pt\/adoption\/1460-tasha\/sppc1474-janice-3-3\/'><img loading=\"lazy\" decoding=\"async\" width=\"150\" height=\"150\" src=\"https:\/\/www.animamacau.org\/wp-content\/uploads\/2017\/04\/SPPC1474-Janice-3-150x150.jpg\" class=\"attachment-thumbnail size-thumbnail\" alt=\"\" \/><\/a>\n\t\t\t<\/dt><\/dl><dl class='gallery-item'>\n\t\t\t<dt class='gallery-icon landscape'>\n\t\t\t\t<a href='https:\/\/www.animamacau.org\/pt-pt\/anima-may-rescue-sppc1474-sppc1545-sppc1546\/sppc1545-jina-3\/'><img loading=\"lazy\" decoding=\"async\" width=\"150\" height=\"150\" src=\"https:\/\/www.animamacau.org\/wp-content\/uploads\/2017\/05\/SPPC1545-Jina-150x150.jpeg\" class=\"attachment-thumbnail size-thumbnail\" alt=\"\" \/><\/a>\n\t\t\t<\/dt><\/dl><dl class='gallery-item'>\n\t\t\t<dt class='gallery-icon landscape'>\n\t\t\t\t<a href='https:\/\/www.animamacau.org\/pt-pt\/anima-june-adoption-sppc1545-jina\/sppc1545-jina-with-adopter-2-2-3\/'><img loading=\"lazy\" decoding=\"async\" width=\"150\" height=\"150\" src=\"https:\/\/www.animamacau.org\/wp-content\/uploads\/2017\/06\/SPPC1545-Jina-with-adopter-2-150x150.jpg\" class=\"attachment-thumbnail size-thumbnail\" alt=\"\" \/><\/a>\n\t\t\t<\/dt><\/dl><br style=\"clear: both\" \/>\n\t\t<\/div>\n\n","protected":false},"excerpt":{"rendered":"<p>&lt;17-06-2017&gt; Janice ficou em fam\u00edlia de acolhimento tempor\u00e1rio com a Sra. Carla no dia 17 de Junho de 2017! SPPC1474-Janice (F), foi resgatada pela Anima por interm\u00e9dio da Michele no dia 31 de Mar\u00e7o de 2017, com uma idade estimada de dois anos e estava gr\u00e1vida. Depois de ter regressado ao seu local, teve os filhos e regressou \u00e0 Anima no dia 25 de Maio de 2017, para exame geral e vacina\u00e7\u00e3o. Os dois filhotes, SPPC1545-Jina e SPPC1546-Jessa, foram trazidos igualmente para vacina\u00e7\u00e3o e desparasita\u00e7\u00e3o. A outra vacina foi dada no dia 8 de Junho. Estiveram em quarentena na casa da Michele e foram todos trazidos ao Para\u00edso dos Gatos para adop\u00e7\u00e3o no dia 25 de Maio de 2017. Jina fora adoptada pela Sra. Carla no dia 10 de Junho mas esta achou que ela estava triste. Da\u00ed ter decidido receber temporariamente Janice, a m\u00e3e,&#8230;<\/p>\n","protected":false},"author":14,"featured_media":51219,"comment_status":"closed","ping_status":"open","sticky":false,"template":"","format":"gallery","meta":{"_acf_changed":false,"footnotes":""},"categories":[282,271],"tags":[],"class_list":["post-59420","post","type-post","status-publish","format-gallery","has-post-thumbnail","hentry","category-familia-acolhimento","category-noticias","post_format-post-format-gallery"],"acf":[],"_links":{"self":[{"href":"https:\/\/www.animamacau.org\/pt-pt\/wp-json\/wp\/v2\/posts\/59420","targetHints":{"allow":["GET"]}}],"collection":[{"href":"https:\/\/www.animamacau.org\/pt-pt\/wp-json\/wp\/v2\/posts"}],"about":[{"href":"https:\/\/www.animamacau.org\/pt-pt\/wp-json\/wp\/v2\/types\/post"}],"author":[{"embeddable":true,"href":"https:\/\/www.animamacau.org\/pt-pt\/wp-json\/wp\/v2\/users\/14"}],"replies":[{"embeddable":true,"href":"https:\/\/www.animamacau.org\/pt-pt\/wp-json\/wp\/v2\/comments?post=59420"}],"version-history":[{"count":2,"href":"https:\/\/www.animamacau.org\/pt-pt\/wp-json\/wp\/v2\/posts\/59420\/revisions"}],"predecessor-version":[{"id":59422,"href":"https:\/\/www.animamacau.org\/pt-pt\/wp-json\/wp\/v2\/posts\/59420\/revisions\/59422"}],"wp:featuredmedia":[{"embeddable":true,"href":"https:\/\/www.animamacau.org\/pt-pt\/wp-json\/wp\/v2\/media\/51219"}],"wp:attachment":[{"href":"https:\/\/www.animamacau.org\/pt-pt\/wp-json\/wp\/v2\/media?parent=59420"}],"wp:term":[{"taxonomy":"category","embeddable":true,"href":"https:\/\/www.animamacau.org\/pt-pt\/wp-json\/wp\/v2\/categories?post=59420"},{"taxonomy":"post_tag","embeddable":true,"href":"https:\/\/www.animamacau.org\/pt-pt\/wp-json\/wp\/v2\/tags?post=59420"}],"curies":[{"name":"wp","href":"https:\/\/api.w.org\/{rel}","templated":true}]}}