{"id":60286,"date":"2017-06-20T01:46:06","date_gmt":"2017-06-20T01:46:06","guid":{"rendered":"http:\/\/animamacau.org\/\/sem-categoria\/anima-june-sad-news-c707-corinne-2\/"},"modified":"2017-09-25T01:24:25","modified_gmt":"2017-09-25T01:24:25","slug":"anima-june-sad-news-c707-corinne","status":"publish","type":"post","link":"https:\/\/www.animamacau.org\/pt-pt\/anima-june-sad-news-c707-corinne\/","title":{"rendered":"Anima\u2013Not\u00edcias Tristes de Junho (C707-Corinne)!"},"content":{"rendered":"<p><strong>&lt;20-06-2017&gt;<\/strong><br \/>\n<span style=\"color: #0000ff\"><em><strong>C707-Corinne (F), agora com uma idade aproximada de quatro anos, foi resgatada pela Anima a 3 de Maio de 2014, visto que se encontrava muito magra e desidratada.<\/strong><\/em><\/span><br \/>\n<span style=\"color: #ff0000\"><br \/>\nCorinne tinha cor de pele amarelada e esteve a soro desde a semana passada.<\/span><br \/>\n<span style=\"color: #ff0000\">Respirava com dificuldade, sem for\u00e7a para se mover ou comer.<\/span><br \/>\n<span style=\"color: #ff0000\">As an\u00e1lises sangu\u00edneas apresentavam insufici\u00eancia renal.<\/span><br \/>\n<span style=\"color: #ff0000\">Esteve sob medica\u00e7\u00e3o mas sem melhorias.<\/span><br \/>\n<span style=\"color: #ff0000\">Ap\u00f3s discuss\u00e3o com o veterin\u00e1rio e aprova\u00e7\u00e3o de dois membros da associa\u00e7\u00e3o, foi tomada a decis\u00e3o de eutanazi\u00e1-la.<\/span><br \/>\n<span style=\"color: #ff0000\">A \u00faltima decis\u00e3o pertence sempre ao Presidente da Anima e n\u00e3o \u00e9 f\u00e1cil!<\/span><br \/>\n<em><span style=\"color: #0000ff\"><strong>Descansa em Paz minha Amiga!<\/strong><\/span><\/em><br \/>\n<span style=\"color: #ff0000\"><br \/>\n<em><span style=\"color: #000000\"><strong>Por favor ajude-nos a ajud\u00e1-los!<\/strong><\/span><\/em><\/span><br \/>\n<em><span style=\"color: #000000\"><strong>Nunca abandone o seu animal de estima\u00e7\u00e3o! Abandonar um animal de estima\u00e7\u00e3o \u00e9 abandonar um membro da fam\u00edlia!<\/strong><\/span><\/em><\/p>\n<p>&nbsp;<\/p>\n<p>&nbsp;<\/p>\n<p>&nbsp;<\/p>\n<p>&nbsp;<\/p>\n<p><span style=\"color: #ff0000\"><em>Ajude-nos doando para:<\/em> <\/span><br \/>\n<strong><span style=\"color: #ff0000\">ANIMA \u2013 Sociedade Protectora dos Animais de Macau<\/span><\/strong><br \/>\n<span style=\"color: #ff0000\">para as seguintes contas:<\/span><br \/>\n<span style=\"color: #ff0000\"><span style=\"color: #0000ff\"><strong>Banco Nacional Ultramarino<\/strong><\/span>, MOP conta n\u00famero 9003472840<\/span><br \/>\n<span style=\"color: #ff0000\"><strong><span style=\"color: #0000ff\">Banco da China<\/span><\/strong>, MOP conta n\u00famero 01-01-20-794318<\/span><br \/>\n<span style=\"color: #ff0000\"><span style=\"color: #0000ff\"><strong>ICBC<\/strong><\/span>, MOP conta n\u00famero 0119100200000960934<\/span><br \/>\n<span style=\"color: #ff0000\">(ICBC jetco, favor de n\u00e3o inserir os tr\u00eas primeiros d\u00edgitos)<\/span><br \/>\n<span style=\"color: #ff0000\"><span style=\"color: #0000ff\"><strong>Banco Tai Fung<\/strong><\/span>, MOP conta n\u00famero 201-1-10530-7<\/span><br \/>\n<span style=\"color: #ff0000\"><span style=\"color: #0000ff\"><strong>Banco Tai Fung<\/strong><\/span>, HKD conta n\u00famero 101-1-12983-3<\/span><br \/>\n<em><span style=\"color: #ff0000\">e informe-nos da sua doa\u00e7\u00e3o para anima@macau.ctm.net ou <\/span><span style=\"color: #ff0000\">info@animamacau.org<\/span><\/em><\/p>\n","protected":false},"excerpt":{"rendered":"<p>&lt;20-06-2017&gt; C707-Corinne (F), agora com uma idade aproximada de quatro anos, foi resgatada pela Anima a 3 de Maio de 2014, visto que se encontrava muito magra e desidratada. Corinne tinha cor de pele amarelada e esteve a soro desde a semana passada. Respirava com dificuldade, sem for\u00e7a para se mover ou comer. As an\u00e1lises sangu\u00edneas apresentavam insufici\u00eancia renal. Esteve sob medica\u00e7\u00e3o mas sem melhorias. Ap\u00f3s discuss\u00e3o com o veterin\u00e1rio e aprova\u00e7\u00e3o de dois membros da associa\u00e7\u00e3o, foi tomada a decis\u00e3o de eutanazi\u00e1-la. A \u00faltima decis\u00e3o pertence sempre ao Presidente da Anima e n\u00e3o \u00e9 f\u00e1cil! Descansa em Paz minha Amiga! Por favor ajude-nos a ajud\u00e1-los! Nunca abandone o seu animal de estima\u00e7\u00e3o! Abandonar um animal de estima\u00e7\u00e3o \u00e9 abandonar um membro da fam\u00edlia! &nbsp; &nbsp; &nbsp; &nbsp; Ajude-nos doando para: ANIMA \u2013 Sociedade Protectora dos Animais de Macau para as seguintes contas: Banco Nacional&#8230;<\/p>\n","protected":false},"author":10,"featured_media":55531,"comment_status":"closed","ping_status":"open","sticky":false,"template":"","format":"standard","meta":{"_acf_changed":false,"footnotes":""},"categories":[280,271],"tags":[],"class_list":["post-60286","post","type-post","status-publish","format-standard","has-post-thumbnail","hentry","category-falecidos","category-noticias"],"acf":[],"_links":{"self":[{"href":"https:\/\/www.animamacau.org\/pt-pt\/wp-json\/wp\/v2\/posts\/60286","targetHints":{"allow":["GET"]}}],"collection":[{"href":"https:\/\/www.animamacau.org\/pt-pt\/wp-json\/wp\/v2\/posts"}],"about":[{"href":"https:\/\/www.animamacau.org\/pt-pt\/wp-json\/wp\/v2\/types\/post"}],"author":[{"embeddable":true,"href":"https:\/\/www.animamacau.org\/pt-pt\/wp-json\/wp\/v2\/users\/10"}],"replies":[{"embeddable":true,"href":"https:\/\/www.animamacau.org\/pt-pt\/wp-json\/wp\/v2\/comments?post=60286"}],"version-history":[{"count":1,"href":"https:\/\/www.animamacau.org\/pt-pt\/wp-json\/wp\/v2\/posts\/60286\/revisions"}],"predecessor-version":[{"id":60288,"href":"https:\/\/www.animamacau.org\/pt-pt\/wp-json\/wp\/v2\/posts\/60286\/revisions\/60288"}],"wp:featuredmedia":[{"embeddable":true,"href":"https:\/\/www.animamacau.org\/pt-pt\/wp-json\/wp\/v2\/media\/55531"}],"wp:attachment":[{"href":"https:\/\/www.animamacau.org\/pt-pt\/wp-json\/wp\/v2\/media?parent=60286"}],"wp:term":[{"taxonomy":"category","embeddable":true,"href":"https:\/\/www.animamacau.org\/pt-pt\/wp-json\/wp\/v2\/categories?post=60286"},{"taxonomy":"post_tag","embeddable":true,"href":"https:\/\/www.animamacau.org\/pt-pt\/wp-json\/wp\/v2\/tags?post=60286"}],"curies":[{"name":"wp","href":"https:\/\/api.w.org\/{rel}","templated":true}]}}