{"id":60687,"date":"2017-07-03T02:46:45","date_gmt":"2017-07-03T02:46:45","guid":{"rendered":"http:\/\/animamacau.org\/\/sem-categoria\/anima-july-rescue-and-sad-news-c1629-meicy-2\/"},"modified":"2017-10-03T02:56:50","modified_gmt":"2017-10-03T02:56:50","slug":"anima-july-rescue-and-sad-news-c1629-meicy","status":"publish","type":"post","link":"https:\/\/www.animamacau.org\/pt-pt\/anima-july-rescue-and-sad-news-c1629-meicy\/","title":{"rendered":"Anima\u2013Resgate de Julho e Not\u00edcias Tristes (C1629-Meicy)!"},"content":{"rendered":"<p><strong>&lt;03-07-2017&gt;<\/strong><br \/>\n<span style=\"color: #0000ff\"><em><strong>C1629-Meicy (F), com cerca de sete meses de idade, foi resgatada pela Anima a 3 de Julho de 2017, ap\u00f3s uma chamada do Sr. Sam dizendo que um gato foi encontrado num saco na R. Central de Toi San.<\/strong><\/em><\/span><br \/>\n<span style=\"color: #ff0000\">As suas patas traseiras pareciam estar magoadas e a tremer muito.<\/span><br \/>\n<span style=\"color: #ff0000\">C1629-Meicy foi enviada para uma cl\u00ednica e examinada.<\/span><br \/>\n<span style=\"color: #ff0000\">Segundo a cl\u00ednica, ela tinha convuls\u00f5es de cinco em cinco minutos mesmo depois de injectado sedativos.<\/span><br \/>\n<span style=\"color: #ff0000\">O veterin\u00e1rio suspeitou que C1629-Meicy tinha um problema neurol\u00f3gico, estava a sofrer demasiado e ele n\u00e3o conseguia fazer muito mais por ela, recomendando a eutan\u00e1sia. <\/span><br \/>\n<span style=\"color: #ff0000\">Ap\u00f3s discuss\u00e3o com o veterin\u00e1rio e aprova\u00e7\u00e3o de dois membros da associa\u00e7\u00e3o, tom\u00e1-mos a triste decis\u00e3o de eutanazi\u00e1-la.<\/span><br \/>\n<span style=\"color: #ff0000\">A \u00faltima decis\u00e3o pertence sempre ao presidente da Anima e esta n\u00e3o \u00e9 f\u00e1cil!<\/span><br \/>\n<strong><em><span style=\"color: #0000ff\">Descansa em Paz, minha amiga!<\/span><\/em><\/strong><br \/>\n<strong><em><span style=\"color: #0000ff\">Obrigada, Sr. Sam!<\/span><\/em><\/strong><\/p>\n<p><span style=\"color: #333333\"><strong><em>Por favor, ajude-nos a ajud\u00e1-los!<\/em><\/strong><\/span><br \/>\n<strong><em><span style=\"color: #333333\">Nunca abandone o seu animal de estima\u00e7\u00e3o! Abandonar um animal de estima\u00e7\u00e3o devia ser crime!<\/span><\/em><\/strong><\/p>\n<p>&nbsp;<br \/>\n<span style=\"color: #ff0000\"><em>Ajude-nos doando para:<\/em> <\/span><br \/>\n<strong><span style=\"color: #ff0000\">ANIMA \u2013 Sociedade Protectora dos Animais de Macau<\/span><\/strong><br \/>\n<span style=\"color: #ff0000\">para as seguintes contas:<\/span><br \/>\n<span style=\"color: #ff0000\"><strong><span style=\"color: #0000ff\">Banco Nacional Ultramarino<\/span><\/strong>, MOP conta n\u00famero 9003472840<\/span><br \/>\n<span style=\"color: #ff0000\"><span style=\"color: #0000ff\"><strong>Banco da China<\/strong><\/span>, MOP conta n\u00famero 01-01-20-794318<\/span><br \/>\n<span style=\"color: #ff0000\"><span style=\"color: #0000ff\"><strong>ICBC<\/strong><\/span>, MOP conta n\u00famero 0119100200000960934<\/span><br \/>\n<span style=\"color: #ff0000\">(ICBC jetco, favor de n\u00e3o inserir os tr\u00eas primeiros d\u00edgitos)<\/span><br \/>\n<span style=\"color: #ff0000\"><span style=\"color: #0000ff\"><strong>Banco Tai Fung<\/strong><\/span>, MOP conta n\u00famero 201-1-10530-7<\/span><br \/>\n<span style=\"color: #ff0000\"><span style=\"color: #0000ff\"><strong>Banco Tai Fung<\/strong><\/span>, HKD conta n\u00famero 101-1-12983-3<\/span><br \/>\n<em><span style=\"color: #ff0000\">e informe-nos da sua doa\u00e7\u00e3o para anima@macau.ctm.net ou info@animamacau.org<\/span><\/em><\/p>\n\n\t\t<style type=\"text\/css\">\n\t\t\t#gallery-2 {\n\t\t\t\tmargin: auto;\n\t\t\t}\n\t\t\t#gallery-2 .gallery-item {\n\t\t\t\tfloat: left;\n\t\t\t\tmargin-top: 10px;\n\t\t\t\ttext-align: center;\n\t\t\t\twidth: 33%;\n\t\t\t}\n\t\t\t#gallery-2 img {\n\t\t\t\tborder: 2px solid #cfcfcf;\n\t\t\t}\n\t\t\t#gallery-2 .gallery-caption {\n\t\t\t\tmargin-left: 0;\n\t\t\t}\n\t\t\t\/* see gallery_shortcode() in wp-includes\/media.php *\/\n\t\t<\/style>\n\t\t<div id='gallery-2' class='gallery galleryid-60687 gallery-columns-3 gallery-size-thumbnail'><dl class='gallery-item'>\n\t\t\t<dt class='gallery-icon landscape'>\n\t\t\t\t<a href='https:\/\/www.animamacau.org\/pt-pt\/anima-july-rescue-and-sad-news-c1629-meicy\/c1629-meicy-4\/'><img loading=\"lazy\" decoding=\"async\" width=\"150\" height=\"150\" src=\"https:\/\/www.animamacau.org\/wp-content\/uploads\/2017\/07\/C1629-Meicy-150x150.jpeg\" class=\"attachment-thumbnail size-thumbnail\" alt=\"\" \/><\/a>\n\t\t\t<\/dt><\/dl><dl class='gallery-item'>\n\t\t\t<dt class='gallery-icon landscape'>\n\t\t\t\t<a href='https:\/\/www.animamacau.org\/pt-pt\/anima-july-rescue-and-sad-news-c1629-meicy\/c1629-meicy-2-3\/'><img loading=\"lazy\" decoding=\"async\" width=\"150\" height=\"150\" src=\"https:\/\/www.animamacau.org\/wp-content\/uploads\/2017\/07\/C1629-Meicy-2-150x150.jpg\" class=\"attachment-thumbnail size-thumbnail\" alt=\"\" \/><\/a>\n\t\t\t<\/dt><\/dl>\n\t\t\t<br style='clear: both' \/>\n\t\t<\/div>\n\n","protected":false},"excerpt":{"rendered":"<p>&lt;03-07-2017&gt; C1629-Meicy (F), com cerca de sete meses de idade, foi resgatada pela Anima a 3 de Julho de 2017, ap\u00f3s uma chamada do Sr. Sam dizendo que um gato foi encontrado num saco na R. Central de Toi San. As suas patas traseiras pareciam estar magoadas e a tremer muito. C1629-Meicy foi enviada para uma cl\u00ednica e examinada. Segundo a cl\u00ednica, ela tinha convuls\u00f5es de cinco em cinco minutos mesmo depois de injectado sedativos. O veterin\u00e1rio suspeitou que C1629-Meicy tinha um problema neurol\u00f3gico, estava a sofrer demasiado e ele n\u00e3o conseguia fazer muito mais por ela, recomendando a eutan\u00e1sia. Ap\u00f3s discuss\u00e3o com o veterin\u00e1rio e aprova\u00e7\u00e3o de dois membros da associa\u00e7\u00e3o, tom\u00e1-mos a triste decis\u00e3o de eutanazi\u00e1-la. A \u00faltima decis\u00e3o pertence sempre ao presidente da Anima e esta n\u00e3o \u00e9 f\u00e1cil! Descansa em Paz, minha amiga! Obrigada, Sr. Sam! Por favor, ajude-nos a ajud\u00e1-los!&#8230;<\/p>\n","protected":false},"author":10,"featured_media":56320,"comment_status":"closed","ping_status":"open","sticky":false,"template":"","format":"gallery","meta":{"_acf_changed":false,"footnotes":""},"categories":[295,280,271],"tags":[],"class_list":["post-60687","post","type-post","status-publish","format-gallery","has-post-thumbnail","hentry","category-animais-resgatados","category-falecidos","category-noticias","post_format-post-format-gallery"],"acf":[],"_links":{"self":[{"href":"https:\/\/www.animamacau.org\/pt-pt\/wp-json\/wp\/v2\/posts\/60687","targetHints":{"allow":["GET"]}}],"collection":[{"href":"https:\/\/www.animamacau.org\/pt-pt\/wp-json\/wp\/v2\/posts"}],"about":[{"href":"https:\/\/www.animamacau.org\/pt-pt\/wp-json\/wp\/v2\/types\/post"}],"author":[{"embeddable":true,"href":"https:\/\/www.animamacau.org\/pt-pt\/wp-json\/wp\/v2\/users\/10"}],"replies":[{"embeddable":true,"href":"https:\/\/www.animamacau.org\/pt-pt\/wp-json\/wp\/v2\/comments?post=60687"}],"version-history":[{"count":3,"href":"https:\/\/www.animamacau.org\/pt-pt\/wp-json\/wp\/v2\/posts\/60687\/revisions"}],"predecessor-version":[{"id":60691,"href":"https:\/\/www.animamacau.org\/pt-pt\/wp-json\/wp\/v2\/posts\/60687\/revisions\/60691"}],"wp:featuredmedia":[{"embeddable":true,"href":"https:\/\/www.animamacau.org\/pt-pt\/wp-json\/wp\/v2\/media\/56320"}],"wp:attachment":[{"href":"https:\/\/www.animamacau.org\/pt-pt\/wp-json\/wp\/v2\/media?parent=60687"}],"wp:term":[{"taxonomy":"category","embeddable":true,"href":"https:\/\/www.animamacau.org\/pt-pt\/wp-json\/wp\/v2\/categories?post=60687"},{"taxonomy":"post_tag","embeddable":true,"href":"https:\/\/www.animamacau.org\/pt-pt\/wp-json\/wp\/v2\/tags?post=60687"}],"curies":[{"name":"wp","href":"https:\/\/api.w.org\/{rel}","templated":true}]}}