{"id":60695,"date":"2017-07-03T04:30:30","date_gmt":"2017-07-03T04:30:30","guid":{"rendered":"http:\/\/animamacau.org\/\/sem-categoria\/anima-july-temporary-accomodation-sppc1540-ocean-2\/"},"modified":"2017-10-03T03:57:24","modified_gmt":"2017-10-03T03:57:24","slug":"anima-july-temporary-accomodation-sppc1540-ocean","status":"publish","type":"post","link":"https:\/\/www.animamacau.org\/pt-pt\/anima-july-temporary-accomodation-sppc1540-ocean\/","title":{"rendered":"Anima\u2013Acomoda\u00e7\u00e3o Tempor\u00e1ria de Julho (SPPC1540-Ocean)"},"content":{"rendered":"<p><strong>&lt;03\/07\/2017&gt;<\/strong><br \/>\n<span style=\"color: #0000ff\"><em><strong>SPPC1540-Ocean foi agora alojado na Anima at\u00e9 10 de Julho de 2017.<\/strong> <\/em><\/span><br \/>\n<span style=\"color: #ff0000\">SPPC1540-Ocean (M), na altura com cinco meses de idade, foi resgatado pela Anima a 19 de Maio de 2017, atrav\u00e9s da Michele, na Taipa e ficou sob o nosso Programa de Protec\u00e7\u00e3o Especial (PPE).<\/span><br \/>\n<span style=\"color: #ff0000\">Foi trazido para a Anima a uma consulta, onde foi desparasitado e vacinado pela primeira vez.<\/span><br \/>\n<span style=\"color: #ff0000\">SPPC1540-Ocean voltou ao seu local ap\u00f3s a consulta e ficou sob a responsabilidade da Michele.<\/span><br \/>\n<span style=\"color: #ff0000\">A 26 de Maio de 2017, SPPC1540-Ocean\u00a0 voltou para n\u00f3s e ficou no Para\u00edso dos Gatos.<\/span><br \/>\n<span style=\"color: #ff0000\">Foi adoptado a 31 de Maio de 2017. <\/span><br \/>\n<span style=\"color: #ff0000\">Se adoptar um animal dos nossos, ter\u00e1 o privil\u00e9gio de o poder deixar alojado individualmente na Anima durante 15 dias (gr\u00e1tis) no primeiro ano ap\u00f3s a adop\u00e7\u00e3o.<br \/>\n<\/span><\/p>\n<p><em><strong>Nunca Abandone o seu animal! O Abandono de animais deveria ser considerado um CRIME!<\/strong><\/em><\/p>\n<p>&nbsp;<\/p>\n<p>&nbsp;<\/p>\n<p><em><span style=\"color: #ff0000\">Por favor, ajude-nos ao doar para:<\/span><\/em><br \/>\n<strong><span style=\"color: #ff0000\">ANIMA \u2013 Sociedade Protectora dos Animais de Macau,<br \/>\n<\/span><\/strong><span style=\"color: #ff0000\">para as seguintes contas banc\u00e1rias:<\/span><strong><span style=\"color: #ff0000\"><br \/>\n<\/span><\/strong><span style=\"color: #ff0000\"><span style=\"color: #0000ff\"><strong>Banco Nacional Ultramarino<\/strong><\/span>, n\u00famero de conta 9003472840<\/span><br \/>\n<span style=\"color: #ff0000\"><span style=\"color: #0000ff\"><strong>Bank of China<\/strong><\/span>, n\u00famero de conta 01-01-20-794318<\/span><br \/>\n<span style=\"color: #ff0000\"><span style=\"color: #0000ff\"><strong>ICBC<\/strong><\/span>, n\u00famero de conta 0119100200000960934<\/span><br \/>\n<span style=\"color: #ff0000\">(ICBC jetco, por favor, n\u00e3o ponha os tr\u00eas primeiros d\u00edgitos)<\/span><br \/>\n<span style=\"color: #ff0000\"><span style=\"color: #0000ff\"><strong>Tai Fung Bank<\/strong><\/span>, MOP n\u00famero de conta 201-1-10530-7<\/span><br \/>\n<span style=\"color: #ff0000\"><span style=\"color: #0000ff\"><strong>Tai Fung Bank<\/strong><\/span>, HKD n\u00famero de conta 101-1-12983-3<\/span><br \/>\n<em><span style=\"color: #ff0000\">Informo-nos do seu donativo em anima@macau.ctm.net ou info@animamacau.org<\/span><\/em><\/p>\n\n\t\t<style type=\"text\/css\">\n\t\t\t#gallery-2 {\n\t\t\t\tmargin: auto;\n\t\t\t}\n\t\t\t#gallery-2 .gallery-item {\n\t\t\t\tfloat: left;\n\t\t\t\tmargin-top: 10px;\n\t\t\t\ttext-align: center;\n\t\t\t\twidth: 33%;\n\t\t\t}\n\t\t\t#gallery-2 img {\n\t\t\t\tborder: 2px solid #cfcfcf;\n\t\t\t}\n\t\t\t#gallery-2 .gallery-caption {\n\t\t\t\tmargin-left: 0;\n\t\t\t}\n\t\t\t\/* see gallery_shortcode() in wp-includes\/media.php *\/\n\t\t<\/style>\n\t\t<div id='gallery-2' class='gallery galleryid-60695 gallery-columns-3 gallery-size-thumbnail'><dl class='gallery-item'>\n\t\t\t<dt class='gallery-icon landscape'>\n\t\t\t\t<a href='https:\/\/www.animamacau.org\/pt-pt\/anima-july-temporary-accomodation-sppc1540-ocean\/sppc1540-ocean-accommodate-in-cp-3\/'><img loading=\"lazy\" decoding=\"async\" width=\"150\" height=\"150\" src=\"https:\/\/www.animamacau.org\/wp-content\/uploads\/2017\/07\/SPPC1540-Ocean-accommodate-in-CP-150x150.jpg\" class=\"attachment-thumbnail size-thumbnail\" alt=\"\" \/><\/a>\n\t\t\t<\/dt><\/dl><dl class='gallery-item'>\n\t\t\t<dt class='gallery-icon landscape'>\n\t\t\t\t<a href='https:\/\/www.animamacau.org\/pt-pt\/anima-may-rescue-c1540-ocean\/sppc1540-ocean-3\/'><img loading=\"lazy\" decoding=\"async\" width=\"150\" height=\"150\" src=\"https:\/\/www.animamacau.org\/wp-content\/uploads\/2017\/05\/SPPC1540-Ocean-150x150.jpg\" class=\"attachment-thumbnail size-thumbnail\" alt=\"\" \/><\/a>\n\t\t\t<\/dt><\/dl><dl class='gallery-item'>\n\t\t\t<dt class='gallery-icon landscape'>\n\t\t\t\t<a href='https:\/\/www.animamacau.org\/pt-pt\/anima-may-rescue-c1540-ocean-2\/spp1540-ocean-2-3\/'><img loading=\"lazy\" decoding=\"async\" width=\"150\" height=\"150\" src=\"https:\/\/www.animamacau.org\/wp-content\/uploads\/2017\/05\/SPP1540-Ocean-2-150x150.jpg\" class=\"attachment-thumbnail size-thumbnail\" alt=\"\" \/><\/a>\n\t\t\t<\/dt><\/dl><br style=\"clear: both\" \/>\n\t\t<\/div>\n\n","protected":false},"excerpt":{"rendered":"<p>&lt;03\/07\/2017&gt; SPPC1540-Ocean foi agora alojado na Anima at\u00e9 10 de Julho de 2017. SPPC1540-Ocean (M), na altura com cinco meses de idade, foi resgatado pela Anima a 19 de Maio de 2017, atrav\u00e9s da Michele, na Taipa e ficou sob o nosso Programa de Protec\u00e7\u00e3o Especial (PPE). Foi trazido para a Anima a uma consulta, onde foi desparasitado e vacinado pela primeira vez. SPPC1540-Ocean voltou ao seu local ap\u00f3s a consulta e ficou sob a responsabilidade da Michele. A 26 de Maio de 2017, SPPC1540-Ocean\u00a0 voltou para n\u00f3s e ficou no Para\u00edso dos Gatos. Foi adoptado a 31 de Maio de 2017. Se adoptar um animal dos nossos, ter\u00e1 o privil\u00e9gio de o poder deixar alojado individualmente na Anima durante 15 dias (gr\u00e1tis) no primeiro ano ap\u00f3s a adop\u00e7\u00e3o. Nunca Abandone o seu animal! O Abandono de animais deveria ser considerado um CRIME! &nbsp; &nbsp;&#8230;<\/p>\n","protected":false},"author":10,"featured_media":56335,"comment_status":"closed","ping_status":"open","sticky":false,"template":"","format":"gallery","meta":{"_acf_changed":false,"footnotes":""},"categories":[302,271],"tags":[],"class_list":["post-60695","post","type-post","status-publish","format-gallery","has-post-thumbnail","hentry","category-alojamento-temporario","category-noticias","post_format-post-format-gallery"],"acf":[],"_links":{"self":[{"href":"https:\/\/www.animamacau.org\/pt-pt\/wp-json\/wp\/v2\/posts\/60695","targetHints":{"allow":["GET"]}}],"collection":[{"href":"https:\/\/www.animamacau.org\/pt-pt\/wp-json\/wp\/v2\/posts"}],"about":[{"href":"https:\/\/www.animamacau.org\/pt-pt\/wp-json\/wp\/v2\/types\/post"}],"author":[{"embeddable":true,"href":"https:\/\/www.animamacau.org\/pt-pt\/wp-json\/wp\/v2\/users\/10"}],"replies":[{"embeddable":true,"href":"https:\/\/www.animamacau.org\/pt-pt\/wp-json\/wp\/v2\/comments?post=60695"}],"version-history":[{"count":2,"href":"https:\/\/www.animamacau.org\/pt-pt\/wp-json\/wp\/v2\/posts\/60695\/revisions"}],"predecessor-version":[{"id":60696,"href":"https:\/\/www.animamacau.org\/pt-pt\/wp-json\/wp\/v2\/posts\/60695\/revisions\/60696"}],"wp:featuredmedia":[{"embeddable":true,"href":"https:\/\/www.animamacau.org\/pt-pt\/wp-json\/wp\/v2\/media\/56335"}],"wp:attachment":[{"href":"https:\/\/www.animamacau.org\/pt-pt\/wp-json\/wp\/v2\/media?parent=60695"}],"wp:term":[{"taxonomy":"category","embeddable":true,"href":"https:\/\/www.animamacau.org\/pt-pt\/wp-json\/wp\/v2\/categories?post=60695"},{"taxonomy":"post_tag","embeddable":true,"href":"https:\/\/www.animamacau.org\/pt-pt\/wp-json\/wp\/v2\/tags?post=60695"}],"curies":[{"name":"wp","href":"https:\/\/api.w.org\/{rel}","templated":true}]}}