{"id":60901,"date":"2017-07-08T02:20:12","date_gmt":"2017-07-08T02:20:12","guid":{"rendered":"http:\/\/animamacau.org\/\/sem-categoria\/anima-july-sad-news-c1631-amari-2\/"},"modified":"2017-10-09T01:55:22","modified_gmt":"2017-10-09T01:55:22","slug":"anima-july-sad-news-c1631-amari","status":"publish","type":"post","link":"https:\/\/www.animamacau.org\/pt-pt\/anima-july-sad-news-c1631-amari\/","title":{"rendered":"Anima\u2013Not\u00edcias Tristes de Julho (C1631-Amari)!"},"content":{"rendered":"<p><strong>&lt;08-07-2017&gt;<\/strong><br \/>\n<span style=\"color: #0000ff\"><em><strong>C1631-Amari (F), com cerca de dois meses de idade, foi resgatada pela Anima a 5 de Julho de 2017, depois de uma chamada do Sr. Lei dizendo que um gatinho com uma infec\u00e7\u00e3o nos olhos foi encontrado perto duma casa de banho p\u00fablica na Colina da Guia.<\/strong><\/em><\/span><br \/>\n<span style=\"color: #ff0000\">C1631-Amari foi vista pelo nosso veterin\u00e1rio e desparasitada.<\/span><br \/>\n<span style=\"color: #ff0000\">Tinha larvas por todo o corpo.<\/span><br \/>\n<span style=\"color: #ff0000\">Foi acolhida pela nossa Supervisora Effie, temporariamente, uma vez que precisava de ser alimentada \u00e0 m\u00e3o.<\/span><br \/>\n<span style=\"color: #ff0000\">Hoje, C1631-Amari estava com dificuldade em respirar.<\/span><br \/>\n<span style=\"color: #ff0000\">Infelizmente, faleceu durante uma consulta, e a causa de morte supeita-se ter sido de um edema pulmonar (flu\u00eddo nos pulm\u00f5es).<\/span><br \/>\n<span style=\"color: #0000ff\"><em><strong>Descansa em Paz, minha amiga!<br \/>\n<\/strong><\/em><\/span><\/p>\n<p><strong><em><span style=\"color: #333333\">Por favor, ajude-nos a ajud\u00e1-los!<br \/>\n<\/span><\/em><\/strong><strong><em><span style=\"color: #333333\">Nunca abandone o seu animal de estima\u00e7\u00e3o! Abandonar um animal de estima\u00e7\u00e3o \u00e9 abandonar um membro da fam\u00edlia!<\/span><\/em><\/strong><\/p>\n<p>&nbsp;<\/p>\n<p>&nbsp;<\/p>\n<p><em><span style=\"color: #ff0000\">Ajude-nos doando para: <\/span><\/em><br \/>\n<strong><span style=\"color: #ff0000\">ANIMA \u2013 Sociedade Protectora dos Animais de Macau<\/span><\/strong><br \/>\n<span style=\"color: #ff0000\">para as seguintes contas:<\/span><br \/>\n<span style=\"color: #ff0000\"><strong><span style=\"color: #0000ff\">Banco Nacional Ultramarino<\/span><\/strong>, MOP conta n\u00famero 9003472840<\/span><br \/>\n<span style=\"color: #ff0000\"><span style=\"color: #0000ff\"><strong>Banco da China<\/strong><\/span>, MOP conta n\u00famero 01-01-20-794318<\/span><br \/>\n<span style=\"color: #ff0000\"><span style=\"color: #0000ff\"><strong>ICBC<\/strong><\/span>, MOP conta n\u00famero 0119100200000960934<\/span><br \/>\n<span style=\"color: #ff0000\">(ICBC jetco, favor de n\u00e3o inserir os tr\u00eas primeiros d\u00edgitos)<\/span><br \/>\n<span style=\"color: #ff0000\"><strong><span style=\"color: #0000ff\">Banco Tai Fung<\/span><\/strong>, MOP conta n\u00famero 201-1-10530-7<\/span><br \/>\n<span style=\"color: #ff0000\"><span style=\"color: #0000ff\"><strong>Banco Tai Fung<\/strong><\/span>, HKD conta n\u00famero 101-1-12983-3<\/span><br \/>\n<em><span style=\"color: #ff0000\">e informe-nos da sua doa\u00e7\u00e3o para anima@macau.ctm.net ou info@animamacau.org<\/span><\/em><\/p>\n\n\t\t<style type=\"text\/css\">\n\t\t\t#gallery-2 {\n\t\t\t\tmargin: auto;\n\t\t\t}\n\t\t\t#gallery-2 .gallery-item {\n\t\t\t\tfloat: left;\n\t\t\t\tmargin-top: 10px;\n\t\t\t\ttext-align: center;\n\t\t\t\twidth: 33%;\n\t\t\t}\n\t\t\t#gallery-2 img {\n\t\t\t\tborder: 2px solid #cfcfcf;\n\t\t\t}\n\t\t\t#gallery-2 .gallery-caption {\n\t\t\t\tmargin-left: 0;\n\t\t\t}\n\t\t\t\/* see gallery_shortcode() in wp-includes\/media.php *\/\n\t\t<\/style>\n\t\t<div id='gallery-2' class='gallery galleryid-60901 gallery-columns-3 gallery-size-thumbnail'><dl class='gallery-item'>\n\t\t\t<dt class='gallery-icon landscape'>\n\t\t\t\t<a href='https:\/\/www.animamacau.org\/pt-pt\/anima-july-rescue-c1631-amari\/c1631-amari-3-3\/'><img loading=\"lazy\" decoding=\"async\" width=\"150\" height=\"150\" src=\"https:\/\/www.animamacau.org\/wp-content\/uploads\/2017\/07\/C1631-Amari-3-150x150.jpeg\" class=\"attachment-thumbnail size-thumbnail\" alt=\"\" \/><\/a>\n\t\t\t<\/dt><\/dl><dl class='gallery-item'>\n\t\t\t<dt class='gallery-icon landscape'>\n\t\t\t\t<a href='https:\/\/www.animamacau.org\/pt-pt\/anima-july-rescue-c1631-amari\/c1631-amari-2-3\/'><img loading=\"lazy\" decoding=\"async\" width=\"150\" height=\"150\" src=\"https:\/\/www.animamacau.org\/wp-content\/uploads\/2017\/07\/C1631-Amari-2-150x150.jpg\" class=\"attachment-thumbnail size-thumbnail\" alt=\"\" \/><\/a>\n\t\t\t<\/dt><\/dl>\n\t\t\t<br style='clear: both' \/>\n\t\t<\/div>\n\n","protected":false},"excerpt":{"rendered":"<p>&lt;08-07-2017&gt; C1631-Amari (F), com cerca de dois meses de idade, foi resgatada pela Anima a 5 de Julho de 2017, depois de uma chamada do Sr. Lei dizendo que um gatinho com uma infec\u00e7\u00e3o nos olhos foi encontrado perto duma casa de banho p\u00fablica na Colina da Guia. C1631-Amari foi vista pelo nosso veterin\u00e1rio e desparasitada. Tinha larvas por todo o corpo. Foi acolhida pela nossa Supervisora Effie, temporariamente, uma vez que precisava de ser alimentada \u00e0 m\u00e3o. Hoje, C1631-Amari estava com dificuldade em respirar. Infelizmente, faleceu durante uma consulta, e a causa de morte supeita-se ter sido de um edema pulmonar (flu\u00eddo nos pulm\u00f5es). Descansa em Paz, minha amiga! Por favor, ajude-nos a ajud\u00e1-los! Nunca abandone o seu animal de estima\u00e7\u00e3o! Abandonar um animal de estima\u00e7\u00e3o \u00e9 abandonar um membro da fam\u00edlia! &nbsp; &nbsp; Ajude-nos doando para: ANIMA \u2013 Sociedade Protectora dos Animais de&#8230;<\/p>\n","protected":false},"author":10,"featured_media":56460,"comment_status":"closed","ping_status":"open","sticky":false,"template":"","format":"gallery","meta":{"_acf_changed":false,"footnotes":""},"categories":[280,271],"tags":[],"class_list":["post-60901","post","type-post","status-publish","format-gallery","has-post-thumbnail","hentry","category-falecidos","category-noticias","post_format-post-format-gallery"],"acf":[],"_links":{"self":[{"href":"https:\/\/www.animamacau.org\/pt-pt\/wp-json\/wp\/v2\/posts\/60901","targetHints":{"allow":["GET"]}}],"collection":[{"href":"https:\/\/www.animamacau.org\/pt-pt\/wp-json\/wp\/v2\/posts"}],"about":[{"href":"https:\/\/www.animamacau.org\/pt-pt\/wp-json\/wp\/v2\/types\/post"}],"author":[{"embeddable":true,"href":"https:\/\/www.animamacau.org\/pt-pt\/wp-json\/wp\/v2\/users\/10"}],"replies":[{"embeddable":true,"href":"https:\/\/www.animamacau.org\/pt-pt\/wp-json\/wp\/v2\/comments?post=60901"}],"version-history":[{"count":2,"href":"https:\/\/www.animamacau.org\/pt-pt\/wp-json\/wp\/v2\/posts\/60901\/revisions"}],"predecessor-version":[{"id":60903,"href":"https:\/\/www.animamacau.org\/pt-pt\/wp-json\/wp\/v2\/posts\/60901\/revisions\/60903"}],"wp:featuredmedia":[{"embeddable":true,"href":"https:\/\/www.animamacau.org\/pt-pt\/wp-json\/wp\/v2\/media\/56460"}],"wp:attachment":[{"href":"https:\/\/www.animamacau.org\/pt-pt\/wp-json\/wp\/v2\/media?parent=60901"}],"wp:term":[{"taxonomy":"category","embeddable":true,"href":"https:\/\/www.animamacau.org\/pt-pt\/wp-json\/wp\/v2\/categories?post=60901"},{"taxonomy":"post_tag","embeddable":true,"href":"https:\/\/www.animamacau.org\/pt-pt\/wp-json\/wp\/v2\/tags?post=60901"}],"curies":[{"name":"wp","href":"https:\/\/api.w.org\/{rel}","templated":true}]}}