{"id":60937,"date":"2017-07-11T03:01:59","date_gmt":"2017-07-11T03:01:59","guid":{"rendered":"http:\/\/animamacau.org\/\/sem-categoria\/anima-july-return-spp1904-logan-2\/"},"modified":"2017-10-09T09:57:45","modified_gmt":"2017-10-09T09:57:45","slug":"anima-july-return-spp1904-logan","status":"publish","type":"post","link":"https:\/\/www.animamacau.org\/pt-pt\/anima-july-return-spp1904-logan\/","title":{"rendered":"Anima\u2013Regresso em Julho (SPP1904-Logan)!"},"content":{"rendered":"<p><strong>&lt;11-07-2017&gt;<\/strong><br \/>\n<span style=\"color: #0000ff\"><em><strong>SPP1904-Logan (M), com cerca de quatro anos de idade, ficou sob o nosso Programa de Protec\u00e7\u00e3o Especial (PPE) e resgatado pela Anima a 29 de Junho de 2017, ap\u00f3s uma chamada da Sra. Iek dizendo que ela costumava alimentar c\u00e3es em Coloane e um <\/strong><\/em><\/span><span style=\"color: #0000ff\"><em><strong>estava ferido. <\/strong><\/em><\/span><br \/>\n<span style=\"color: #ff0000\">SPP1904-Logan foi enviado para uma cl\u00ednica para consulta.<\/span><br \/>\n<span style=\"color: #ff0000\">O raio-X n\u00e3o demonstrava fracturas mas foi encontrada uma ferida infectada na sua pata direita dianteira.<\/span><br \/>\n<span style=\"color: #ff0000\">SPP1904-Logan ficou na cl\u00ednica sob observa\u00e7\u00e3o e voltou para a Anima para tratamento.<\/span><br \/>\n<span style=\"color: #ff0000\">A Sra. Iek ajudou-nos a pagar a conta. <\/span><br \/>\n<span style=\"color: #ff0000\">SPP1904-Logan ficou connosco at\u00e9 recuperar e, agora, voltou ao seu local.<\/span><br \/>\n<span style=\"color: #ff0000\">A Sra. Iek est\u00e1 respons\u00e1vel por ele nessa \u00e1rea.<\/span><br \/>\n<span style=\"color: #0000ff\"><em><strong>Obrigada, Sra. Iek!<\/strong><\/em><\/span><\/p>\n<p><span style=\"color: #333333\"><strong><em>Por favor ajude-nos a ajud\u00e1-los!<\/em><\/strong><\/span><br \/>\n<span style=\"color: #333333\"><strong><em>Nunca abandone o seu animal de estima\u00e7\u00e3o! Abandonar um animal de estima\u00e7\u00e3o \u00e9 abandonar um membro da fam\u00edlia!<\/em><\/strong><\/span><\/p>\n<p>&nbsp;<\/p>\n<p>&nbsp;<\/p>\n<p><em><span style=\"color: #ff0000\">Ajude-nos doando para: <\/span><\/em><br \/>\n<strong><span style=\"color: #ff0000\">ANIMA \u2013 Sociedade Protectora dos Animais de Macau<\/span><\/strong><br \/>\n<span style=\"color: #ff0000\">para as seguintes contas:<\/span><br \/>\n<span style=\"color: #ff0000\"><span style=\"color: #0000ff\"><strong>Banco Nacional Ultramarino<\/strong><\/span>, MOP conta n\u00famero 9003472840<\/span><br \/>\n<span style=\"color: #ff0000\"><span style=\"color: #0000ff\"><strong>Banco da China<\/strong><\/span>, MOP conta n\u00famero 01-01-20-794318<\/span><br \/>\n<span style=\"color: #ff0000\"><span style=\"color: #0000ff\"><strong>ICBC<\/strong><\/span>, MOP conta n\u00famero 0119100200000960934<\/span><br \/>\n<span style=\"color: #ff0000\">(ICBC jetco, favor de n\u00e3o inserir os tr\u00eas primeiros d\u00edgitos)<\/span><br \/>\n<span style=\"color: #ff0000\"><span style=\"color: #0000ff\"><strong>Banco Tai Fung<\/strong><\/span>, MOP conta n\u00famero 201-1-10530-7<\/span><br \/>\n<span style=\"color: #ff0000\"><span style=\"color: #0000ff\"><strong>Banco Tai Fung<\/strong><\/span>, HKD conta n\u00famero 101-1-12983-3<\/span><br \/>\n<em><span style=\"color: #ff0000\">e informe-nos da sua doa\u00e7\u00e3o para anima@macau.ctm.net ou info@animamacau.org<\/span><\/em><\/p>\n\n\t\t<style type=\"text\/css\">\n\t\t\t#gallery-2 {\n\t\t\t\tmargin: auto;\n\t\t\t}\n\t\t\t#gallery-2 .gallery-item {\n\t\t\t\tfloat: left;\n\t\t\t\tmargin-top: 10px;\n\t\t\t\ttext-align: center;\n\t\t\t\twidth: 33%;\n\t\t\t}\n\t\t\t#gallery-2 img {\n\t\t\t\tborder: 2px solid #cfcfcf;\n\t\t\t}\n\t\t\t#gallery-2 .gallery-caption {\n\t\t\t\tmargin-left: 0;\n\t\t\t}\n\t\t\t\/* see gallery_shortcode() in wp-includes\/media.php *\/\n\t\t<\/style>\n\t\t<div id='gallery-2' class='gallery galleryid-60937 gallery-columns-3 gallery-size-thumbnail'><dl class='gallery-item'>\n\t\t\t<dt class='gallery-icon landscape'>\n\t\t\t\t<a href='https:\/\/www.animamacau.org\/pt-pt\/anima-july-return-spp1904-logan\/spp1904-logan-release-3\/'><img loading=\"lazy\" decoding=\"async\" width=\"150\" height=\"150\" src=\"https:\/\/www.animamacau.org\/wp-content\/uploads\/2017\/07\/SPP1904-Logan-release-150x150.jpeg\" class=\"attachment-thumbnail size-thumbnail\" alt=\"\" \/><\/a>\n\t\t\t<\/dt><\/dl><dl class='gallery-item'>\n\t\t\t<dt class='gallery-icon landscape'>\n\t\t\t\t<a href='https:\/\/www.animamacau.org\/pt-pt\/anima-july-return-spp1904-logan\/spp1904-logan-2-2-3\/'><img loading=\"lazy\" decoding=\"async\" width=\"150\" height=\"150\" src=\"https:\/\/www.animamacau.org\/wp-content\/uploads\/2017\/07\/SPP1904-Logan-2-150x150.jpg\" class=\"attachment-thumbnail size-thumbnail\" alt=\"\" \/><\/a>\n\t\t\t<\/dt><\/dl><dl class='gallery-item'>\n\t\t\t<dt class='gallery-icon landscape'>\n\t\t\t\t<a href='https:\/\/www.animamacau.org\/pt-pt\/anima-june-rescue-and-new-dog-under-spp-spp1904-logan\/spp1904-logan-3\/'><img loading=\"lazy\" decoding=\"async\" width=\"150\" height=\"150\" src=\"https:\/\/www.animamacau.org\/wp-content\/uploads\/2017\/06\/SPP1904-Logan-150x150.jpg\" class=\"attachment-thumbnail size-thumbnail\" alt=\"\" \/><\/a>\n\t\t\t<\/dt><\/dl><br style=\"clear: both\" \/>\n\t\t<\/div>\n\n","protected":false},"excerpt":{"rendered":"<p>&lt;11-07-2017&gt; SPP1904-Logan (M), com cerca de quatro anos de idade, ficou sob o nosso Programa de Protec\u00e7\u00e3o Especial (PPE) e resgatado pela Anima a 29 de Junho de 2017, ap\u00f3s uma chamada da Sra. Iek dizendo que ela costumava alimentar c\u00e3es em Coloane e um estava ferido. SPP1904-Logan foi enviado para uma cl\u00ednica para consulta. O raio-X n\u00e3o demonstrava fracturas mas foi encontrada uma ferida infectada na sua pata direita dianteira. SPP1904-Logan ficou na cl\u00ednica sob observa\u00e7\u00e3o e voltou para a Anima para tratamento. A Sra. Iek ajudou-nos a pagar a conta. SPP1904-Logan ficou connosco at\u00e9 recuperar e, agora, voltou ao seu local. A Sra. Iek est\u00e1 respons\u00e1vel por ele nessa \u00e1rea. Obrigada, Sra. Iek! Por favor ajude-nos a ajud\u00e1-los! Nunca abandone o seu animal de estima\u00e7\u00e3o! Abandonar um animal de estima\u00e7\u00e3o \u00e9 abandonar um membro da fam\u00edlia! &nbsp; &nbsp; Ajude-nos doando para: ANIMA \u2013&#8230;<\/p>\n","protected":false},"author":10,"featured_media":56831,"comment_status":"closed","ping_status":"open","sticky":false,"template":"","format":"gallery","meta":{"_acf_changed":false,"footnotes":""},"categories":[299,271],"tags":[],"class_list":["post-60937","post","type-post","status-publish","format-gallery","has-post-thumbnail","hentry","category-animais-ppe-devolvidos","category-noticias","post_format-post-format-gallery"],"acf":[],"_links":{"self":[{"href":"https:\/\/www.animamacau.org\/pt-pt\/wp-json\/wp\/v2\/posts\/60937","targetHints":{"allow":["GET"]}}],"collection":[{"href":"https:\/\/www.animamacau.org\/pt-pt\/wp-json\/wp\/v2\/posts"}],"about":[{"href":"https:\/\/www.animamacau.org\/pt-pt\/wp-json\/wp\/v2\/types\/post"}],"author":[{"embeddable":true,"href":"https:\/\/www.animamacau.org\/pt-pt\/wp-json\/wp\/v2\/users\/10"}],"replies":[{"embeddable":true,"href":"https:\/\/www.animamacau.org\/pt-pt\/wp-json\/wp\/v2\/comments?post=60937"}],"version-history":[{"count":3,"href":"https:\/\/www.animamacau.org\/pt-pt\/wp-json\/wp\/v2\/posts\/60937\/revisions"}],"predecessor-version":[{"id":60940,"href":"https:\/\/www.animamacau.org\/pt-pt\/wp-json\/wp\/v2\/posts\/60937\/revisions\/60940"}],"wp:featuredmedia":[{"embeddable":true,"href":"https:\/\/www.animamacau.org\/pt-pt\/wp-json\/wp\/v2\/media\/56831"}],"wp:attachment":[{"href":"https:\/\/www.animamacau.org\/pt-pt\/wp-json\/wp\/v2\/media?parent=60937"}],"wp:term":[{"taxonomy":"category","embeddable":true,"href":"https:\/\/www.animamacau.org\/pt-pt\/wp-json\/wp\/v2\/categories?post=60937"},{"taxonomy":"post_tag","embeddable":true,"href":"https:\/\/www.animamacau.org\/pt-pt\/wp-json\/wp\/v2\/tags?post=60937"}],"curies":[{"name":"wp","href":"https:\/\/api.w.org\/{rel}","templated":true}]}}