{"id":62027,"date":"2017-08-17T02:38:04","date_gmt":"2017-08-17T02:38:04","guid":{"rendered":"http:\/\/animamacau.org\/\/sem-categoria\/anima-august-sad-news-886-dinael-2\/"},"modified":"2017-10-24T07:38:03","modified_gmt":"2017-10-24T07:38:03","slug":"anima-august-sad-news-886-dinael","status":"publish","type":"post","link":"https:\/\/www.animamacau.org\/pt-pt\/anima-august-sad-news-886-dinael\/","title":{"rendered":"Anima\u2013Not\u00edcias Tristes de Agosto (886-Dinael)!"},"content":{"rendered":"<p><strong>&lt;17-08-2017&gt;<\/strong><br \/>\n<span style=\"color: #0000ff\"><em><strong>886-Dinael (M), agora com cerca de sete anos de idade, foi resgatado pela Anima a 18 de Setembro de 2012 junto com a fam\u00edlia, um grupo de 25 c\u00e3es todos abandonados no Canil de Macau.<\/strong><\/em><\/span><br \/>\n<span style=\"color: #0000ff\"><em><strong>O dono n\u00e3o quis esteriliz\u00e1-los e deixou-os reproduzir descontroladamente.<\/strong><\/em><\/span><br \/>\n<span style=\"color: #0000ff\"><em><strong>Quando j\u00e1 n\u00e3o conseguiu tratar da situa\u00e7\u00e3o, apenas abandonou-os no Canil de Macau evitando a responsabilidade.<\/strong><\/em><\/span><br \/>\n<span style=\"color: #0000ff\"><em><strong>Na altura tinhamos espa\u00e7o e a Anima decidiu tomar conta de todos os 25 c\u00e3es!<\/strong><\/em><\/span><br \/>\n<span style=\"color: #ff0000\">886-Dinael ficou fraco e desidratado \u00e0 uma semana atr\u00e1s.<\/span><br \/>\n<span style=\"color: #ff0000\">Com um historial de poblemas cr\u00f3nicos de cora\u00e7\u00e3o, estava sob medica\u00e7\u00e3o.<\/span><br \/>\n<span style=\"color: #ff0000\">Foi colocado a soro, pois recusava comer.<\/span><br \/>\n<span style=\"color: #ff0000\">Infelizmente, 886-Dinael acabou por n\u00e3o resistir.<\/span><br \/>\n<span style=\"color: #0000ff\"><em><strong>Descansa em paz, meu amigo!<br \/>\n<\/strong><\/em><\/span><br \/>\n<em><strong>Por favor, ajude-nos a ajud\u00e1-los!<\/strong><\/em><br \/>\n<em><strong>Nunca abandone o seu animal de estima\u00e7\u00e3o! Abandonar um animal de estima\u00e7\u00e3o \u00e9 abandonar um membro da fam\u00edlia!<\/strong><\/em><\/p>\n<p>&nbsp;<\/p>\n<p>&nbsp;<br \/>\n<span style=\"color: #ff0000\"><em>Ajude-nos doando para:<\/em> <\/span><br \/>\n<strong><span style=\"color: #ff0000\">ANIMA \u2013 Sociedade Protectora dos Animais de Macau<\/span><\/strong><br \/>\n<span style=\"color: #ff0000\">para as seguintes contas:<\/span><br \/>\n<span style=\"color: #ff0000\"><span style=\"color: #0000ff\"><strong>Banco Nacional Ultramarino<\/strong><\/span>, MOP conta n\u00famero 9003472840<\/span><br \/>\n<span style=\"color: #ff0000\"><span style=\"color: #0000ff\"><strong>Banco da China<\/strong><\/span>, MOP conta n\u00famero 01-01-20-794318<\/span><br \/>\n<span style=\"color: #ff0000\"><span style=\"color: #0000ff\"><strong>ICBC<\/strong><\/span>, MOP conta n\u00famero 0119100200000960934<\/span><br \/>\n<span style=\"color: #ff0000\">(ICBC jetco, favor de n\u00e3o inserir os tr\u00eas primeiros d\u00edgitos)<\/span><br \/>\n<span style=\"color: #ff0000\"><span style=\"color: #0000ff\"><strong>Banco Tai Fung<\/strong><\/span>, MOP conta n\u00famero 201-1-10530-7<\/span><br \/>\n<span style=\"color: #ff0000\"><span style=\"color: #0000ff\"><strong>Banco Tai Fung<\/strong><\/span>, HKD conta n\u00famero 101-1-12983-3<\/span><br \/>\n<span style=\"color: #ff0000\"><em>e informe-nos da sua doa\u00e7\u00e3o para anima@macau.ctm.net ou info@animamacau.org<\/em><\/span><\/p>\n\n\t\t<style type=\"text\/css\">\n\t\t\t#gallery-2 {\n\t\t\t\tmargin: auto;\n\t\t\t}\n\t\t\t#gallery-2 .gallery-item {\n\t\t\t\tfloat: left;\n\t\t\t\tmargin-top: 10px;\n\t\t\t\ttext-align: center;\n\t\t\t\twidth: 33%;\n\t\t\t}\n\t\t\t#gallery-2 img {\n\t\t\t\tborder: 2px solid #cfcfcf;\n\t\t\t}\n\t\t\t#gallery-2 .gallery-caption {\n\t\t\t\tmargin-left: 0;\n\t\t\t}\n\t\t\t\/* see gallery_shortcode() in wp-includes\/media.php *\/\n\t\t<\/style>\n\t\t<div id='gallery-2' class='gallery galleryid-62027 gallery-columns-3 gallery-size-thumbnail'><dl class='gallery-item'>\n\t\t\t<dt class='gallery-icon landscape'>\n\t\t\t\t<a href='https:\/\/www.animamacau.org\/pt-pt\/anima-august-sad-news-886-dinael\/886-dinael-3\/'><img loading=\"lazy\" decoding=\"async\" width=\"150\" height=\"150\" src=\"https:\/\/www.animamacau.org\/wp-content\/uploads\/2017\/08\/886-Dinael-150x150.jpg\" class=\"attachment-thumbnail size-thumbnail\" alt=\"\" \/><\/a>\n\t\t\t<\/dt><\/dl><dl class='gallery-item'>\n\t\t\t<dt class='gallery-icon landscape'>\n\t\t\t\t<a href='https:\/\/www.animamacau.org\/pt-pt\/anima-july-sad-news-896-vivian\/25-dogs-5\/'><img loading=\"lazy\" decoding=\"async\" width=\"150\" height=\"150\" src=\"https:\/\/www.animamacau.org\/wp-content\/uploads\/2017\/07\/25-dogs-150x150.jpg\" class=\"attachment-thumbnail size-thumbnail\" alt=\"\" \/><\/a>\n\t\t\t<\/dt><\/dl><dl class='gallery-item'>\n\t\t\t<dt class='gallery-icon landscape'>\n\t\t\t\t<a href='https:\/\/www.animamacau.org\/pt-pt\/anima-july-sad-news-896-vivian\/25-dogs-3-3\/'><img loading=\"lazy\" decoding=\"async\" width=\"150\" height=\"150\" src=\"https:\/\/www.animamacau.org\/wp-content\/uploads\/2017\/07\/25-dogs-3-150x150.jpg\" class=\"attachment-thumbnail size-thumbnail\" alt=\"\" \/><\/a>\n\t\t\t<\/dt><\/dl><br style=\"clear: both\" \/><dl class='gallery-item'>\n\t\t\t<dt class='gallery-icon landscape'>\n\t\t\t\t<a href='https:\/\/www.animamacau.org\/pt-pt\/anima-july-sad-news-896-vivian\/25-dogs-2-3\/'><img loading=\"lazy\" decoding=\"async\" width=\"150\" height=\"150\" src=\"https:\/\/www.animamacau.org\/wp-content\/uploads\/2017\/07\/25-dogs-2-150x150.jpg\" class=\"attachment-thumbnail size-thumbnail\" alt=\"\" \/><\/a>\n\t\t\t<\/dt><\/dl>\n\t\t\t<br style='clear: both' \/>\n\t\t<\/div>\n\n","protected":false},"excerpt":{"rendered":"<p>&lt;17-08-2017&gt; 886-Dinael (M), agora com cerca de sete anos de idade, foi resgatado pela Anima a 18 de Setembro de 2012 junto com a fam\u00edlia, um grupo de 25 c\u00e3es todos abandonados no Canil de Macau. O dono n\u00e3o quis esteriliz\u00e1-los e deixou-os reproduzir descontroladamente. Quando j\u00e1 n\u00e3o conseguiu tratar da situa\u00e7\u00e3o, apenas abandonou-os no Canil de Macau evitando a responsabilidade. Na altura tinhamos espa\u00e7o e a Anima decidiu tomar conta de todos os 25 c\u00e3es! 886-Dinael ficou fraco e desidratado \u00e0 uma semana atr\u00e1s. Com um historial de poblemas cr\u00f3nicos de cora\u00e7\u00e3o, estava sob medica\u00e7\u00e3o. Foi colocado a soro, pois recusava comer. Infelizmente, 886-Dinael acabou por n\u00e3o resistir. Descansa em paz, meu amigo! Por favor, ajude-nos a ajud\u00e1-los! Nunca abandone o seu animal de estima\u00e7\u00e3o! Abandonar um animal de estima\u00e7\u00e3o \u00e9 abandonar um membro da fam\u00edlia! &nbsp; &nbsp; Ajude-nos doando para: ANIMA \u2013 Sociedade&#8230;<\/p>\n","protected":false},"author":10,"featured_media":59056,"comment_status":"closed","ping_status":"open","sticky":false,"template":"","format":"gallery","meta":{"_acf_changed":false,"footnotes":""},"categories":[280,271],"tags":[],"class_list":["post-62027","post","type-post","status-publish","format-gallery","has-post-thumbnail","hentry","category-falecidos","category-noticias","post_format-post-format-gallery"],"acf":[],"_links":{"self":[{"href":"https:\/\/www.animamacau.org\/pt-pt\/wp-json\/wp\/v2\/posts\/62027","targetHints":{"allow":["GET"]}}],"collection":[{"href":"https:\/\/www.animamacau.org\/pt-pt\/wp-json\/wp\/v2\/posts"}],"about":[{"href":"https:\/\/www.animamacau.org\/pt-pt\/wp-json\/wp\/v2\/types\/post"}],"author":[{"embeddable":true,"href":"https:\/\/www.animamacau.org\/pt-pt\/wp-json\/wp\/v2\/users\/10"}],"replies":[{"embeddable":true,"href":"https:\/\/www.animamacau.org\/pt-pt\/wp-json\/wp\/v2\/comments?post=62027"}],"version-history":[{"count":2,"href":"https:\/\/www.animamacau.org\/pt-pt\/wp-json\/wp\/v2\/posts\/62027\/revisions"}],"predecessor-version":[{"id":62032,"href":"https:\/\/www.animamacau.org\/pt-pt\/wp-json\/wp\/v2\/posts\/62027\/revisions\/62032"}],"wp:featuredmedia":[{"embeddable":true,"href":"https:\/\/www.animamacau.org\/pt-pt\/wp-json\/wp\/v2\/media\/59056"}],"wp:attachment":[{"href":"https:\/\/www.animamacau.org\/pt-pt\/wp-json\/wp\/v2\/media?parent=62027"}],"wp:term":[{"taxonomy":"category","embeddable":true,"href":"https:\/\/www.animamacau.org\/pt-pt\/wp-json\/wp\/v2\/categories?post=62027"},{"taxonomy":"post_tag","embeddable":true,"href":"https:\/\/www.animamacau.org\/pt-pt\/wp-json\/wp\/v2\/tags?post=62027"}],"curies":[{"name":"wp","href":"https:\/\/api.w.org\/{rel}","templated":true}]}}