{"id":62217,"date":"2017-08-21T02:33:01","date_gmt":"2017-08-21T02:33:01","guid":{"rendered":"http:\/\/animamacau.org\/\/sem-categoria\/associacao-geral-dos-moradores-de-macau-visited-us-2\/"},"modified":"2017-10-30T01:42:28","modified_gmt":"2017-10-30T01:42:28","slug":"associacao-geral-dos-moradores-de-macau-visited-us","status":"publish","type":"post","link":"https:\/\/www.animamacau.org\/pt-pt\/associacao-geral-dos-moradores-de-macau-visited-us\/","title":{"rendered":"Anima\u2013Geral das Associa\u00e7\u00f5es dos Moradores de Macau visitou-nos!"},"content":{"rendered":"<p><strong>&lt;21-08-2017&gt;<\/strong><br \/>\n<span style=\"color: #0000ff\"><em><strong>Hoje, 63 pessoas visitaram-nos, 15 e 11 das quais, respectivamente, pertenciam \u00e0 Geral das Associa\u00e7\u00f5es dos Moradores de Macau que vieram ao nosso Abrigo dos C\u00e3es e Para\u00edso dos Gatos!<\/strong> <\/em><\/span><br \/>\n<em><strong><span style=\"color: #0000ff\">Obrigado pelo vosso grande apoio!<\/span><\/strong><\/em><br \/>\n<span style=\"color: #333333\"><em><strong>A educa\u00e7\u00e3o \u00e9 a chave para a mudan\u00e7a do ambiente de crueldade contra os animais de estima\u00e7\u00e3o.<\/strong><\/em><\/span><br \/>\n<span style=\"color: #333333\"><em><strong>Os animais s\u00e3o para toda a vida.<\/strong><\/em><\/span><br \/>\n<span style=\"color: #ff0000\">Cada vez mais pessoas v\u00eam visitar a Anima!<\/span><br \/>\n<span style=\"color: #ff0000\">Em 2016 tivemos 7.519 visitantes, um aumento de 30,4% quando comparado com 5.768 em 2015.<\/span><br \/>\n<span style=\"color: #ff0000\">128 grupos de escolas, associa\u00e7\u00f5es, empresas e amigos visitaram-nos, contribuindo para um crescimento de 85,8 %!<\/span><br \/>\n<span style=\"color: #ff0000\">Este ano at\u00e9 Julho de 2017, a Anima recebeu 5.601 visitantes, um aumento de 33,8% face ao per\u00edodo hom\u00f3logo do ano anterior!<\/span><br \/>\n<span style=\"color: #ff0000\">83 grupos de escolas, associa\u00e7\u00f5es, empresas e amigos visitaram-nos, traduzindo um aumento de 29,7%.<\/span><br \/>\n<span style=\"color: #ff0000\">N\u00f3s estivemos presentes em 28 eventos organizados por amigos, ou por n\u00f3s, um aumento de 40%!<\/span><br \/>\n<span style=\"color: #0000ff\"><em><strong>Obrigado pela vossa confian\u00e7a e apoio ao nosso trabalho!<\/strong><\/em><\/span><\/p>\n<p>&nbsp;<\/p>\n<p>&nbsp;<\/p>\n<p><em><span style=\"color: #ff0000\">Ajude-nos doando para: <\/span><\/em><br \/>\n<strong><span style=\"color: #ff0000\">ANIMA \u2013 Sociedade Protectora dos Animais de Macau<\/span><\/strong><br \/>\n<span style=\"color: #ff0000\">para as seguintes contas:<\/span><br \/>\n<span style=\"color: #ff0000\"><span style=\"color: #0000ff\"><strong>Banco Nacional Ultramarino<\/strong><\/span>, MOP conta n\u00famero 9003472840<\/span><br \/>\n<span style=\"color: #ff0000\"><span style=\"color: #0000ff\"><strong>Banco da China<\/strong><\/span>, MOP conta n\u00famero 01-01-20-794318<\/span><br \/>\n<span style=\"color: #ff0000\"><span style=\"color: #0000ff\"><strong>ICBC<\/strong><\/span>, MOP conta n\u00famero 0119100200000960934<\/span><br \/>\n<span style=\"color: #ff0000\">(ICBC jetco, favor de n\u00e3o inserir os tr\u00eas primeiros d\u00edgitos)<\/span><br \/>\n<span style=\"color: #ff0000\"><span style=\"color: #0000ff\"><strong>Banco Tai Fung<\/strong><\/span>, MOP conta n\u00famero 201-1-10530-7<\/span><br \/>\n<span style=\"color: #ff0000\"><span style=\"color: #0000ff\"><strong>Banco Tai Fung<\/strong><\/span>, HKD conta n\u00famero 101-1-12983-3<\/span><br \/>\n<em><span style=\"color: #ff0000\">e informe-nos da sua doa\u00e7\u00e3o para anima@macau.ctm.net ou info@animamacau.org<\/span><\/em><\/p>\n\n\t\t<style type=\"text\/css\">\n\t\t\t#gallery-2 {\n\t\t\t\tmargin: auto;\n\t\t\t}\n\t\t\t#gallery-2 .gallery-item {\n\t\t\t\tfloat: left;\n\t\t\t\tmargin-top: 10px;\n\t\t\t\ttext-align: center;\n\t\t\t\twidth: 33%;\n\t\t\t}\n\t\t\t#gallery-2 img {\n\t\t\t\tborder: 2px solid #cfcfcf;\n\t\t\t}\n\t\t\t#gallery-2 .gallery-caption {\n\t\t\t\tmargin-left: 0;\n\t\t\t}\n\t\t\t\/* see gallery_shortcode() in wp-includes\/media.php *\/\n\t\t<\/style>\n\t\t<div id='gallery-2' class='gallery galleryid-62217 gallery-columns-3 gallery-size-thumbnail'><dl class='gallery-item'>\n\t\t\t<dt class='gallery-icon landscape'>\n\t\t\t\t<a href='https:\/\/www.animamacau.org\/pt-pt\/associacao-geral-dos-moradores-de-macau-visited-us\/gamm-21-08-2017-13\/'><img loading=\"lazy\" decoding=\"async\" width=\"150\" height=\"150\" src=\"https:\/\/www.animamacau.org\/wp-content\/uploads\/2017\/08\/GAMM-21-08-2017-150x150.jpg\" class=\"attachment-thumbnail size-thumbnail\" alt=\"\" \/><\/a>\n\t\t\t<\/dt><\/dl><dl class='gallery-item'>\n\t\t\t<dt class='gallery-icon landscape'>\n\t\t\t\t<a href='https:\/\/www.animamacau.org\/pt-pt\/associacao-geral-dos-moradores-de-macau-visited-us\/gamm-21-08-2017-10-3\/'><img loading=\"lazy\" decoding=\"async\" width=\"150\" height=\"150\" src=\"https:\/\/www.animamacau.org\/wp-content\/uploads\/2017\/08\/GAMM-21-08-2017-10-150x150.jpg\" class=\"attachment-thumbnail size-thumbnail\" alt=\"\" \/><\/a>\n\t\t\t<\/dt><\/dl><dl class='gallery-item'>\n\t\t\t<dt class='gallery-icon landscape'>\n\t\t\t\t<a href='https:\/\/www.animamacau.org\/pt-pt\/associacao-geral-dos-moradores-de-macau-visited-us\/gamm-21-08-2017-9-3\/'><img loading=\"lazy\" decoding=\"async\" width=\"150\" height=\"150\" src=\"https:\/\/www.animamacau.org\/wp-content\/uploads\/2017\/08\/GAMM-21-08-2017-9-150x150.jpg\" class=\"attachment-thumbnail size-thumbnail\" alt=\"\" \/><\/a>\n\t\t\t<\/dt><\/dl><br style=\"clear: both\" \/><dl class='gallery-item'>\n\t\t\t<dt class='gallery-icon landscape'>\n\t\t\t\t<a href='https:\/\/www.animamacau.org\/pt-pt\/associacao-geral-dos-moradores-de-macau-visited-us\/gamm-21-08-2017-8-3\/'><img loading=\"lazy\" decoding=\"async\" width=\"150\" height=\"150\" src=\"https:\/\/www.animamacau.org\/wp-content\/uploads\/2017\/08\/GAMM-21-08-2017-8-150x150.jpg\" class=\"attachment-thumbnail size-thumbnail\" alt=\"\" \/><\/a>\n\t\t\t<\/dt><\/dl><dl class='gallery-item'>\n\t\t\t<dt class='gallery-icon landscape'>\n\t\t\t\t<a href='https:\/\/www.animamacau.org\/pt-pt\/associacao-geral-dos-moradores-de-macau-visited-us\/gamm-21-08-2017-7-3\/'><img loading=\"lazy\" decoding=\"async\" width=\"150\" height=\"150\" src=\"https:\/\/www.animamacau.org\/wp-content\/uploads\/2017\/08\/GAMM-21-08-2017-7-150x150.jpg\" class=\"attachment-thumbnail size-thumbnail\" alt=\"\" \/><\/a>\n\t\t\t<\/dt><\/dl><dl class='gallery-item'>\n\t\t\t<dt class='gallery-icon landscape'>\n\t\t\t\t<a href='https:\/\/www.animamacau.org\/pt-pt\/associacao-geral-dos-moradores-de-macau-visited-us\/gamm-21-08-2017-6-3\/'><img loading=\"lazy\" decoding=\"async\" width=\"150\" height=\"150\" src=\"https:\/\/www.animamacau.org\/wp-content\/uploads\/2017\/08\/GAMM-21-08-2017-6-150x150.jpg\" class=\"attachment-thumbnail size-thumbnail\" alt=\"\" \/><\/a>\n\t\t\t<\/dt><\/dl><br style=\"clear: both\" \/><dl class='gallery-item'>\n\t\t\t<dt class='gallery-icon landscape'>\n\t\t\t\t<a href='https:\/\/www.animamacau.org\/pt-pt\/associacao-geral-dos-moradores-de-macau-visited-us\/gamm-21-08-2017-5-3\/'><img loading=\"lazy\" decoding=\"async\" width=\"150\" height=\"150\" src=\"https:\/\/www.animamacau.org\/wp-content\/uploads\/2017\/08\/GAMM-21-08-2017-5-150x150.jpg\" class=\"attachment-thumbnail size-thumbnail\" alt=\"\" \/><\/a>\n\t\t\t<\/dt><\/dl><dl class='gallery-item'>\n\t\t\t<dt class='gallery-icon landscape'>\n\t\t\t\t<a href='https:\/\/www.animamacau.org\/pt-pt\/associacao-geral-dos-moradores-de-macau-visited-us\/gamm-21-08-2017-4-3\/'><img loading=\"lazy\" decoding=\"async\" width=\"150\" height=\"150\" src=\"https:\/\/www.animamacau.org\/wp-content\/uploads\/2017\/08\/GAMM-21-08-2017-4-150x150.jpg\" class=\"attachment-thumbnail size-thumbnail\" alt=\"\" \/><\/a>\n\t\t\t<\/dt><\/dl><dl class='gallery-item'>\n\t\t\t<dt class='gallery-icon landscape'>\n\t\t\t\t<a href='https:\/\/www.animamacau.org\/pt-pt\/associacao-geral-dos-moradores-de-macau-visited-us\/gamm-21-08-2017-3-3\/'><img loading=\"lazy\" decoding=\"async\" width=\"150\" height=\"150\" src=\"https:\/\/www.animamacau.org\/wp-content\/uploads\/2017\/08\/GAMM-21-08-2017-3-150x150.jpg\" class=\"attachment-thumbnail size-thumbnail\" alt=\"\" \/><\/a>\n\t\t\t<\/dt><\/dl><br style=\"clear: both\" \/><dl class='gallery-item'>\n\t\t\t<dt class='gallery-icon landscape'>\n\t\t\t\t<a href='https:\/\/www.animamacau.org\/pt-pt\/associacao-geral-dos-moradores-de-macau-visited-us\/gamm-21-08-2017-2-3\/'><img loading=\"lazy\" decoding=\"async\" width=\"150\" height=\"150\" src=\"https:\/\/www.animamacau.org\/wp-content\/uploads\/2017\/08\/GAMM-21-08-2017-2-150x150.jpg\" class=\"attachment-thumbnail size-thumbnail\" alt=\"\" \/><\/a>\n\t\t\t<\/dt><\/dl>\n\t\t\t<br style='clear: both' \/>\n\t\t<\/div>\n\n<p><a href=\"http:\/\/animamacau.org\/\/wp-content\/uploads\/2017\/08\/GAMM-21-08-2017-11.jpg\"><img loading=\"lazy\" decoding=\"async\" class=\"alignnone size-large wp-image-59292\" src=\"http:\/\/animamacau.org\/\/wp-content\/uploads\/2017\/08\/GAMM-21-08-2017-11-768x1024.jpg\" alt=\"GAMM-21-08-2017 (11)\" width=\"768\" height=\"1024\" srcset=\"https:\/\/www.animamacau.org\/wp-content\/uploads\/2017\/08\/GAMM-21-08-2017-11-768x1024.jpg 768w, https:\/\/www.animamacau.org\/wp-content\/uploads\/2017\/08\/GAMM-21-08-2017-11-225x300.jpg 225w, https:\/\/www.animamacau.org\/wp-content\/uploads\/2017\/08\/GAMM-21-08-2017-11.jpg 960w\" sizes=\"auto, (max-width: 768px) 100vw, 768px\" \/><\/a><\/p>\n","protected":false},"excerpt":{"rendered":"<p>&lt;21-08-2017&gt; Hoje, 63 pessoas visitaram-nos, 15 e 11 das quais, respectivamente, pertenciam \u00e0 Geral das Associa\u00e7\u00f5es dos Moradores de Macau que vieram ao nosso Abrigo dos C\u00e3es e Para\u00edso dos Gatos! Obrigado pelo vosso grande apoio! A educa\u00e7\u00e3o \u00e9 a chave para a mudan\u00e7a do ambiente de crueldade contra os animais de estima\u00e7\u00e3o. Os animais s\u00e3o para toda a vida. Cada vez mais pessoas v\u00eam visitar a Anima! Em 2016 tivemos 7.519 visitantes, um aumento de 30,4% quando comparado com 5.768 em 2015. 128 grupos de escolas, associa\u00e7\u00f5es, empresas e amigos visitaram-nos, contribuindo para um crescimento de 85,8 %! Este ano at\u00e9 Julho de 2017, a Anima recebeu 5.601 visitantes, um aumento de 33,8% face ao per\u00edodo hom\u00f3logo do ano anterior! 83 grupos de escolas, associa\u00e7\u00f5es, empresas e amigos visitaram-nos, traduzindo um aumento de 29,7%. N\u00f3s estivemos presentes em 28 eventos organizados por amigos, ou&#8230;<\/p>\n","protected":false},"author":10,"featured_media":59297,"comment_status":"closed","ping_status":"open","sticky":false,"template":"","format":"gallery","meta":{"_acf_changed":false,"footnotes":""},"categories":[293,271],"tags":[],"class_list":["post-62217","post","type-post","status-publish","format-gallery","has-post-thumbnail","hentry","category-nossos-visitantes","category-noticias","post_format-post-format-gallery"],"acf":[],"_links":{"self":[{"href":"https:\/\/www.animamacau.org\/pt-pt\/wp-json\/wp\/v2\/posts\/62217","targetHints":{"allow":["GET"]}}],"collection":[{"href":"https:\/\/www.animamacau.org\/pt-pt\/wp-json\/wp\/v2\/posts"}],"about":[{"href":"https:\/\/www.animamacau.org\/pt-pt\/wp-json\/wp\/v2\/types\/post"}],"author":[{"embeddable":true,"href":"https:\/\/www.animamacau.org\/pt-pt\/wp-json\/wp\/v2\/users\/10"}],"replies":[{"embeddable":true,"href":"https:\/\/www.animamacau.org\/pt-pt\/wp-json\/wp\/v2\/comments?post=62217"}],"version-history":[{"count":2,"href":"https:\/\/www.animamacau.org\/pt-pt\/wp-json\/wp\/v2\/posts\/62217\/revisions"}],"predecessor-version":[{"id":62219,"href":"https:\/\/www.animamacau.org\/pt-pt\/wp-json\/wp\/v2\/posts\/62217\/revisions\/62219"}],"wp:featuredmedia":[{"embeddable":true,"href":"https:\/\/www.animamacau.org\/pt-pt\/wp-json\/wp\/v2\/media\/59297"}],"wp:attachment":[{"href":"https:\/\/www.animamacau.org\/pt-pt\/wp-json\/wp\/v2\/media?parent=62217"}],"wp:term":[{"taxonomy":"category","embeddable":true,"href":"https:\/\/www.animamacau.org\/pt-pt\/wp-json\/wp\/v2\/categories?post=62217"},{"taxonomy":"post_tag","embeddable":true,"href":"https:\/\/www.animamacau.org\/pt-pt\/wp-json\/wp\/v2\/tags?post=62217"}],"curies":[{"name":"wp","href":"https:\/\/api.w.org\/{rel}","templated":true}]}}