{"id":62610,"date":"2017-09-05T06:25:50","date_gmt":"2017-09-05T06:25:50","guid":{"rendered":"http:\/\/animamacau.org\/\/sem-categoria\/anima-september-rescue-sppc1244-jeff-2\/"},"modified":"2017-11-04T01:52:57","modified_gmt":"2017-11-04T01:52:57","slug":"anima-september-rescue-sppc1244-jeff","status":"publish","type":"post","link":"https:\/\/www.animamacau.org\/pt-pt\/anima-september-rescue-sppc1244-jeff\/","title":{"rendered":"Anima\u2013Resgate de Setembro (SPPC1244-Jeff)!"},"content":{"rendered":"<p><strong>&lt;05-09-2017&gt;<\/strong><br \/>\n<span style=\"color: #0000ff\"><strong><em>SPPC1244-Jeff (M), na altura com cerca de tr\u00eas meses de idade, ficou sob o nosso Programa de Protec\u00e7\u00e3o Especial e foi resgatado pela Anima a 27 de Julho de 2016, ap\u00f3s uma chamada da Michele, dizendo que SPPC1244-Jeff precisava de cuidados m\u00e9dicos.<\/em><\/strong><\/span><br \/>\n<span style=\"color: #ff0000\">SPPC1244-Jeff foi trazido de volta para a Anima a 6 de Abril de 2017 e 19 de Julho de 2017 face a gengivite.<\/span><br \/>\n<span style=\"color: #ff0000\">Hoje, Jeff voltou \u00e0 Anima pois encontrava-se desidratado e fraco.<\/span><br \/>\n<span style=\"color: #ff0000\">A gengivite estava a piorar e impedindo-o de comer, com dores.<\/span><br \/>\n<span style=\"color: #ff0000\">Jeff fica connosco sob tratamento por agora.<\/span><br \/>\n<span style=\"color: #0000ff\"><em><strong>Obrigada, Michele!<br \/>\n<\/strong><\/em><\/span><br \/>\n<em><strong>Por favor, ajude-nos a ajud\u00e1-los!<\/strong><\/em><br \/>\n<em><strong>Nunca abandone o seu animal de estima\u00e7\u00e3o! Abandonar um animal de estima\u00e7\u00e3o devia ser crime!<\/strong><\/em><\/p>\n<p>&nbsp;<\/p>\n<p>&nbsp;<\/p>\n<p><span style=\"color: #ff0000\"><em>Ajude-nos doando para:<\/em> <\/span><br \/>\n<strong><span style=\"color: #ff0000\">ANIMA \u2013 Sociedade Protectora dos Animais de Macau<\/span><\/strong><br \/>\n<span style=\"color: #ff0000\">para as seguintes contas:<\/span><br \/>\n<span style=\"color: #ff0000\"><span style=\"color: #0000ff\"><strong>Banco Nacional Ultramarino<\/strong><\/span>, MOP conta n\u00famero 9003472840<\/span><br \/>\n<span style=\"color: #ff0000\"><span style=\"color: #0000ff\"><strong>Banco da China<\/strong><\/span>, MOP conta n\u00famero 01-01-20-794318<\/span><br \/>\n<span style=\"color: #ff0000\"><span style=\"color: #0000ff\"><strong>ICBC<\/strong><\/span>, MOP conta n\u00famero 0119100200000960934<\/span><br \/>\n<span style=\"color: #ff0000\">(ICBC jetco, favor de n\u00e3o inserir os tr\u00eas primeiros d\u00edgitos)<\/span><br \/>\n<span style=\"color: #ff0000\"><span style=\"color: #0000ff\"><strong>Banco Tai Fung<\/strong><\/span>, MOP conta n\u00famero 201-1-10530-7<\/span><br \/>\n<span style=\"color: #ff0000\"><span style=\"color: #0000ff\"><strong>Banco Tai Fung<\/strong><\/span>, HKD conta n\u00famero 101-1-12983-3<\/span><br \/>\n<em><span style=\"color: #ff0000\">e informe-nos da sua doa\u00e7\u00e3o para anima@macau.ctm.net ou info@animamacau.org<\/span><\/em><\/p>\n","protected":false},"excerpt":{"rendered":"<p>&lt;05-09-2017&gt; SPPC1244-Jeff (M), na altura com cerca de tr\u00eas meses de idade, ficou sob o nosso Programa de Protec\u00e7\u00e3o Especial e foi resgatado pela Anima a 27 de Julho de 2016, ap\u00f3s uma chamada da Michele, dizendo que SPPC1244-Jeff precisava de cuidados m\u00e9dicos. SPPC1244-Jeff foi trazido de volta para a Anima a 6 de Abril de 2017 e 19 de Julho de 2017 face a gengivite. Hoje, Jeff voltou \u00e0 Anima pois encontrava-se desidratado e fraco. A gengivite estava a piorar e impedindo-o de comer, com dores. Jeff fica connosco sob tratamento por agora. Obrigada, Michele! Por favor, ajude-nos a ajud\u00e1-los! Nunca abandone o seu animal de estima\u00e7\u00e3o! Abandonar um animal de estima\u00e7\u00e3o devia ser crime! &nbsp; &nbsp; Ajude-nos doando para: ANIMA \u2013 Sociedade Protectora dos Animais de Macau para as seguintes contas: Banco Nacional Ultramarino, MOP conta n\u00famero 9003472840 Banco da China, MOP conta&#8230;<\/p>\n","protected":false},"author":10,"featured_media":51363,"comment_status":"closed","ping_status":"open","sticky":false,"template":"","format":"standard","meta":{"_acf_changed":false,"footnotes":""},"categories":[302,295,271],"tags":[],"class_list":["post-62610","post","type-post","status-publish","format-standard","has-post-thumbnail","hentry","category-alojamento-temporario","category-animais-resgatados","category-noticias"],"acf":[],"_links":{"self":[{"href":"https:\/\/www.animamacau.org\/pt-pt\/wp-json\/wp\/v2\/posts\/62610","targetHints":{"allow":["GET"]}}],"collection":[{"href":"https:\/\/www.animamacau.org\/pt-pt\/wp-json\/wp\/v2\/posts"}],"about":[{"href":"https:\/\/www.animamacau.org\/pt-pt\/wp-json\/wp\/v2\/types\/post"}],"author":[{"embeddable":true,"href":"https:\/\/www.animamacau.org\/pt-pt\/wp-json\/wp\/v2\/users\/10"}],"replies":[{"embeddable":true,"href":"https:\/\/www.animamacau.org\/pt-pt\/wp-json\/wp\/v2\/comments?post=62610"}],"version-history":[{"count":2,"href":"https:\/\/www.animamacau.org\/pt-pt\/wp-json\/wp\/v2\/posts\/62610\/revisions"}],"predecessor-version":[{"id":62612,"href":"https:\/\/www.animamacau.org\/pt-pt\/wp-json\/wp\/v2\/posts\/62610\/revisions\/62612"}],"wp:featuredmedia":[{"embeddable":true,"href":"https:\/\/www.animamacau.org\/pt-pt\/wp-json\/wp\/v2\/media\/51363"}],"wp:attachment":[{"href":"https:\/\/www.animamacau.org\/pt-pt\/wp-json\/wp\/v2\/media?parent=62610"}],"wp:term":[{"taxonomy":"category","embeddable":true,"href":"https:\/\/www.animamacau.org\/pt-pt\/wp-json\/wp\/v2\/categories?post=62610"},{"taxonomy":"post_tag","embeddable":true,"href":"https:\/\/www.animamacau.org\/pt-pt\/wp-json\/wp\/v2\/tags?post=62610"}],"curies":[{"name":"wp","href":"https:\/\/api.w.org\/{rel}","templated":true}]}}