{"id":62689,"date":"2017-09-08T08:14:42","date_gmt":"2017-09-08T08:14:42","guid":{"rendered":"http:\/\/animamacau.org\/\/sem-categoria\/anima-information-about-spp1925-stefan-3-2\/"},"modified":"2017-11-04T09:54:22","modified_gmt":"2017-11-04T09:54:22","slug":"anima-information-about-spp1925-stefan-3","status":"publish","type":"post","link":"https:\/\/www.animamacau.org\/pt-pt\/anima-information-about-spp1925-stefan-3\/","title":{"rendered":"Anima\u2013 Informa\u00e7\u00e3o sobre o SPP1925-Stefan (3)!"},"content":{"rendered":"<p><strong>&lt;08-09-2017&gt;<\/strong><br \/>\n<span style=\"color: #0000ff\"><em><strong>SPP1925-Stefan (M), com cerca de tr\u00eas anos de idade, agora sob o nosso Programa de Protec\u00e7\u00e3o Especial, foi resgatado pela Anima a 4 de Setembro de 2017, ap\u00f3s uma chamada da Sra. Hoi dizendo que um c\u00e3o foi atropelado por um carro.<\/strong><\/em><\/span><br \/>\n<span style=\"color: #ff0000\">SPP1925-Stefan ficou paralizado, pois a coluna vertebral estava partida.<\/span><br \/>\n<span style=\"color: #0000ff\"><em><strong>Ap\u00f3s v\u00e1rias opini\u00f5es veterin\u00e1rias, a \u00faltima recomenda\u00e7\u00e3o a fazer ao inv\u00e9s de uma cirurgia foi recorrer a fisioterapia.<\/strong><\/em><\/span><br \/>\n<span style=\"color: #ff0000\">Felizmente a nossa amiga, Sra. Janny Vong aceitou tomar conta dele e assumir a responsabilidade do tratamento.<\/span><br \/>\n<span style=\"color: #ff0000\">A Anima pagar\u00e1 as contas at\u00e9 segunda-feira e a partir da\u00ed, est\u00e1 j\u00e1 em vigor uma Campanha de Ajuda ao Stefan!<\/span><br \/>\n<em><strong><span style=\"color: #0000ff\">A Campanha da Anima para ajudar o Stefan ir\u00e1 terminar no fim deste m\u00eas.<\/span><\/strong><\/em><br \/>\n<span style=\"color: #ff0000\">Todos os fundos ser\u00e3o transferidos para a conta de Janny Vong no final de Setembro.<\/span><\/p>\n<p><em><strong><span style=\"color: #0000ff\">Estes s\u00e3o os nossos doadores at\u00e9 hoje:<\/span><\/strong><\/em><br \/>\n<em><span style=\"color: #0000ff\"><strong>Albano Martins<\/strong><\/span><\/em><span style=\"color: #ff0000\">&#8211; MOP 10,000.00<\/span><br \/>\n<span style=\"color: #0000ff\"><em><strong>Tam Pui I<\/strong><\/em><\/span><span style=\"color: #ff0000\">-Mop 200.00<\/span><\/p>\n<p>&nbsp;<br \/>\n<span style=\"color: #0000ff\"><em><strong>Se fizer o donativo para o Stefan, queira informar-nos e n\u00f3s faremos uma actualiza\u00e7\u00e3o na lista todas as semanas!<\/strong><\/em><\/span><\/p>\n<p><em><strong>Por favor, ajude-nos a ajud\u00e1-los!<\/strong><\/em><br \/>\n<em><strong>Nunca abandone o seu animal de estima\u00e7\u00e3o! Abandonar um animal de estima\u00e7\u00e3o devia ser crime!<\/strong><\/em><\/p>\n<p>&nbsp;<\/p>\n<p>&nbsp;<\/p>\n<p><span style=\"color: #ff0000\"><em>Ajude-nos doando para:<\/em> <\/span><br \/>\n<strong><span style=\"color: #ff0000\">ANIMA \u2013 Sociedade Protectora dos Animais de Macau<\/span><\/strong><br \/>\n<span style=\"color: #ff0000\">para as seguintes contas:<\/span><br \/>\n<span style=\"color: #ff0000\"><span style=\"color: #0000ff\"><strong>Banco Nacional Ultramarino<\/strong><\/span>, MOP conta n\u00famero 9003472840<\/span><br \/>\n<span style=\"color: #ff0000\"><span style=\"color: #0000ff\"><strong>Banco da China<\/strong><\/span>, MOP conta n\u00famero 01-01-20-794318<\/span><br \/>\n<span style=\"color: #ff0000\"><span style=\"color: #0000ff\"><strong>ICBC<\/strong><\/span>, MOP conta n\u00famero 0119100200000960934<\/span><br \/>\n<span style=\"color: #ff0000\">(ICBC jetco, favor de n\u00e3o inserir os tr\u00eas primeiros d\u00edgitos)<\/span><br \/>\n<span style=\"color: #ff0000\"><span style=\"color: #0000ff\"><strong>Banco Tai Fung<\/strong><\/span>, MOP conta n\u00famero 201-1-10530-7<\/span><br \/>\n<span style=\"color: #ff0000\"><span style=\"color: #0000ff\"><strong>Banco Tai Fung<\/strong><\/span>, HKD conta n\u00famero 101-1-12983-3<\/span><br \/>\n<em><span style=\"color: #ff0000\">e informe-nos da sua doa\u00e7\u00e3o para anima@macau.ctm.net ou info@animamacau.org<\/span><\/em><\/p>\n","protected":false},"excerpt":{"rendered":"<p>&lt;08-09-2017&gt; SPP1925-Stefan (M), com cerca de tr\u00eas anos de idade, agora sob o nosso Programa de Protec\u00e7\u00e3o Especial, foi resgatado pela Anima a 4 de Setembro de 2017, ap\u00f3s uma chamada da Sra. Hoi dizendo que um c\u00e3o foi atropelado por um carro. SPP1925-Stefan ficou paralizado, pois a coluna vertebral estava partida. Ap\u00f3s v\u00e1rias opini\u00f5es veterin\u00e1rias, a \u00faltima recomenda\u00e7\u00e3o a fazer ao inv\u00e9s de uma cirurgia foi recorrer a fisioterapia. Felizmente a nossa amiga, Sra. Janny Vong aceitou tomar conta dele e assumir a responsabilidade do tratamento. A Anima pagar\u00e1 as contas at\u00e9 segunda-feira e a partir da\u00ed, est\u00e1 j\u00e1 em vigor uma Campanha de Ajuda ao Stefan! A Campanha da Anima para ajudar o Stefan ir\u00e1 terminar no fim deste m\u00eas. Todos os fundos ser\u00e3o transferidos para a conta de Janny Vong no final de Setembro. Estes s\u00e3o os nossos doadores at\u00e9 hoje: Albano&#8230;<\/p>\n","protected":false},"author":14,"featured_media":59851,"comment_status":"closed","ping_status":"open","sticky":false,"template":"","format":"standard","meta":{"_acf_changed":false,"footnotes":""},"categories":[267,265,285,271],"tags":[],"class_list":["post-62689","post","type-post","status-publish","format-standard","has-post-thumbnail","hentry","category-campanhas","category-eventos","category-informacao-animais","category-noticias"],"acf":[],"_links":{"self":[{"href":"https:\/\/www.animamacau.org\/pt-pt\/wp-json\/wp\/v2\/posts\/62689","targetHints":{"allow":["GET"]}}],"collection":[{"href":"https:\/\/www.animamacau.org\/pt-pt\/wp-json\/wp\/v2\/posts"}],"about":[{"href":"https:\/\/www.animamacau.org\/pt-pt\/wp-json\/wp\/v2\/types\/post"}],"author":[{"embeddable":true,"href":"https:\/\/www.animamacau.org\/pt-pt\/wp-json\/wp\/v2\/users\/14"}],"replies":[{"embeddable":true,"href":"https:\/\/www.animamacau.org\/pt-pt\/wp-json\/wp\/v2\/comments?post=62689"}],"version-history":[{"count":2,"href":"https:\/\/www.animamacau.org\/pt-pt\/wp-json\/wp\/v2\/posts\/62689\/revisions"}],"predecessor-version":[{"id":62691,"href":"https:\/\/www.animamacau.org\/pt-pt\/wp-json\/wp\/v2\/posts\/62689\/revisions\/62691"}],"wp:featuredmedia":[{"embeddable":true,"href":"https:\/\/www.animamacau.org\/pt-pt\/wp-json\/wp\/v2\/media\/59851"}],"wp:attachment":[{"href":"https:\/\/www.animamacau.org\/pt-pt\/wp-json\/wp\/v2\/media?parent=62689"}],"wp:term":[{"taxonomy":"category","embeddable":true,"href":"https:\/\/www.animamacau.org\/pt-pt\/wp-json\/wp\/v2\/categories?post=62689"},{"taxonomy":"post_tag","embeddable":true,"href":"https:\/\/www.animamacau.org\/pt-pt\/wp-json\/wp\/v2\/tags?post=62689"}],"curies":[{"name":"wp","href":"https:\/\/api.w.org\/{rel}","templated":true}]}}